{"id":42471,"date":"2021-12-19T04:40:15","date_gmt":"2021-12-19T04:40:15","guid":{"rendered":"https:\/\/www.bitacoracdmx.com\/?p=42471"},"modified":"2021-12-19T04:40:15","modified_gmt":"2021-12-19T04:40:15","slug":"jawy-mendez-estrena-su-nuevo-tema-la-idea","status":"publish","type":"post","link":"https:\/\/www.bitacoracdmx.com\/?p=42471","title":{"rendered":"JAWY MENDEZ estrena su nuevo tema \u201cLA IDEA\u201d."},"content":{"rendered":"<p>[fusion_builder_container hundred_percent=&#8221;no&#8221; equal_height_columns=&#8221;no&#8221; menu_anchor=&#8221;&#8221; hide_on_mobile=&#8221;small-visibility,medium-visibility,large-visibility&#8221; class=&#8221;&#8221; id=&#8221;&#8221; background_color=&#8221;&#8221; background_image=&#8221;&#8221; background_position=&#8221;center center&#8221; background_repeat=&#8221;no-repeat&#8221; fade=&#8221;no&#8221; background_parallax=&#8221;none&#8221; parallax_speed=&#8221;0.3&#8243; video_mp4=&#8221;&#8221; video_webm=&#8221;&#8221; video_ogv=&#8221;&#8221; video_url=&#8221;&#8221; video_aspect_ratio=&#8221;16:9&#8243; video_loop=&#8221;yes&#8221; video_mute=&#8221;yes&#8221; overlay_color=&#8221;&#8221; video_preview_image=&#8221;&#8221; border_size=&#8221;&#8221; border_color=&#8221;&#8221; border_style=&#8221;solid&#8221; padding_top=&#8221;&#8221; padding_bottom=&#8221;&#8221; padding_left=&#8221;&#8221; padding_right=&#8221;&#8221;][fusion_builder_row][fusion_builder_column type=&#8221;1_1&#8243; layout=&#8221;1_1&#8243; background_position=&#8221;left top&#8221; background_color=&#8221;&#8221; border_size=&#8221;&#8221; border_color=&#8221;&#8221; border_style=&#8221;solid&#8221; border_position=&#8221;all&#8221; spacing=&#8221;yes&#8221; background_image=&#8221;&#8221; background_repeat=&#8221;no-repeat&#8221; padding_top=&#8221;&#8221; padding_right=&#8221;&#8221; padding_bottom=&#8221;&#8221; padding_left=&#8221;&#8221; margin_top=&#8221;0px&#8221; margin_bottom=&#8221;0px&#8221; class=&#8221;&#8221; id=&#8221;&#8221; animation_type=&#8221;&#8221; animation_speed=&#8221;0.3&#8243; animation_direction=&#8221;left&#8221; hide_on_mobile=&#8221;small-visibility,medium-visibility,large-visibility&#8221; center_content=&#8221;no&#8221; last=&#8221;no&#8221; min_height=&#8221;&#8221; hover_type=&#8221;none&#8221; link=&#8221;&#8221;][fusion_text]<\/p>\n<p>REDACCI\u00d3N<\/p>\n<p><b><i>*La canci\u00f3n ya est\u00e1 disponible en todas las plataformas digitales<\/i><\/b><\/p>\n<p><b>Jawy M\u00e9ndez es ya un nombre labrado a base de ganas, empuje y mucha calidad. Su estrella est\u00e1 impregnada por \u00e9se halo que traen los grandes y aunque algunos medios aseguran que fue a ra\u00edz de su participaci\u00f3n en el reality de MTV \u201cAcapulco Shore\u201d que Jawy se hizo de una legi\u00f3n de fans incondicionales, esto no es as\u00ed, pues la parte art\u00edstica de Jawy que le ha dado para hacer giras en diversos pa\u00edses presentando su m\u00fasica, est\u00e1 centrada en el pop urbano y el perreo como una vena que ha explotado y que le ha ganado una base de fans incondicionales que lo siguen\u00a0 le celebran todo.<\/b><\/p>\n<p><b>De este modo Jawy Mendez lanza su m\u00e1s reciente sencillo titulado \u201cLa Idea\u201d, consecuencia del t\u00e9rmino de la relaci\u00f3n con su ex prometida, aunque el reggaetonero no ha dado ning\u00fan detalle, en su letra plasm\u00f3 todo lo que se deb\u00eda saber, el tema ya tiene muy buena aceptaci\u00f3n ante el p\u00fablico internacional. Jawy actualmente se encuentra luchando para ocupar un sitio como cantante en el g\u00e9nero urbano, convirti\u00e9ndose ya en relativamente poco tiempo en el artista mexicano m\u00e1s reconocido e importante del g\u00e9nero urbano en todo el continente, cuyo status pretende renovar con este lanzamiento, convertido ya de por s\u00ed es un influencer y cantante urbano internacional.<\/b><\/p>\n<p><b>Sus \u00faltimos sencillos como \u201cEEAA\u201d, \u201cTodav\u00eda\u201d, \u201cRebota\u201d y \u201cVuelves\u201d llegaron a diversas estaciones de radio a nivel internacional. Y es que sus temas se han convertido al paso del tiempo en el soundtrack de esta nueva generaci\u00f3n de j\u00f3venes mexicanos que ha recibido el g\u00e9nero urbano quiz\u00e1 con mayor pasi\u00f3n que en otros pa\u00edses. Pero no es eso lo que le ha llamado la atenci\u00f3n a Jawy, pues \u00e9l es un convencido de su gusto y de que \u00e9sta es una pasi\u00f3n que va m\u00e1s all\u00e1 de la moda, pues sus letras y su proyecto se trata de su sentir y de sus pensamientos.<\/b><\/p>\n<p><b>Fue precisamente cuando en otro programa de MTV llamado \u201cLip Sync M\u00e9xico\u201d, Jawy conoci\u00f3 a Nicky Jam donde la qu\u00edmica sali\u00f3 a relucir entre ambos y fue as\u00ed que decidi\u00f3 dar el gran salto de la televisi\u00f3n a la m\u00fasica. Despu\u00e9s de conversar con el int\u00e9rprete de \u201cHasta el amanecer\u201d, Jawy se prepar\u00f3 por un tiempo para poder lanzar su primer sencillo titulado \u201cPonte Pa\u2019 Mi\u201d, que sus fans recibieron muy bien pese a las fuertes cr\u00edticas por parte de los fans del g\u00e9nero, que lo acusaban de usurpar un g\u00e9nero nacido en pa\u00edses de donde surgen las estrellas del reggaet\u00f3n como lo son Colombia, Puerto Rico y Panam\u00e1. Pero los n\u00fameros calmaron las cr\u00edticas cuando de inmediato \u201cPonte Pa\u2019 Mi\u201d se coloc\u00f3 en el lugar 16 del top 100 de iTunes al d\u00eda siguiente de haberse dado a conocer y 110 mil reproducciones en Youtube en 48 horas, siendo el \u00fanico video de m\u00fasica urbana sonado en toda la cadena de MTV proveniente de un artista mexicano.<\/b><\/p>\n<p><b>Con una actitud de liderazgo, fuerza y una adicci\u00f3n a los deportes de contacto como el Futbol Americano y el Taekwondo, Jawy M\u00e9ndez es conocido por impactar con su estilo fresco, juvenil y \u00fanico que ha dejado plasmado en el programa de MTV \u201cAcapulco Shore\u201d. Esta combinaci\u00f3n lo ha convertido en uno de los favoritos de los fan\u00e1ticos. Su popularidad ha crecido por millones en sus redes sociales en un peque\u00f1o ej\u00e9rcito que se extiende desde M\u00e9xico hasta Colombia.<\/b><\/p>\n<p><b>La ilustre carrera de Jawy Mendez en el g\u00e9nero urbano no se ha labrado de la nada, pues ha compartido muchas cosas \u2013 no solo escenarios- por Centro y Sudam\u00e9rica con artistas como Nicky Jam. Arc\u00e1ngel, Cosculluela, Bryant Myers y Bad Bunny y con la salida de este nuevo sencillo \u201cLa Idea\u201d que su consolidaci\u00f3n en el circuito internacional del g\u00e9nero urbano es cosa de un tiempo breve.<\/b><\/p>\n<p>[\/fusion_text][fusion_imageframe image_id=&#8221;42472|medium&#8221; max_width=&#8221;&#8221; style_type=&#8221;&#8221; blur=&#8221;&#8221; stylecolor=&#8221;&#8221; hover_type=&#8221;none&#8221; bordersize=&#8221;&#8221; bordercolor=&#8221;&#8221; borderradius=&#8221;&#8221; align=&#8221;none&#8221; lightbox=&#8221;no&#8221; gallery_id=&#8221;&#8221; lightbox_image=&#8221;&#8221; lightbox_image_id=&#8221;&#8221; alt=&#8221;&#8221; link=&#8221;&#8221; linktarget=&#8221;_self&#8221; hide_on_mobile=&#8221;small-visibility,medium-visibility,large-visibility&#8221; class=&#8221;&#8221; id=&#8221;&#8221; animation_type=&#8221;&#8221; animation_direction=&#8221;left&#8221; animation_speed=&#8221;0.3&#8243; animation_offset=&#8221;&#8221;]https:\/\/www.bitacoracdmx.com\/wp-content\/uploads\/2021\/12\/JAWY-LA-IDEA-COVER-300&#215;300.jpg[\/fusion_imageframe][\/fusion_builder_column][\/fusion_builder_row][\/fusion_builder_container]<\/p>\n","protected":false},"excerpt":{"rendered":"<p>[fusion_builder_container hundred_percent=&#8221;no&#8221; equal_height_columns=&#8221;no&#8221; menu_anchor=&#8221;&#8221; hide_on_mobile=&#8221;small-visibility,medium-visibility,large-visibility&#8221; class=&#8221;&#8221; id=&#8221;&#8221; background_color=&#8221;&#8221; background_image=&#8221;&#8221; background_position=&#8221;center center&#8221; background_repeat=&#8221;no-repeat&#8221; fade=&#8221;no&#8221; background_parallax=&#8221;none&#8221; parallax_speed=&#8221;0.3&#8243; video_mp4=&#8221;&#8221; video_webm=&#8221;&#8221; video_ogv=&#8221;&#8221; video_url=&#8221;&#8221; video_aspect_ratio=&#8221;16:9&#8243; video_loop=&#8221;yes&#8221; video_mute=&#8221;yes&#8221; overlay_color=&#8221;&#8221; video_preview_image=&#8221;&#8221; border_size=&#8221;&#8221; border_color=&#8221;&#8221; border_style=&#8221;solid&#8221; padding_top=&#8221;&#8221; padding_bottom=&#8221;&#8221; padding_left=&#8221;&#8221; padding_right=&#8221;&#8221;][fusion_builder_row][fusion_builder_column type=&#8221;1_1&#8243; layout=&#8221;1_1&#8243; background_position=&#8221;left top&#8221; background_color=&#8221;&#8221; border_size=&#8221;&#8221; border_color=&#8221;&#8221; border_style=&#8221;solid&#8221; border_position=&#8221;all&#8221; spacing=&#8221;yes&#8221; background_image=&#8221;&#8221; background_repeat=&#8221;no-repeat&#8221; padding_top=&#8221;&#8221; padding_right=&#8221;&#8221; padding_bottom=&#8221;&#8221; padding_left=&#8221;&#8221; margin_top=&#8221;0px&#8221; margin_bottom=&#8221;0px&#8221; class=&#8221;&#8221; id=&#8221;&#8221; animation_type=&#8221;&#8221; animation_speed=&#8221;0.3&#8243; animation_direction=&#8221;left&#8221; hide_on_mobile=&#8221;small-visibility,medium-visibility,large-visibility&#8221; center_content=&#8221;no&#8221; last=&#8221;no&#8221; min_height=&#8221;&#8221; hover_type=&#8221;none&#8221; link=&#8221;&#8221;][fusion_text] REDACCI\u00d3N *La canci\u00f3n ya est\u00e1 disponible en todas las plataformas digitales Jawy M\u00e9ndez es ya un nombre labrado a base de ganas, empuje y mucha calidad. Su estrella est\u00e1 impregnada por \u00e9se halo que traen los grandes y aunque algunos [&hellip;]<\/p>\n","protected":false},"author":1,"featured_media":42472,"comment_status":"open","ping_status":"open","sticky":false,"template":"","format":"standard","meta":{"footnotes":""},"categories":[9,11],"tags":[],"_links":{"self":[{"href":"https:\/\/www.bitacoracdmx.com\/index.php?rest_route=\/wp\/v2\/posts\/42471"}],"collection":[{"href":"https:\/\/www.bitacoracdmx.com\/index.php?rest_route=\/wp\/v2\/posts"}],"about":[{"href":"https:\/\/www.bitacoracdmx.com\/index.php?rest_route=\/wp\/v2\/types\/post"}],"author":[{"embeddable":true,"href":"https:\/\/www.bitacoracdmx.com\/index.php?rest_route=\/wp\/v2\/users\/1"}],"replies":[{"embeddable":true,"href":"https:\/\/www.bitacoracdmx.com\/index.php?rest_route=%2Fwp%2Fv2%2Fcomments&post=42471"}],"version-history":[{"count":1,"href":"https:\/\/www.bitacoracdmx.com\/index.php?rest_route=\/wp\/v2\/posts\/42471\/revisions"}],"predecessor-version":[{"id":42473,"href":"https:\/\/www.bitacoracdmx.com\/index.php?rest_route=\/wp\/v2\/posts\/42471\/revisions\/42473"}],"wp:featuredmedia":[{"embeddable":true,"href":"https:\/\/www.bitacoracdmx.com\/index.php?rest_route=\/wp\/v2\/media\/42472"}],"wp:attachment":[{"href":"https:\/\/www.bitacoracdmx.com\/index.php?rest_route=%2Fwp%2Fv2%2Fmedia&parent=42471"}],"wp:term":[{"taxonomy":"category","embeddable":true,"href":"https:\/\/www.bitacoracdmx.com\/index.php?rest_route=%2Fwp%2Fv2%2Fcategories&post=42471"},{"taxonomy":"post_tag","embeddable":true,"href":"https:\/\/www.bitacoracdmx.com\/index.php?rest_route=%2Fwp%2Fv2%2Ftags&post=42471"}],"curies":[{"name":"wp","href":"https:\/\/api.w.org\/{rel}","templated":true}]}}