{"id":42474,"date":"2021-12-19T04:56:17","date_gmt":"2021-12-19T04:56:17","guid":{"rendered":"https:\/\/www.bitacoracdmx.com\/?p=42474"},"modified":"2021-12-19T04:56:17","modified_gmt":"2021-12-19T04:56:17","slug":"unesco-designa-al-pasillo-ecuatoriano-como-patrimonio-de-la-humanidad","status":"publish","type":"post","link":"https:\/\/www.bitacoracdmx.com\/?p=42474","title":{"rendered":"UNESCO designa al Pasillo Ecuatoriano como Patrimonio de la Humanidad."},"content":{"rendered":"<p>[fusion_builder_container hundred_percent=&#8221;no&#8221; equal_height_columns=&#8221;no&#8221; menu_anchor=&#8221;&#8221; hide_on_mobile=&#8221;small-visibility,medium-visibility,large-visibility&#8221; class=&#8221;&#8221; id=&#8221;&#8221; background_color=&#8221;&#8221; background_image=&#8221;&#8221; background_position=&#8221;center center&#8221; background_repeat=&#8221;no-repeat&#8221; fade=&#8221;no&#8221; background_parallax=&#8221;none&#8221; parallax_speed=&#8221;0.3&#8243; video_mp4=&#8221;&#8221; video_webm=&#8221;&#8221; video_ogv=&#8221;&#8221; video_url=&#8221;&#8221; video_aspect_ratio=&#8221;16:9&#8243; video_loop=&#8221;yes&#8221; video_mute=&#8221;yes&#8221; overlay_color=&#8221;&#8221; video_preview_image=&#8221;&#8221; border_size=&#8221;&#8221; border_color=&#8221;&#8221; border_style=&#8221;solid&#8221; padding_top=&#8221;&#8221; padding_bottom=&#8221;&#8221; padding_left=&#8221;&#8221; padding_right=&#8221;&#8221;][fusion_builder_row][fusion_builder_column type=&#8221;1_1&#8243; layout=&#8221;1_1&#8243; background_position=&#8221;left top&#8221; background_color=&#8221;&#8221; border_size=&#8221;&#8221; border_color=&#8221;&#8221; border_style=&#8221;solid&#8221; border_position=&#8221;all&#8221; spacing=&#8221;yes&#8221; background_image=&#8221;&#8221; background_repeat=&#8221;no-repeat&#8221; padding_top=&#8221;&#8221; padding_right=&#8221;&#8221; padding_bottom=&#8221;&#8221; padding_left=&#8221;&#8221; margin_top=&#8221;0px&#8221; margin_bottom=&#8221;0px&#8221; class=&#8221;&#8221; id=&#8221;&#8221; animation_type=&#8221;&#8221; animation_speed=&#8221;0.3&#8243; animation_direction=&#8221;left&#8221; hide_on_mobile=&#8221;small-visibility,medium-visibility,large-visibility&#8221; center_content=&#8221;no&#8221; last=&#8221;no&#8221; min_height=&#8221;&#8221; hover_type=&#8221;none&#8221; link=&#8221;&#8221;][fusion_text]<\/p>\n<p>REDACCI\u00d3N<\/p>\n<ul>\n<li><strong><em><span id=\"x_email_7\">Este ritmo originario de la \u00e9poca de independencia del siglo XIX representa el alma del pueblo ecuatoriano.<\/span><\/em><\/strong><\/li>\n<li><span id=\"x_email_8\"><strong><em><span id=\"x_email_9\">En Quito, capital del Ecuador, se encuentran emblem\u00e1ticos museos que cuentan la historia de este importante g\u00e9nero musical.<\/span><\/em><\/strong><\/span><\/li>\n<li><span id=\"x_email_10\"><strong><em><span id=\"x_email_11\">Guitarra, viol\u00edn, requinto, bandol\u00edn y piano son instrumentos que dan vida a esta m\u00fasica nacional.<\/span><\/em><\/strong><\/span><\/li>\n<\/ul>\n<p><span id=\"x_email_12\"><span id=\"x_email_14\">El pueblo ecuatoriano se viste de fiesta luego de que este martes 14 de diciembre la Organizaci\u00f3n de las Naciones Unidas para la Educaci\u00f3n, la Ciencia y la Cultura \u2013 UNESCO, designara al Pasillo Ecuatoriano como Patrimonio Cultural e Inmaterial de la Humanidad.<\/span><\/span><\/p>\n<p><span id=\"x_email_15\">Este anuncio se recibe con benepl\u00e1cito en todos los rincones del pa\u00eds suramericano, en especial en Quito, su capital, destino que alberga lugares emblem\u00e1ticos para el disfrute de este g\u00e9nero musical, adem\u00e1s de ser el epicentro de las reuniones m\u00e1s trascendentales de los artistas que facilitaron la expansi\u00f3n del Pasillo Ecuatoriano a nivel internacional.<\/span><\/p>\n<p><span id=\"x_email_16\">Lugares como La Ronda, son recordados como el punto de encuentro de m\u00fasicos y poetas durante la \u00e9poca colonial y republicana, quienes escribieron muchas de las canciones que hoy son los pasillos que han permito este reconocimiento mundial. Duetos como Ben\u00edtez &amp; Valencia, con artistas de la talla del Potolo Valencia y Carlota Jaramillo, entre otros exponentes del pasillo en Quito, permitieron con la llegada de las estaciones radiales que el g\u00e9nero se extendiera por Latinoam\u00e9rica.<\/span><\/p>\n<p><span id=\"x_email_17\">De acuerdo con la Oficina de Quito Turismo, en la Capital de la Centro del Mundo, los visitantes podr\u00e1n conocer el Museo del Pasillo, el cual abri\u00f3 sus puertas en el a\u00f1o 2018 como una iniciativa del Gobierno Nacional para realzar la historia de este g\u00e9nero y facilitar el intercambio de saberes con las nuevas generaciones, con el objetivo de que ni\u00f1os y j\u00f3venes puedan conocer, sentir y apropiarse de esta m\u00fasica que hace parte de la historia independentista del pa\u00eds.<\/span><\/p>\n<p><span id=\"x_email_18\">Otro emblem\u00e1tico lugar por visitar en Quito es la Casa Museo de Carlota Jaramillo, inaugurada como centro cultural en el a\u00f1o 2004 como homenaje a la reconocida \u201creina del pasillo\u201d. En este lugar se busca trasladar a los visitantes a la \u00e9poca del romanticismo, donde la m\u00fasica de cuerda alimentaba el alma del pueblo, en un recorrido por la trayectoria musical de la recordada artista mediante discos, fotograf\u00edas, pinturas, vestuario y otros invaluables objetos que forman parte de una exposici\u00f3n permanente.<\/span><\/p>\n<p><span id=\"x_email_19\"><strong><span id=\"x_email_20\">Para tener en cuenta<\/span><\/strong><\/span><\/p>\n<p><span id=\"x_email_21\">El Pasillo es un g\u00e9nero musical que naci\u00f3 en la Gran Colombia en el siglo XIX en la \u00e9poca de las guerras de independencia de Suram\u00e9rica, como resultado de una fusi\u00f3n entre diversos ritmos ind\u00edgenas como el yarav\u00ed y ritmos europeos como el vals y el bolero espa\u00f1ol. R\u00e1pidamente fue tomando fuerza en la Rep\u00fablica del Ecuador, convirti\u00e9ndose en la m\u00fasica nacional de mayor convocatoria, siendo parte de la identidad de los ecuatorianos. De la misma manera, el pasillo ecuatoriano es valorado como la semilla que dio origen a las manifestaciones sentimentales de la \u00e9poca pues es un poema que se canta, con una m\u00fasica llena de sentimiento que cautiva a quien la escucha.<\/span><\/p>\n<p><span id=\"x_email_22\">Cabe resaltar que la melod\u00eda de este g\u00e9nero se logra con la uni\u00f3n de instrumentos m\u00e1gicos como guitarra, viol\u00edn, requinto, bandol\u00edn y piano, junto a las inigualables voces de los artistas que inmortalizaron el pasillo en los corazones de los ecuatorianos.<\/span><\/p>\n<p><span id=\"x_email_23\">\u00a1Disfruta de la m\u00fasica y la cultura en Quito!<\/span><\/p>\n<p>[\/fusion_text][fusion_imageframe image_id=&#8221;42475|medium&#8221; max_width=&#8221;&#8221; style_type=&#8221;&#8221; blur=&#8221;&#8221; stylecolor=&#8221;&#8221; hover_type=&#8221;none&#8221; bordersize=&#8221;&#8221; bordercolor=&#8221;&#8221; borderradius=&#8221;&#8221; align=&#8221;none&#8221; lightbox=&#8221;no&#8221; gallery_id=&#8221;&#8221; lightbox_image=&#8221;&#8221; lightbox_image_id=&#8221;&#8221; alt=&#8221;&#8221; link=&#8221;&#8221; linktarget=&#8221;_self&#8221; hide_on_mobile=&#8221;small-visibility,medium-visibility,large-visibility&#8221; class=&#8221;&#8221; id=&#8221;&#8221; animation_type=&#8221;&#8221; animation_direction=&#8221;left&#8221; animation_speed=&#8221;0.3&#8243; animation_offset=&#8221;&#8221;]https:\/\/www.bitacoracdmx.com\/wp-content\/uploads\/2021\/12\/R-300&#215;200.jpg[\/fusion_imageframe][\/fusion_builder_column][\/fusion_builder_row][\/fusion_builder_container]<\/p>\n","protected":false},"excerpt":{"rendered":"<p>[fusion_builder_container hundred_percent=&#8221;no&#8221; equal_height_columns=&#8221;no&#8221; menu_anchor=&#8221;&#8221; hide_on_mobile=&#8221;small-visibility,medium-visibility,large-visibility&#8221; class=&#8221;&#8221; id=&#8221;&#8221; background_color=&#8221;&#8221; background_image=&#8221;&#8221; background_position=&#8221;center center&#8221; background_repeat=&#8221;no-repeat&#8221; fade=&#8221;no&#8221; background_parallax=&#8221;none&#8221; parallax_speed=&#8221;0.3&#8243; video_mp4=&#8221;&#8221; video_webm=&#8221;&#8221; video_ogv=&#8221;&#8221; video_url=&#8221;&#8221; video_aspect_ratio=&#8221;16:9&#8243; video_loop=&#8221;yes&#8221; video_mute=&#8221;yes&#8221; overlay_color=&#8221;&#8221; video_preview_image=&#8221;&#8221; border_size=&#8221;&#8221; border_color=&#8221;&#8221; border_style=&#8221;solid&#8221; padding_top=&#8221;&#8221; padding_bottom=&#8221;&#8221; padding_left=&#8221;&#8221; padding_right=&#8221;&#8221;][fusion_builder_row][fusion_builder_column type=&#8221;1_1&#8243; layout=&#8221;1_1&#8243; background_position=&#8221;left top&#8221; background_color=&#8221;&#8221; border_size=&#8221;&#8221; border_color=&#8221;&#8221; border_style=&#8221;solid&#8221; border_position=&#8221;all&#8221; spacing=&#8221;yes&#8221; background_image=&#8221;&#8221; background_repeat=&#8221;no-repeat&#8221; padding_top=&#8221;&#8221; padding_right=&#8221;&#8221; padding_bottom=&#8221;&#8221; padding_left=&#8221;&#8221; margin_top=&#8221;0px&#8221; margin_bottom=&#8221;0px&#8221; class=&#8221;&#8221; id=&#8221;&#8221; animation_type=&#8221;&#8221; animation_speed=&#8221;0.3&#8243; animation_direction=&#8221;left&#8221; hide_on_mobile=&#8221;small-visibility,medium-visibility,large-visibility&#8221; center_content=&#8221;no&#8221; last=&#8221;no&#8221; min_height=&#8221;&#8221; hover_type=&#8221;none&#8221; link=&#8221;&#8221;][fusion_text] REDACCI\u00d3N Este ritmo originario de la \u00e9poca de independencia del siglo XIX representa el alma del pueblo ecuatoriano. En Quito, capital del Ecuador, se encuentran emblem\u00e1ticos museos que cuentan la historia de este importante g\u00e9nero musical. Guitarra, viol\u00edn, requinto, bandol\u00edn [&hellip;]<\/p>\n","protected":false},"author":1,"featured_media":42475,"comment_status":"open","ping_status":"open","sticky":false,"template":"","format":"standard","meta":{"footnotes":""},"categories":[9,11],"tags":[],"_links":{"self":[{"href":"https:\/\/www.bitacoracdmx.com\/index.php?rest_route=\/wp\/v2\/posts\/42474"}],"collection":[{"href":"https:\/\/www.bitacoracdmx.com\/index.php?rest_route=\/wp\/v2\/posts"}],"about":[{"href":"https:\/\/www.bitacoracdmx.com\/index.php?rest_route=\/wp\/v2\/types\/post"}],"author":[{"embeddable":true,"href":"https:\/\/www.bitacoracdmx.com\/index.php?rest_route=\/wp\/v2\/users\/1"}],"replies":[{"embeddable":true,"href":"https:\/\/www.bitacoracdmx.com\/index.php?rest_route=%2Fwp%2Fv2%2Fcomments&post=42474"}],"version-history":[{"count":1,"href":"https:\/\/www.bitacoracdmx.com\/index.php?rest_route=\/wp\/v2\/posts\/42474\/revisions"}],"predecessor-version":[{"id":42476,"href":"https:\/\/www.bitacoracdmx.com\/index.php?rest_route=\/wp\/v2\/posts\/42474\/revisions\/42476"}],"wp:featuredmedia":[{"embeddable":true,"href":"https:\/\/www.bitacoracdmx.com\/index.php?rest_route=\/wp\/v2\/media\/42475"}],"wp:attachment":[{"href":"https:\/\/www.bitacoracdmx.com\/index.php?rest_route=%2Fwp%2Fv2%2Fmedia&parent=42474"}],"wp:term":[{"taxonomy":"category","embeddable":true,"href":"https:\/\/www.bitacoracdmx.com\/index.php?rest_route=%2Fwp%2Fv2%2Fcategories&post=42474"},{"taxonomy":"post_tag","embeddable":true,"href":"https:\/\/www.bitacoracdmx.com\/index.php?rest_route=%2Fwp%2Fv2%2Ftags&post=42474"}],"curies":[{"name":"wp","href":"https:\/\/api.w.org\/{rel}","templated":true}]}}