{"id":42477,"date":"2021-12-19T05:04:35","date_gmt":"2021-12-19T05:04:35","guid":{"rendered":"https:\/\/www.bitacoracdmx.com\/?p=42477"},"modified":"2021-12-19T05:04:35","modified_gmt":"2021-12-19T05:04:35","slug":"ofrecera-el-coro-gay-ciudad-de-mexico-y-artistas-invitados-el-concierto-decembrino-palabras-de-paz","status":"publish","type":"post","link":"https:\/\/www.bitacoracdmx.com\/?p=42477","title":{"rendered":"Ofrecer\u00e1 el Coro Gay Ciudad de M\u00e9xico y artistas invitados el concierto decembrino Palabras de Paz."},"content":{"rendered":"<p>[fusion_builder_container hundred_percent=&#8221;no&#8221; equal_height_columns=&#8221;no&#8221; menu_anchor=&#8221;&#8221; hide_on_mobile=&#8221;small-visibility,medium-visibility,large-visibility&#8221; class=&#8221;&#8221; id=&#8221;&#8221; background_color=&#8221;&#8221; background_image=&#8221;&#8221; background_position=&#8221;center center&#8221; background_repeat=&#8221;no-repeat&#8221; fade=&#8221;no&#8221; background_parallax=&#8221;none&#8221; parallax_speed=&#8221;0.3&#8243; video_mp4=&#8221;&#8221; video_webm=&#8221;&#8221; video_ogv=&#8221;&#8221; video_url=&#8221;&#8221; video_aspect_ratio=&#8221;16:9&#8243; video_loop=&#8221;yes&#8221; video_mute=&#8221;yes&#8221; overlay_color=&#8221;&#8221; video_preview_image=&#8221;&#8221; border_size=&#8221;&#8221; border_color=&#8221;&#8221; border_style=&#8221;solid&#8221; padding_top=&#8221;&#8221; padding_bottom=&#8221;&#8221; padding_left=&#8221;&#8221; padding_right=&#8221;&#8221;][fusion_builder_row][fusion_builder_column type=&#8221;1_1&#8243; layout=&#8221;1_1&#8243; background_position=&#8221;left top&#8221; background_color=&#8221;&#8221; border_size=&#8221;&#8221; border_color=&#8221;&#8221; border_style=&#8221;solid&#8221; border_position=&#8221;all&#8221; spacing=&#8221;yes&#8221; background_image=&#8221;&#8221; background_repeat=&#8221;no-repeat&#8221; padding_top=&#8221;&#8221; padding_right=&#8221;&#8221; padding_bottom=&#8221;&#8221; padding_left=&#8221;&#8221; margin_top=&#8221;0px&#8221; margin_bottom=&#8221;0px&#8221; class=&#8221;&#8221; id=&#8221;&#8221; animation_type=&#8221;&#8221; animation_speed=&#8221;0.3&#8243; animation_direction=&#8221;left&#8221; hide_on_mobile=&#8221;small-visibility,medium-visibility,large-visibility&#8221; center_content=&#8221;no&#8221; last=&#8221;no&#8221; min_height=&#8221;&#8221; hover_type=&#8221;none&#8221; link=&#8221;&#8221;][fusion_text]<\/p>\n<p>REDACCI\u00d3N<\/p>\n<p><span lang=\"ES-MX\">\u00b7 <\/span><b><span lang=\"ES-MX\">Las presentaciones se llevar\u00e1n a cabo los d\u00edas mi\u00e9rcoles 22 y jueves 23 de diciembre en el Teatro de la Ciudad Esperanza Iris<\/span><\/b><\/p>\n<p class=\"x_MsoNormal\"><span lang=\"ES-MX\">El\u00a0<b>Coro Gay Ciudad de M\u00e9xico<\/b>\u00a0se ha convertido en una de las agrupaciones art\u00edsticas m\u00e1s entra\u00f1ables de la capital del pa\u00eds. Sus or\u00edgenes se encuentran en 2013 cuando fue fundada por Carlos Arozamena. Desde marzo de 2018 se encuentra bajo la direcci\u00f3n art\u00edstica del cantante de \u00f3pera Antonio Azpiri.<\/span><\/p>\n<p class=\"x_MsoNormal\"><span lang=\"ES-MX\">La primera gran presentaci\u00f3n del Coro se llev\u00f3 a cabo en 2015 y fue un concierto decembrino. Desde entonces ha ofrecido m\u00e1s de 70 espect\u00e1culos con m\u00fasica y canto de los m\u00e1s diversos g\u00e9neros, desde canciones de Juan Gabriel, as\u00ed como m\u00fasica rock y las grandes comedias musicales, hasta la m\u00fasica cl\u00e1sica.<\/span><\/p>\n<p class=\"x_MsoNormal\"><span lang=\"ES-MX\">El\u00a0<b>Coro Gay Ciudad de M\u00e9xico<\/b>\u00a0regresa al escenario para ofrecer un especial concierto titulado\u00a0<b><i>Palabras de Paz<\/i><\/b>\u00a0los d\u00edas\u00a0<b>mi\u00e9rcoles 22 y jueves 23 de diciembre<\/b>\u00a0a las\u00a0<b>20:30 horas<\/b>\u00a0en el\u00a0<b>Teatro de la Ciudad Esperanza Iris.<\/b><\/span><\/p>\n<p class=\"x_MsoNormal\"><span lang=\"ES-MX\">Se interpretar\u00e1n temas ic\u00f3nicos dentro de la\u00a0<b>comunidad LGBT+<\/b>\u00a0para llevar \u201cun mensaje navide\u00f1o que ayude al p\u00fablico a reencontrarse con el esp\u00edritu, la esperanza, la paz y la solidaridad que caracterizan a los habitantes de la Ciudad de M\u00e9xico\u201d, afirma la producci\u00f3n.<\/span><\/p>\n<p class=\"x_MsoNormal\"><span lang=\"ES-MX\">El programa se ha conformado con algunos temas de corte pop que son parte de la personalidad del Coro y m\u00fasica tradicional decembrina de M\u00e9xico y el mundo. El espect\u00e1culo se complementar\u00e1 con un cuerpo de baile en el que integrantes del mismo coro har\u00e1n gala de sus habilidades multidisciplinarias.<\/span><\/p>\n<p class=\"x_MsoNormal\"><span lang=\"ES-MX\">Adem\u00e1s, se contar\u00e1 con la participaci\u00f3n de invitados como la banda de m\u00fasica El Monstruo son los Otros, el pianista Eduardo Vera y la compa\u00f1\u00eda de danza M\u00e9xico de Colores, as\u00ed como de integrantes de una orquesta sinf\u00f3nica, entre otras sorpresas, bajo la direcci\u00f3n de escena de Fernando G\u00f3mez y coreograf\u00eda de Alberto Salgado.<\/span><\/p>\n<p class=\"x_MsoNormal\"><span lang=\"ES-MX\">Para Antonio Azpiri, director art\u00edstico de Coro Gay Ciudad de M\u00e9xico,\u00a0<b><i>Palabras de Paz<\/i>\u00a0<\/b>es \u201cun espect\u00e1culo que busca traducir el significado de la \u00e9poca decembrina para cada uno de los asistentes. A trav\u00e9s de una interpretaci\u00f3n personal de lo que la \u00e9poca le signifique, cada uno podr\u00e1 responderse a s\u00ed misma qu\u00e9 es para elle la Navidad y el recibir un Nuevo A\u00f1o en su vida.<\/span><\/p>\n<p class=\"x_MsoNormal\"><span lang=\"ES-MX\">\u201cEl a\u00f1o que termina ha sido de grandes cambios para todes los que hemos sobrevivido, con mayores o menores perdidas dentro de nuestros corazones. Invitamos al p\u00fablico a que nos acompa\u00f1e a cerrar el a\u00f1o con orgullo e inclusi\u00f3n, a vibrar con nosotros y dejarse invadir por un sentimiento de Paz y Reconciliaci\u00f3n\u201d.<\/span><\/p>\n<p class=\"x_MsoNormal\"><span lang=\"ES-MX\">El\u00a0<b>Coro Gay Ciudad de M\u00e9xico\u00a0<\/b>responde a un movimiento internacional conformado por miembros de la poblaci\u00f3n LGBT+, con p\u00fablico cautivo y con espect\u00e1culos de gran calidad alrededor del mundo. Uno de sus conciertos m\u00e1s memorables,\u00a0<i>Big Gay Sing: Welcome To New York\u00a0<\/i>se llev\u00f3 a cabo en 2017 en esa ciudad estadounidense al lado New York City Gay Men\u2019s Chorus. Un a\u00f1o despu\u00e9s, ambos ensambles se presentaron en el\u00a0<b>Teatro de la Ciudad Esperanza Iris\u00a0<\/b>con\u00a0<i>Dreaming Together<\/i>. En junio de 2019 participaron en el evento de aniversario de los 50 a\u00f1os de lucha LGBTTTIQ en la Ciudad de M\u00e9xico.<\/span><\/p>\n<p class=\"x_MsoNormal\"><b><i><span lang=\"ES-MX\">Palabras de Paz<\/span><\/i><\/b><span lang=\"ES-MX\">, concierto navide\u00f1o a cargo del\u00a0<b>Coro Gay Ciudad de M\u00e9xico<\/b>\u00a0se presentar\u00e1 los d\u00edas\u00a0<b>mi\u00e9rcoles 22 y jueves 23 de diciembre<\/b>\u00a0a las\u00a0<b>20:30 horas<\/b>\u00a0en el\u00a0<b>Teatro de la Ciudad Esperanza Iris\u00a0<\/b>(Donceles 36, Centro Hist\u00f3rico, Metro Allende), con las\u00a0<\/span><span lang=\"ES-MX\">disposiciones del sem\u00e1foro epidemiol\u00f3gico vigente: cupo limitado al 75 por ciento de la capacidad del recinto y uso permanente de cubre-bocas, gel anti-bacterial y registro de c\u00f3digo QR por parte tanto del personal del teatro como de los espectadores.<\/span><\/p>\n<p class=\"x_MsoNormal\"><b><span lang=\"ES-MX\">Admisi\u00f3n<\/span><\/b><span lang=\"ES-MX\">: Luneta, $350; Primer Piso Plus, $250; Primer Piso, $200; Anfiteatro, $150; Galer\u00eda, $100.\u00a0<\/span><span lang=\"ES-MX\">Los boletos se pueden adquirir en la taquilla del teatro y en\u00a0las plataformas digitales de Ticketmaster.<\/span><\/p>\n<p class=\"x_MsoNormal\"><span lang=\"ES-MX\">Para conocer la programaci\u00f3n de la\u00a0<b>Direcci\u00f3n del Sistema de Teatros de la Ciudad de M\u00e9xico<\/b>\u00a0visite las\u00a0redes sociales: Facebook @TeatrosCdMexico, Twitter @TeatrosCdMexico e Instagram @teatroscdmexico.<\/span><\/p>\n<p class=\"x_MsoNormal\"><span lang=\"ES-MX\">\u00a0Siga a la\u00a0<strong>Secretar\u00eda de Cultura de la Ciudad de M\u00e9xico<\/strong>\u00a0a trav\u00e9s de su p\u00e1gina oficial (<\/span><span lang=\"EN-US\"><a href=\"https:\/\/cultura.cdmx.gob.mx\/\" target=\"_blank\" rel=\"noopener noreferrer\" data-auth=\"NotApplicable\" data-linkindex=\"0\"><span lang=\"ES-MX\">https:\/\/cultura.cdmx.gob.mx\/<\/span><\/a><\/span><span lang=\"ES-MX\">), sus redes sociales (<\/span><span lang=\"EN-US\"><a href=\"https:\/\/www.facebook.com\/Cultura.Ciudad.de.Mexico\" target=\"_blank\" rel=\"noopener noreferrer\" data-auth=\"NotApplicable\" data-linkindex=\"1\"><span lang=\"ES-MX\">Facebook<\/span><\/a><\/span><span lang=\"ES-MX\">,\u00a0<\/span><span lang=\"EN-US\"><a href=\"https:\/\/twitter.com\/CulturaCiudadMx\" target=\"_blank\" rel=\"noopener noreferrer\" data-auth=\"NotApplicable\" data-linkindex=\"2\"><span lang=\"ES-MX\">Twitter<\/span><\/a><\/span><span lang=\"ES-MX\">,\u00a0<\/span><span lang=\"EN-US\"><a href=\"https:\/\/www.instagram.com\/culturaciudadmx\/?hl=es-la\" target=\"_blank\" rel=\"noopener noreferrer\" data-auth=\"NotApplicable\" data-linkindex=\"3\"><span lang=\"ES-MX\">Instagram<\/span><\/a><\/span><span lang=\"ES-MX\">\u00a0y\u00a0<\/span><span lang=\"EN-US\"><a href=\"https:\/\/www.youtube.com\/user\/culturamadf\" target=\"_blank\" rel=\"noopener noreferrer\" data-auth=\"NotApplicable\" data-linkindex=\"4\"><span lang=\"ES-MX\">YouTube<\/span><\/a><\/span><span lang=\"ES-MX\">) y en la plataforma digital\u00a0<\/span><span lang=\"EN-US\"><a href=\"http:\/\/www.capitalculturalennuestracasa.cdmx.gob.mx\/\" target=\"_blank\" rel=\"noopener noreferrer\" data-auth=\"NotApplicable\" data-linkindex=\"5\"><i><span lang=\"ES-MX\">Capital Cultural en Nuestra Casa<\/span><\/i><\/a><\/span><span lang=\"ES-MX\">.<\/span><\/p>\n<p class=\"x_MsoNormal\"><span lang=\"ES-MX\">\u00a0<\/span><\/p>\n<p>[\/fusion_text][fusion_imageframe image_id=&#8221;42478|medium&#8221; max_width=&#8221;&#8221; style_type=&#8221;&#8221; blur=&#8221;&#8221; stylecolor=&#8221;&#8221; hover_type=&#8221;none&#8221; bordersize=&#8221;&#8221; bordercolor=&#8221;&#8221; borderradius=&#8221;&#8221; align=&#8221;none&#8221; lightbox=&#8221;no&#8221; gallery_id=&#8221;&#8221; lightbox_image=&#8221;&#8221; lightbox_image_id=&#8221;&#8221; alt=&#8221;&#8221; link=&#8221;&#8221; linktarget=&#8221;_self&#8221; hide_on_mobile=&#8221;small-visibility,medium-visibility,large-visibility&#8221; class=&#8221;&#8221; id=&#8221;&#8221; animation_type=&#8221;&#8221; animation_direction=&#8221;left&#8221; animation_speed=&#8221;0.3&#8243; animation_offset=&#8221;&#8221;]https:\/\/www.bitacoracdmx.com\/wp-content\/uploads\/2021\/12\/descargar-2021-12-18T230000.762-216&#215;300.png[\/fusion_imageframe][\/fusion_builder_column][\/fusion_builder_row][\/fusion_builder_container]<\/p>\n","protected":false},"excerpt":{"rendered":"<p>[fusion_builder_container hundred_percent=&#8221;no&#8221; equal_height_columns=&#8221;no&#8221; menu_anchor=&#8221;&#8221; hide_on_mobile=&#8221;small-visibility,medium-visibility,large-visibility&#8221; class=&#8221;&#8221; id=&#8221;&#8221; background_color=&#8221;&#8221; background_image=&#8221;&#8221; background_position=&#8221;center center&#8221; background_repeat=&#8221;no-repeat&#8221; fade=&#8221;no&#8221; background_parallax=&#8221;none&#8221; parallax_speed=&#8221;0.3&#8243; video_mp4=&#8221;&#8221; video_webm=&#8221;&#8221; video_ogv=&#8221;&#8221; video_url=&#8221;&#8221; video_aspect_ratio=&#8221;16:9&#8243; video_loop=&#8221;yes&#8221; video_mute=&#8221;yes&#8221; overlay_color=&#8221;&#8221; video_preview_image=&#8221;&#8221; border_size=&#8221;&#8221; border_color=&#8221;&#8221; border_style=&#8221;solid&#8221; padding_top=&#8221;&#8221; padding_bottom=&#8221;&#8221; padding_left=&#8221;&#8221; padding_right=&#8221;&#8221;][fusion_builder_row][fusion_builder_column type=&#8221;1_1&#8243; layout=&#8221;1_1&#8243; background_position=&#8221;left top&#8221; background_color=&#8221;&#8221; border_size=&#8221;&#8221; border_color=&#8221;&#8221; border_style=&#8221;solid&#8221; border_position=&#8221;all&#8221; spacing=&#8221;yes&#8221; background_image=&#8221;&#8221; background_repeat=&#8221;no-repeat&#8221; padding_top=&#8221;&#8221; padding_right=&#8221;&#8221; padding_bottom=&#8221;&#8221; padding_left=&#8221;&#8221; margin_top=&#8221;0px&#8221; margin_bottom=&#8221;0px&#8221; class=&#8221;&#8221; id=&#8221;&#8221; animation_type=&#8221;&#8221; animation_speed=&#8221;0.3&#8243; animation_direction=&#8221;left&#8221; hide_on_mobile=&#8221;small-visibility,medium-visibility,large-visibility&#8221; center_content=&#8221;no&#8221; last=&#8221;no&#8221; min_height=&#8221;&#8221; hover_type=&#8221;none&#8221; link=&#8221;&#8221;][fusion_text] REDACCI\u00d3N \u00b7 Las presentaciones se llevar\u00e1n a cabo los d\u00edas mi\u00e9rcoles 22 y jueves 23 de diciembre en el Teatro de la Ciudad Esperanza Iris El\u00a0Coro Gay Ciudad de M\u00e9xico\u00a0se ha convertido en una de las agrupaciones art\u00edsticas m\u00e1s entra\u00f1ables [&hellip;]<\/p>\n","protected":false},"author":1,"featured_media":42478,"comment_status":"open","ping_status":"open","sticky":false,"template":"","format":"standard","meta":{"footnotes":""},"categories":[9,11],"tags":[],"_links":{"self":[{"href":"https:\/\/www.bitacoracdmx.com\/index.php?rest_route=\/wp\/v2\/posts\/42477"}],"collection":[{"href":"https:\/\/www.bitacoracdmx.com\/index.php?rest_route=\/wp\/v2\/posts"}],"about":[{"href":"https:\/\/www.bitacoracdmx.com\/index.php?rest_route=\/wp\/v2\/types\/post"}],"author":[{"embeddable":true,"href":"https:\/\/www.bitacoracdmx.com\/index.php?rest_route=\/wp\/v2\/users\/1"}],"replies":[{"embeddable":true,"href":"https:\/\/www.bitacoracdmx.com\/index.php?rest_route=%2Fwp%2Fv2%2Fcomments&post=42477"}],"version-history":[{"count":1,"href":"https:\/\/www.bitacoracdmx.com\/index.php?rest_route=\/wp\/v2\/posts\/42477\/revisions"}],"predecessor-version":[{"id":42479,"href":"https:\/\/www.bitacoracdmx.com\/index.php?rest_route=\/wp\/v2\/posts\/42477\/revisions\/42479"}],"wp:featuredmedia":[{"embeddable":true,"href":"https:\/\/www.bitacoracdmx.com\/index.php?rest_route=\/wp\/v2\/media\/42478"}],"wp:attachment":[{"href":"https:\/\/www.bitacoracdmx.com\/index.php?rest_route=%2Fwp%2Fv2%2Fmedia&parent=42477"}],"wp:term":[{"taxonomy":"category","embeddable":true,"href":"https:\/\/www.bitacoracdmx.com\/index.php?rest_route=%2Fwp%2Fv2%2Fcategories&post=42477"},{"taxonomy":"post_tag","embeddable":true,"href":"https:\/\/www.bitacoracdmx.com\/index.php?rest_route=%2Fwp%2Fv2%2Ftags&post=42477"}],"curies":[{"name":"wp","href":"https:\/\/api.w.org\/{rel}","templated":true}]}}