{"id":42480,"date":"2021-12-19T05:15:02","date_gmt":"2021-12-19T05:15:02","guid":{"rendered":"https:\/\/www.bitacoracdmx.com\/?p=42480"},"modified":"2021-12-19T05:15:02","modified_gmt":"2021-12-19T05:15:02","slug":"abierta-toda-la-cadena-turistica-de-cdmx-para-recibir-a-los-visitantes-a-la-capital","status":"publish","type":"post","link":"https:\/\/www.bitacoracdmx.com\/?p=42480","title":{"rendered":"Abierta toda la cadena tur\u00edstica  de CDMX para recibir a los visitantes a la capital."},"content":{"rendered":"<p>[fusion_builder_container hundred_percent=&#8221;no&#8221; equal_height_columns=&#8221;no&#8221; menu_anchor=&#8221;&#8221; hide_on_mobile=&#8221;small-visibility,medium-visibility,large-visibility&#8221; class=&#8221;&#8221; id=&#8221;&#8221; background_color=&#8221;&#8221; background_image=&#8221;&#8221; background_position=&#8221;center center&#8221; background_repeat=&#8221;no-repeat&#8221; fade=&#8221;no&#8221; background_parallax=&#8221;none&#8221; parallax_speed=&#8221;0.3&#8243; video_mp4=&#8221;&#8221; video_webm=&#8221;&#8221; video_ogv=&#8221;&#8221; video_url=&#8221;&#8221; video_aspect_ratio=&#8221;16:9&#8243; video_loop=&#8221;yes&#8221; video_mute=&#8221;yes&#8221; overlay_color=&#8221;&#8221; video_preview_image=&#8221;&#8221; border_size=&#8221;&#8221; border_color=&#8221;&#8221; border_style=&#8221;solid&#8221; padding_top=&#8221;&#8221; padding_bottom=&#8221;&#8221; padding_left=&#8221;&#8221; padding_right=&#8221;&#8221;][fusion_builder_row][fusion_builder_column type=&#8221;1_1&#8243; layout=&#8221;1_1&#8243; background_position=&#8221;left top&#8221; background_color=&#8221;&#8221; border_size=&#8221;&#8221; border_color=&#8221;&#8221; border_style=&#8221;solid&#8221; border_position=&#8221;all&#8221; spacing=&#8221;yes&#8221; background_image=&#8221;&#8221; background_repeat=&#8221;no-repeat&#8221; padding_top=&#8221;&#8221; padding_right=&#8221;&#8221; padding_bottom=&#8221;&#8221; padding_left=&#8221;&#8221; margin_top=&#8221;0px&#8221; margin_bottom=&#8221;0px&#8221; class=&#8221;&#8221; id=&#8221;&#8221; animation_type=&#8221;&#8221; animation_speed=&#8221;0.3&#8243; animation_direction=&#8221;left&#8221; hide_on_mobile=&#8221;small-visibility,medium-visibility,large-visibility&#8221; center_content=&#8221;no&#8221; last=&#8221;no&#8221; min_height=&#8221;&#8221; hover_type=&#8221;none&#8221; link=&#8221;&#8221;][fusion_text]<\/p>\n<p>REDACCI\u00d3N<\/p>\n<p>\u25cf La reanudaci\u00f3n de actividades econ\u00f3micas y sociales atiende los lineamientos y protocolos sanitarios emitidos por el Gobierno capitalino y autoridades de salud federales y locales para evitar la propagaci\u00f3n de la Covid19<\/p>\n<p>Como eje fundamental para la reactivaci\u00f3n econ\u00f3mica de la Ciudad de M\u00e9xico, los establecimientos y negocios que conforman la cadena tur\u00edstica capitalina se mantienen en operaci\u00f3n para recibir a los visitantes a la metr\u00f3poli.<\/p>\n<p>La reanudaci\u00f3n de actividades econ\u00f3micas y sociales en la ciudad, en los diversos sectores y din\u00e1micas productivas de influencia tur\u00edstica, atiende los lineamientos y protocolos sanitarios emitidos por el Gobierno capitalino y autoridades de salud federales y locales para evitar la propagaci\u00f3n de la Covid19.<\/p>\n<p>Con base en el Sem\u00e1foro Epidemiol\u00f3gico federal, la Ciudad de M\u00e9xico se mantiene en crom\u00e1tica verde gracias al avance de la vacunaci\u00f3n contra Covid19, as\u00ed como a la disminuci\u00f3n de hospitalizaciones y casos positivos de la enfermedad.<\/p>\n<p>Cabe destacar que en todas las actividades se deben seguir las medidas sanitarias correspondientes.<\/p>\n<p>Por ello, desde octubre se permite la realizaci\u00f3n de eventos masivos al aire libre sin restricci\u00f3n de aforo, con filtros sanitarios a la entrada, uso obligatorio de cubrebocas y escaneo de c\u00f3digo QR al ingreso.<\/p>\n<p>En tanto, los centros nocturnos, bares, cantinas, discotecas y salones de eventos sociales cuentan con un aforo permitido del 50 por ciento, con horario de operaci\u00f3n hasta la 01:00 horas. El uso de cubrebocas y escaneo de c\u00f3digo QR es obligatorio al ingresar al establecimiento; se deber\u00e1 contar con filtro sanitario a la entrada del lugar y ventilaci\u00f3n natural \u2014o en su caso recirculaci\u00f3n de un m\u00ednimo del 40 por ciento hacia el exterior.<\/p>\n<p>Los establecimientos mercantiles dedicados la venta de alimentos preparados podr\u00e1n operar con un aforo del 60 por ciento en interiores y hasta ochos personas por mesa en exteriores, de<\/p>\n<p>acuerdo las reglas previstas en el Programa de Colocaci\u00f3n de Enseres e Instalaciones en v\u00eda P\u00fablica para Establecimientos Mercantiles<\/p>\n<p>El resto de los sectores y establecimientos operan con el aforo, horario y disposiciones aplicables a su aviso o permiso de funcionamiento.<\/p>\n<p>[\/fusion_text][fusion_imageframe image_id=&#8221;42482|medium&#8221; max_width=&#8221;&#8221; style_type=&#8221;&#8221; blur=&#8221;&#8221; stylecolor=&#8221;&#8221; hover_type=&#8221;none&#8221; bordersize=&#8221;&#8221; bordercolor=&#8221;&#8221; borderradius=&#8221;&#8221; align=&#8221;none&#8221; lightbox=&#8221;no&#8221; gallery_id=&#8221;&#8221; lightbox_image=&#8221;&#8221; lightbox_image_id=&#8221;&#8221; alt=&#8221;&#8221; link=&#8221;&#8221; linktarget=&#8221;_self&#8221; hide_on_mobile=&#8221;small-visibility,medium-visibility,large-visibility&#8221; class=&#8221;&#8221; id=&#8221;&#8221; animation_type=&#8221;&#8221; animation_direction=&#8221;left&#8221; animation_speed=&#8221;0.3&#8243; animation_offset=&#8221;&#8221;]https:\/\/www.bitacoracdmx.com\/wp-content\/uploads\/2021\/12\/265312552_2032866143539419_8893865672463399653_n-300&#215;200.jpg[\/fusion_imageframe][\/fusion_builder_column][\/fusion_builder_row][\/fusion_builder_container]<\/p>\n","protected":false},"excerpt":{"rendered":"<p>[fusion_builder_container hundred_percent=&#8221;no&#8221; equal_height_columns=&#8221;no&#8221; menu_anchor=&#8221;&#8221; hide_on_mobile=&#8221;small-visibility,medium-visibility,large-visibility&#8221; class=&#8221;&#8221; id=&#8221;&#8221; background_color=&#8221;&#8221; background_image=&#8221;&#8221; background_position=&#8221;center center&#8221; background_repeat=&#8221;no-repeat&#8221; fade=&#8221;no&#8221; background_parallax=&#8221;none&#8221; parallax_speed=&#8221;0.3&#8243; video_mp4=&#8221;&#8221; video_webm=&#8221;&#8221; video_ogv=&#8221;&#8221; video_url=&#8221;&#8221; video_aspect_ratio=&#8221;16:9&#8243; video_loop=&#8221;yes&#8221; video_mute=&#8221;yes&#8221; overlay_color=&#8221;&#8221; video_preview_image=&#8221;&#8221; border_size=&#8221;&#8221; border_color=&#8221;&#8221; border_style=&#8221;solid&#8221; padding_top=&#8221;&#8221; padding_bottom=&#8221;&#8221; padding_left=&#8221;&#8221; padding_right=&#8221;&#8221;][fusion_builder_row][fusion_builder_column type=&#8221;1_1&#8243; layout=&#8221;1_1&#8243; background_position=&#8221;left top&#8221; background_color=&#8221;&#8221; border_size=&#8221;&#8221; border_color=&#8221;&#8221; border_style=&#8221;solid&#8221; border_position=&#8221;all&#8221; spacing=&#8221;yes&#8221; background_image=&#8221;&#8221; background_repeat=&#8221;no-repeat&#8221; padding_top=&#8221;&#8221; padding_right=&#8221;&#8221; padding_bottom=&#8221;&#8221; padding_left=&#8221;&#8221; margin_top=&#8221;0px&#8221; margin_bottom=&#8221;0px&#8221; class=&#8221;&#8221; id=&#8221;&#8221; animation_type=&#8221;&#8221; animation_speed=&#8221;0.3&#8243; animation_direction=&#8221;left&#8221; hide_on_mobile=&#8221;small-visibility,medium-visibility,large-visibility&#8221; center_content=&#8221;no&#8221; last=&#8221;no&#8221; min_height=&#8221;&#8221; hover_type=&#8221;none&#8221; link=&#8221;&#8221;][fusion_text] REDACCI\u00d3N \u25cf La reanudaci\u00f3n de actividades econ\u00f3micas y sociales atiende los lineamientos y protocolos sanitarios emitidos por el Gobierno capitalino y autoridades de salud federales y locales para evitar la propagaci\u00f3n de la Covid19 Como eje fundamental para la reactivaci\u00f3n [&hellip;]<\/p>\n","protected":false},"author":1,"featured_media":42482,"comment_status":"open","ping_status":"open","sticky":false,"template":"","format":"standard","meta":{"footnotes":""},"categories":[4,9],"tags":[],"_links":{"self":[{"href":"https:\/\/www.bitacoracdmx.com\/index.php?rest_route=\/wp\/v2\/posts\/42480"}],"collection":[{"href":"https:\/\/www.bitacoracdmx.com\/index.php?rest_route=\/wp\/v2\/posts"}],"about":[{"href":"https:\/\/www.bitacoracdmx.com\/index.php?rest_route=\/wp\/v2\/types\/post"}],"author":[{"embeddable":true,"href":"https:\/\/www.bitacoracdmx.com\/index.php?rest_route=\/wp\/v2\/users\/1"}],"replies":[{"embeddable":true,"href":"https:\/\/www.bitacoracdmx.com\/index.php?rest_route=%2Fwp%2Fv2%2Fcomments&post=42480"}],"version-history":[{"count":1,"href":"https:\/\/www.bitacoracdmx.com\/index.php?rest_route=\/wp\/v2\/posts\/42480\/revisions"}],"predecessor-version":[{"id":42483,"href":"https:\/\/www.bitacoracdmx.com\/index.php?rest_route=\/wp\/v2\/posts\/42480\/revisions\/42483"}],"wp:featuredmedia":[{"embeddable":true,"href":"https:\/\/www.bitacoracdmx.com\/index.php?rest_route=\/wp\/v2\/media\/42482"}],"wp:attachment":[{"href":"https:\/\/www.bitacoracdmx.com\/index.php?rest_route=%2Fwp%2Fv2%2Fmedia&parent=42480"}],"wp:term":[{"taxonomy":"category","embeddable":true,"href":"https:\/\/www.bitacoracdmx.com\/index.php?rest_route=%2Fwp%2Fv2%2Fcategories&post=42480"},{"taxonomy":"post_tag","embeddable":true,"href":"https:\/\/www.bitacoracdmx.com\/index.php?rest_route=%2Fwp%2Fv2%2Ftags&post=42480"}],"curies":[{"name":"wp","href":"https:\/\/api.w.org\/{rel}","templated":true}]}}