{"id":42487,"date":"2021-12-19T06:11:18","date_gmt":"2021-12-19T06:11:18","guid":{"rendered":"https:\/\/www.bitacoracdmx.com\/?p=42487"},"modified":"2021-12-19T06:11:18","modified_gmt":"2021-12-19T06:11:18","slug":"sax-estrena-nuevo-tema-con-orqueska-international-los-dandys-y-la-voz-de-golden-ganga","status":"publish","type":"post","link":"https:\/\/www.bitacoracdmx.com\/?p=42487","title":{"rendered":"Sax estrena nuevo tema con Orqueska International, Los Dandy&#8217;s y la voz de Golden Ganga."},"content":{"rendered":"<p>[fusion_builder_container hundred_percent=&#8221;no&#8221; equal_height_columns=&#8221;no&#8221; menu_anchor=&#8221;&#8221; hide_on_mobile=&#8221;small-visibility,medium-visibility,large-visibility&#8221; class=&#8221;&#8221; id=&#8221;&#8221; background_color=&#8221;&#8221; background_image=&#8221;&#8221; background_position=&#8221;center center&#8221; background_repeat=&#8221;no-repeat&#8221; fade=&#8221;no&#8221; background_parallax=&#8221;none&#8221; parallax_speed=&#8221;0.3&#8243; video_mp4=&#8221;&#8221; video_webm=&#8221;&#8221; video_ogv=&#8221;&#8221; video_url=&#8221;&#8221; video_aspect_ratio=&#8221;16:9&#8243; video_loop=&#8221;yes&#8221; video_mute=&#8221;yes&#8221; overlay_color=&#8221;&#8221; video_preview_image=&#8221;&#8221; border_size=&#8221;&#8221; border_color=&#8221;&#8221; border_style=&#8221;solid&#8221; padding_top=&#8221;&#8221; padding_bottom=&#8221;&#8221; padding_left=&#8221;&#8221; padding_right=&#8221;&#8221;][fusion_builder_row][fusion_builder_column type=&#8221;1_1&#8243; layout=&#8221;1_1&#8243; background_position=&#8221;left top&#8221; background_color=&#8221;&#8221; border_size=&#8221;&#8221; border_color=&#8221;&#8221; border_style=&#8221;solid&#8221; border_position=&#8221;all&#8221; spacing=&#8221;yes&#8221; background_image=&#8221;&#8221; background_repeat=&#8221;no-repeat&#8221; padding_top=&#8221;&#8221; padding_right=&#8221;&#8221; padding_bottom=&#8221;&#8221; padding_left=&#8221;&#8221; margin_top=&#8221;0px&#8221; margin_bottom=&#8221;0px&#8221; class=&#8221;&#8221; id=&#8221;&#8221; animation_type=&#8221;&#8221; animation_speed=&#8221;0.3&#8243; animation_direction=&#8221;left&#8221; hide_on_mobile=&#8221;small-visibility,medium-visibility,large-visibility&#8221; center_content=&#8221;no&#8221; last=&#8221;no&#8221; min_height=&#8221;&#8221; hover_type=&#8221;none&#8221; link=&#8221;&#8221;][fusion_text]<\/p>\n<p>REDACCI\u00d3N<\/p>\n<p><b>La Orqueska International con Sax, Ad\u00e1n N\u00fa\u00f1ez (Golden Ganga) y Los Dandy\u2019s, de Armando Navarro, presentan una gran versi\u00f3n del tema del compositor cubano Osvaldo Farr\u00e9s.<\/b><\/p>\n<p class=\"x_MsoNormal\">Eulalio Cervantes Galarza, conocido mundialmente como Sax, falleci\u00f3 el 14 de marzo de 2021, es admirado por su papel como compositor, m\u00fasico y productor. Sus mayores obras son las que compuso para su banda, Maldita Vecindad y Los Hijos del Quinto Patio.<\/p>\n<p class=\"x_MsoNormal\">Por fortuna gran parte de su obra que dej\u00f3 empieza a darse a conocer, ahora se estrena el video y el tema Quiz\u00e1s, quiz\u00e1s, quiz\u00e1s, una canci\u00f3n a la que le han hecho grandes versiones m\u00fasicos de talla internacional, como Nat King Cole, Celia Cruz, Los Panchos, Rigo Tovar y Jennifer L\u00f3pez, entre otros. La versi\u00f3n actual con Sax qued\u00f3 impecable, es evidente la aportaci\u00f3n del m\u00fasico, pues no solo se le reconoce que cre\u00f3 un estilo, tambi\u00e9n es una escuela para las nuevas generaciones.<\/p>\n<p class=\"x_MsoNormal\">Sax, su talento y personalidad est\u00e1n llenos de magia y\u00a0misticismo. Afortunadamente su esposa e hijos seguir\u00e1n rescatando su obra y dar\u00e1n a conocer poco a poco el legado musical del reconocido saxofonista.<\/p>\n<p class=\"x_MsoNormal\">La Orqueska International re\u00fane a diversos m\u00fasicos de Latinoam\u00e9rica para rendir un reconocimiento a las bandas y artistas del mundo del ska y el reggae. Uno de sus grandes invitados fue Sax, con quienes dio varios conciertos importantes. As\u00ed que en su momento grabaron esta gran versi\u00f3n de Quiz\u00e1s, quiz\u00e1s, quiz\u00e1s, en la que participa el legendario Tr\u00edo Los Dandy\u2019s, que agregaron el romanticismo que exige la propia interpretaci\u00f3n. Ad\u00e1n N\u00fa\u00f1ez, vocalista de Golden Ganga (banda tapat\u00eda, representativa del reggae y fusiones musicales que se hace en M\u00e9xico), le da un toque especial al tema, que lo hace simplemente espectacular.<\/p>\n<p class=\"x_MsoNormal\">Las composiciones de Sax son parte de la cultura popular mexicana, tan nuestras, tan coloquiales, tan Sax\u2026<\/p>\n<p class=\"x_MsoNormal\">Aqu\u00ed el video:\u00a0<a href=\"https:\/\/mailtrack.io\/trace\/link\/8fb8bde5c550049b16d0c2c75a2ebb841257fb46?url=https%3A%2F%2Fyoutu.be%2FsmYGnm7EpoA&amp;userId=491255&amp;signature=c6cb63ef56ea811c\" target=\"_blank\" rel=\"noopener noreferrer\" data-auth=\"NotApplicable\" data-linkindex=\"0\">https:\/\/youtu.be\/smYGnm7EpoA<\/a><\/p>\n<p>[\/fusion_text][fusion_imageframe image_id=&#8221;42488|medium&#8221; max_width=&#8221;&#8221; style_type=&#8221;&#8221; blur=&#8221;&#8221; stylecolor=&#8221;&#8221; hover_type=&#8221;none&#8221; bordersize=&#8221;&#8221; bordercolor=&#8221;&#8221; borderradius=&#8221;&#8221; align=&#8221;none&#8221; lightbox=&#8221;no&#8221; gallery_id=&#8221;&#8221; lightbox_image=&#8221;&#8221; lightbox_image_id=&#8221;&#8221; alt=&#8221;&#8221; link=&#8221;&#8221; linktarget=&#8221;_self&#8221; hide_on_mobile=&#8221;small-visibility,medium-visibility,large-visibility&#8221; class=&#8221;&#8221; id=&#8221;&#8221; animation_type=&#8221;&#8221; animation_direction=&#8221;left&#8221; animation_speed=&#8221;0.3&#8243; animation_offset=&#8221;&#8221;]https:\/\/www.bitacoracdmx.com\/wp-content\/uploads\/2021\/12\/SAX-MARZO-2021-1-300&#215;203.jpg[\/fusion_imageframe][\/fusion_builder_column][\/fusion_builder_row][\/fusion_builder_container]<\/p>\n","protected":false},"excerpt":{"rendered":"<p>[fusion_builder_container hundred_percent=&#8221;no&#8221; equal_height_columns=&#8221;no&#8221; menu_anchor=&#8221;&#8221; hide_on_mobile=&#8221;small-visibility,medium-visibility,large-visibility&#8221; class=&#8221;&#8221; id=&#8221;&#8221; background_color=&#8221;&#8221; background_image=&#8221;&#8221; background_position=&#8221;center center&#8221; background_repeat=&#8221;no-repeat&#8221; fade=&#8221;no&#8221; background_parallax=&#8221;none&#8221; parallax_speed=&#8221;0.3&#8243; video_mp4=&#8221;&#8221; video_webm=&#8221;&#8221; video_ogv=&#8221;&#8221; video_url=&#8221;&#8221; video_aspect_ratio=&#8221;16:9&#8243; video_loop=&#8221;yes&#8221; video_mute=&#8221;yes&#8221; overlay_color=&#8221;&#8221; video_preview_image=&#8221;&#8221; border_size=&#8221;&#8221; border_color=&#8221;&#8221; border_style=&#8221;solid&#8221; padding_top=&#8221;&#8221; padding_bottom=&#8221;&#8221; padding_left=&#8221;&#8221; padding_right=&#8221;&#8221;][fusion_builder_row][fusion_builder_column type=&#8221;1_1&#8243; layout=&#8221;1_1&#8243; background_position=&#8221;left top&#8221; background_color=&#8221;&#8221; border_size=&#8221;&#8221; border_color=&#8221;&#8221; border_style=&#8221;solid&#8221; border_position=&#8221;all&#8221; spacing=&#8221;yes&#8221; background_image=&#8221;&#8221; background_repeat=&#8221;no-repeat&#8221; padding_top=&#8221;&#8221; padding_right=&#8221;&#8221; padding_bottom=&#8221;&#8221; padding_left=&#8221;&#8221; margin_top=&#8221;0px&#8221; margin_bottom=&#8221;0px&#8221; class=&#8221;&#8221; id=&#8221;&#8221; animation_type=&#8221;&#8221; animation_speed=&#8221;0.3&#8243; animation_direction=&#8221;left&#8221; hide_on_mobile=&#8221;small-visibility,medium-visibility,large-visibility&#8221; center_content=&#8221;no&#8221; last=&#8221;no&#8221; min_height=&#8221;&#8221; hover_type=&#8221;none&#8221; link=&#8221;&#8221;][fusion_text] REDACCI\u00d3N La Orqueska International con Sax, Ad\u00e1n N\u00fa\u00f1ez (Golden Ganga) y Los Dandy\u2019s, de Armando Navarro, presentan una gran versi\u00f3n del tema del compositor cubano Osvaldo Farr\u00e9s. Eulalio Cervantes Galarza, conocido mundialmente como Sax, falleci\u00f3 el 14 de marzo de [&hellip;]<\/p>\n","protected":false},"author":1,"featured_media":42488,"comment_status":"open","ping_status":"open","sticky":false,"template":"","format":"standard","meta":{"footnotes":""},"categories":[9,11],"tags":[],"_links":{"self":[{"href":"https:\/\/www.bitacoracdmx.com\/index.php?rest_route=\/wp\/v2\/posts\/42487"}],"collection":[{"href":"https:\/\/www.bitacoracdmx.com\/index.php?rest_route=\/wp\/v2\/posts"}],"about":[{"href":"https:\/\/www.bitacoracdmx.com\/index.php?rest_route=\/wp\/v2\/types\/post"}],"author":[{"embeddable":true,"href":"https:\/\/www.bitacoracdmx.com\/index.php?rest_route=\/wp\/v2\/users\/1"}],"replies":[{"embeddable":true,"href":"https:\/\/www.bitacoracdmx.com\/index.php?rest_route=%2Fwp%2Fv2%2Fcomments&post=42487"}],"version-history":[{"count":2,"href":"https:\/\/www.bitacoracdmx.com\/index.php?rest_route=\/wp\/v2\/posts\/42487\/revisions"}],"predecessor-version":[{"id":42490,"href":"https:\/\/www.bitacoracdmx.com\/index.php?rest_route=\/wp\/v2\/posts\/42487\/revisions\/42490"}],"wp:featuredmedia":[{"embeddable":true,"href":"https:\/\/www.bitacoracdmx.com\/index.php?rest_route=\/wp\/v2\/media\/42488"}],"wp:attachment":[{"href":"https:\/\/www.bitacoracdmx.com\/index.php?rest_route=%2Fwp%2Fv2%2Fmedia&parent=42487"}],"wp:term":[{"taxonomy":"category","embeddable":true,"href":"https:\/\/www.bitacoracdmx.com\/index.php?rest_route=%2Fwp%2Fv2%2Fcategories&post=42487"},{"taxonomy":"post_tag","embeddable":true,"href":"https:\/\/www.bitacoracdmx.com\/index.php?rest_route=%2Fwp%2Fv2%2Ftags&post=42487"}],"curies":[{"name":"wp","href":"https:\/\/api.w.org\/{rel}","templated":true}]}}