{"id":42491,"date":"2021-12-19T16:43:41","date_gmt":"2021-12-19T16:43:41","guid":{"rendered":"https:\/\/www.bitacoracdmx.com\/?p=42491"},"modified":"2021-12-19T16:43:41","modified_gmt":"2021-12-19T16:43:41","slug":"ramon-crisostomo-y-su-banda-perla-negra-estrenan-como-amas-a-dos","status":"publish","type":"post","link":"https:\/\/www.bitacoracdmx.com\/?p=42491","title":{"rendered":"Ram\u00f3n Cris\u00f3stomo y su Banda Perla Negra estrenan \u00bfC\u00d3MO AMAS A DOS?"},"content":{"rendered":"<p>[fusion_builder_container hundred_percent=&#8221;no&#8221; equal_height_columns=&#8221;no&#8221; menu_anchor=&#8221;&#8221; hide_on_mobile=&#8221;small-visibility,medium-visibility,large-visibility&#8221; class=&#8221;&#8221; id=&#8221;&#8221; background_color=&#8221;&#8221; background_image=&#8221;&#8221; background_position=&#8221;center center&#8221; background_repeat=&#8221;no-repeat&#8221; fade=&#8221;no&#8221; background_parallax=&#8221;none&#8221; parallax_speed=&#8221;0.3&#8243; video_mp4=&#8221;&#8221; video_webm=&#8221;&#8221; video_ogv=&#8221;&#8221; video_url=&#8221;&#8221; video_aspect_ratio=&#8221;16:9&#8243; video_loop=&#8221;yes&#8221; video_mute=&#8221;yes&#8221; overlay_color=&#8221;&#8221; video_preview_image=&#8221;&#8221; border_size=&#8221;&#8221; border_color=&#8221;&#8221; border_style=&#8221;solid&#8221; padding_top=&#8221;&#8221; padding_bottom=&#8221;&#8221; padding_left=&#8221;&#8221; padding_right=&#8221;&#8221;][fusion_builder_row][fusion_builder_column type=&#8221;1_1&#8243; layout=&#8221;1_1&#8243; background_position=&#8221;left top&#8221; background_color=&#8221;&#8221; border_size=&#8221;&#8221; border_color=&#8221;&#8221; border_style=&#8221;solid&#8221; border_position=&#8221;all&#8221; spacing=&#8221;yes&#8221; background_image=&#8221;&#8221; background_repeat=&#8221;no-repeat&#8221; padding_top=&#8221;&#8221; padding_right=&#8221;&#8221; padding_bottom=&#8221;&#8221; padding_left=&#8221;&#8221; margin_top=&#8221;0px&#8221; margin_bottom=&#8221;0px&#8221; class=&#8221;&#8221; id=&#8221;&#8221; animation_type=&#8221;&#8221; animation_speed=&#8221;0.3&#8243; animation_direction=&#8221;left&#8221; hide_on_mobile=&#8221;small-visibility,medium-visibility,large-visibility&#8221; center_content=&#8221;no&#8221; last=&#8221;no&#8221; min_height=&#8221;&#8221; hover_type=&#8221;none&#8221; link=&#8221;&#8221;][fusion_text]<\/p>\n<p>REDACCI\u00d3N<\/p>\n<p>Un \u00e9xito m\u00e1s en su trayectoria musical independiente a \u201cPeque\u00f1os Musical\u201d.<\/p>\n<p>El tema y video clip ya se encuentran disponibles en redes y plataformas digitales.<\/p>\n<p>Ram\u00f3n Cris\u00f3stomo Velazco desde temprana edad sab\u00eda que lo suyo era cantar. Particip\u00f3 activamente en los festivales de la primaria siendo el inicio de su carrera, sin saberlo. Tiempo despu\u00e9s se integr\u00f3 a un grupo llamado \u201cOrganizaci\u00f3n Cach\u00e9\u201d por 4 a\u00f1os y mas tarde vino su incursi\u00f3n al \u201cGrupo Arcano\u201d con el que particip\u00f3 durante 5 a\u00f1os. Tras fortalecer su carrera art\u00edstica en estas agrupaciones, su vida da un giro de 360 grados al ingresar a \u201cPeque\u00f1os Musical\u201d, una de las bandas m\u00e1s consolidadas en nuestro pa\u00eds, logrando formar parte de ella por 18 a\u00f1os consecutivos, dando como resultado, impresionantes \u00e9xitos que se colocaron en el gusto del p\u00fablico a nivel internacional, tales como: Mi coraz\u00f3n y yo, Me toc\u00f3 perder, Ahora que no est\u00e1s aqu\u00ed, Sue\u00f1os, Y yo que te amo, Ninguna de las 2, Todo termin\u00f3, Quien, Reencuentro, Mentira, Libre de culpa, Ganas de ti, Me encantar\u00eda, Mis emociones, Por mis defectos, Lo sigues amando, Como lo quieras, entre otras.<\/p>\n<p>As\u00ed se convirti\u00f3 en uno de los cantantes m\u00e1s exitosos del momento, dando paso en 2018 a su propio proyecto bajo el nombre de \u201cRAM\u00d3N CRIS\u00d3STOMO Y SU BANDA PERLA NEGRA\u201d, continuando as\u00ed su trayectoria y logrando formar su propia empresa \u201cQualitty Music Group\u201d en sociedad con Navarro Entertainment Co. LTD, coloc\u00e1ndose muy r\u00e1pido nuevamente en el gusto de su p\u00fablico.<\/p>\n<p>La m\u00fasica de \u201cEl Peque\u00f1o Cantante\u201d, como ha sido bautizado RAM\u00d3N CRIS\u00d3STOMO por sus fans, se encuentra disponible en Spotify y otras plataformas digitales. https:\/\/open.spotify.com\/album\/1gbMU5aXt7R67qTYog1YUQ&#8230;<\/p>\n<p>Recientemente se ha estrenado un nuevo tema y video-clip que ha sido muy bien recibido por el p\u00fablico y seguidores de \u201cRAM\u00d3N CRIS\u00d3STOMO Y SU BANDA PERLA NEGRA\u201d.<\/p>\n<p>\u00bfC\u00d3MO AMAS A DOS? se lanz\u00f3 el pasado 2 de diciembre. Un tema de la autor\u00eda de Fabi\u00e1n Corrales, grabado y digitalizado en Estudios \u201cQualitty Music Group\u201d, el cual que ya cuenta con un video-clip realizado en Ayotl\u00e1n, Jalisco, con Post-Producci\u00f3n y Edici\u00f3n de Alejandro Navarro.<\/p>\n<p><iframe loading=\"lazy\" title=\"C\u00f3mo amas a dos?\" width=\"1200\" height=\"675\" src=\"https:\/\/www.youtube.com\/embed\/iyEd7One7aY?feature=oembed\" frameborder=\"0\" allow=\"accelerometer; autoplay; clipboard-write; encrypted-media; gyroscope; picture-in-picture; web-share\" allowfullscreen><\/iframe><\/p>\n<p>[\/fusion_text][fusion_imageframe image_id=&#8221;42492|medium&#8221; max_width=&#8221;&#8221; style_type=&#8221;&#8221; blur=&#8221;&#8221; stylecolor=&#8221;&#8221; hover_type=&#8221;none&#8221; bordersize=&#8221;&#8221; bordercolor=&#8221;&#8221; borderradius=&#8221;&#8221; align=&#8221;none&#8221; lightbox=&#8221;no&#8221; gallery_id=&#8221;&#8221; lightbox_image=&#8221;&#8221; lightbox_image_id=&#8221;&#8221; alt=&#8221;&#8221; link=&#8221;&#8221; linktarget=&#8221;_self&#8221; hide_on_mobile=&#8221;small-visibility,medium-visibility,large-visibility&#8221; class=&#8221;&#8221; id=&#8221;&#8221; animation_type=&#8221;&#8221; animation_direction=&#8221;left&#8221; animation_speed=&#8221;0.3&#8243; animation_offset=&#8221;&#8221;]https:\/\/www.bitacoracdmx.com\/wp-content\/uploads\/2021\/12\/RAMO\u0301N-CRISO\u0301STOMO-Y-SU-BANDA-PERLA-NEGRA-300&#215;156.jpg[\/fusion_imageframe][\/fusion_builder_column][\/fusion_builder_row][\/fusion_builder_container]<\/p>\n","protected":false},"excerpt":{"rendered":"<p>[fusion_builder_container hundred_percent=&#8221;no&#8221; equal_height_columns=&#8221;no&#8221; menu_anchor=&#8221;&#8221; hide_on_mobile=&#8221;small-visibility,medium-visibility,large-visibility&#8221; class=&#8221;&#8221; id=&#8221;&#8221; background_color=&#8221;&#8221; background_image=&#8221;&#8221; background_position=&#8221;center center&#8221; background_repeat=&#8221;no-repeat&#8221; fade=&#8221;no&#8221; background_parallax=&#8221;none&#8221; parallax_speed=&#8221;0.3&#8243; video_mp4=&#8221;&#8221; video_webm=&#8221;&#8221; video_ogv=&#8221;&#8221; video_url=&#8221;&#8221; video_aspect_ratio=&#8221;16:9&#8243; video_loop=&#8221;yes&#8221; video_mute=&#8221;yes&#8221; overlay_color=&#8221;&#8221; video_preview_image=&#8221;&#8221; border_size=&#8221;&#8221; border_color=&#8221;&#8221; border_style=&#8221;solid&#8221; padding_top=&#8221;&#8221; padding_bottom=&#8221;&#8221; padding_left=&#8221;&#8221; padding_right=&#8221;&#8221;][fusion_builder_row][fusion_builder_column type=&#8221;1_1&#8243; layout=&#8221;1_1&#8243; background_position=&#8221;left top&#8221; background_color=&#8221;&#8221; border_size=&#8221;&#8221; border_color=&#8221;&#8221; border_style=&#8221;solid&#8221; border_position=&#8221;all&#8221; spacing=&#8221;yes&#8221; background_image=&#8221;&#8221; background_repeat=&#8221;no-repeat&#8221; padding_top=&#8221;&#8221; padding_right=&#8221;&#8221; padding_bottom=&#8221;&#8221; padding_left=&#8221;&#8221; margin_top=&#8221;0px&#8221; margin_bottom=&#8221;0px&#8221; class=&#8221;&#8221; id=&#8221;&#8221; animation_type=&#8221;&#8221; animation_speed=&#8221;0.3&#8243; animation_direction=&#8221;left&#8221; hide_on_mobile=&#8221;small-visibility,medium-visibility,large-visibility&#8221; center_content=&#8221;no&#8221; last=&#8221;no&#8221; min_height=&#8221;&#8221; hover_type=&#8221;none&#8221; link=&#8221;&#8221;][fusion_text] REDACCI\u00d3N Un \u00e9xito m\u00e1s en su trayectoria musical independiente a \u201cPeque\u00f1os Musical\u201d. El tema y video clip ya se encuentran disponibles en redes y plataformas digitales. Ram\u00f3n Cris\u00f3stomo Velazco desde temprana edad sab\u00eda que lo suyo era cantar. Particip\u00f3 activamente [&hellip;]<\/p>\n","protected":false},"author":1,"featured_media":42492,"comment_status":"open","ping_status":"open","sticky":false,"template":"","format":"standard","meta":{"footnotes":""},"categories":[9,11],"tags":[],"_links":{"self":[{"href":"https:\/\/www.bitacoracdmx.com\/index.php?rest_route=\/wp\/v2\/posts\/42491"}],"collection":[{"href":"https:\/\/www.bitacoracdmx.com\/index.php?rest_route=\/wp\/v2\/posts"}],"about":[{"href":"https:\/\/www.bitacoracdmx.com\/index.php?rest_route=\/wp\/v2\/types\/post"}],"author":[{"embeddable":true,"href":"https:\/\/www.bitacoracdmx.com\/index.php?rest_route=\/wp\/v2\/users\/1"}],"replies":[{"embeddable":true,"href":"https:\/\/www.bitacoracdmx.com\/index.php?rest_route=%2Fwp%2Fv2%2Fcomments&post=42491"}],"version-history":[{"count":1,"href":"https:\/\/www.bitacoracdmx.com\/index.php?rest_route=\/wp\/v2\/posts\/42491\/revisions"}],"predecessor-version":[{"id":42493,"href":"https:\/\/www.bitacoracdmx.com\/index.php?rest_route=\/wp\/v2\/posts\/42491\/revisions\/42493"}],"wp:featuredmedia":[{"embeddable":true,"href":"https:\/\/www.bitacoracdmx.com\/index.php?rest_route=\/wp\/v2\/media\/42492"}],"wp:attachment":[{"href":"https:\/\/www.bitacoracdmx.com\/index.php?rest_route=%2Fwp%2Fv2%2Fmedia&parent=42491"}],"wp:term":[{"taxonomy":"category","embeddable":true,"href":"https:\/\/www.bitacoracdmx.com\/index.php?rest_route=%2Fwp%2Fv2%2Fcategories&post=42491"},{"taxonomy":"post_tag","embeddable":true,"href":"https:\/\/www.bitacoracdmx.com\/index.php?rest_route=%2Fwp%2Fv2%2Ftags&post=42491"}],"curies":[{"name":"wp","href":"https:\/\/api.w.org\/{rel}","templated":true}]}}