{"id":42505,"date":"2021-12-22T02:11:27","date_gmt":"2021-12-22T02:11:27","guid":{"rendered":"https:\/\/www.bitacoracdmx.com\/?p=42505"},"modified":"2021-12-22T02:11:27","modified_gmt":"2021-12-22T02:11:27","slug":"cesar-secundino-presenta-una-navidad-mexicana-concierto-para-arpa-clasica-y-mariachi","status":"publish","type":"post","link":"https:\/\/www.bitacoracdmx.com\/?p=42505","title":{"rendered":"CESAR SECUNDINO presenta una Navidad Mexicana: CONCIERTO PARA ARPA CL\u00c1SICA Y MARIACHI"},"content":{"rendered":"<p>[fusion_builder_container hundred_percent=&#8221;no&#8221; equal_height_columns=&#8221;no&#8221; menu_anchor=&#8221;&#8221; hide_on_mobile=&#8221;small-visibility,medium-visibility,large-visibility&#8221; class=&#8221;&#8221; id=&#8221;&#8221; background_color=&#8221;&#8221; background_image=&#8221;&#8221; background_position=&#8221;center center&#8221; background_repeat=&#8221;no-repeat&#8221; fade=&#8221;no&#8221; background_parallax=&#8221;none&#8221; parallax_speed=&#8221;0.3&#8243; video_mp4=&#8221;&#8221; video_webm=&#8221;&#8221; video_ogv=&#8221;&#8221; video_url=&#8221;&#8221; video_aspect_ratio=&#8221;16:9&#8243; video_loop=&#8221;yes&#8221; video_mute=&#8221;yes&#8221; overlay_color=&#8221;&#8221; video_preview_image=&#8221;&#8221; border_size=&#8221;&#8221; border_color=&#8221;&#8221; border_style=&#8221;solid&#8221; padding_top=&#8221;&#8221; padding_bottom=&#8221;&#8221; padding_left=&#8221;&#8221; padding_right=&#8221;&#8221;][fusion_builder_row][fusion_builder_column type=&#8221;1_1&#8243; layout=&#8221;1_1&#8243; background_position=&#8221;left top&#8221; background_color=&#8221;&#8221; border_size=&#8221;&#8221; border_color=&#8221;&#8221; border_style=&#8221;solid&#8221; border_position=&#8221;all&#8221; spacing=&#8221;yes&#8221; background_image=&#8221;&#8221; background_repeat=&#8221;no-repeat&#8221; padding_top=&#8221;&#8221; padding_right=&#8221;&#8221; padding_bottom=&#8221;&#8221; padding_left=&#8221;&#8221; margin_top=&#8221;0px&#8221; margin_bottom=&#8221;0px&#8221; class=&#8221;&#8221; id=&#8221;&#8221; animation_type=&#8221;&#8221; animation_speed=&#8221;0.3&#8243; animation_direction=&#8221;left&#8221; hide_on_mobile=&#8221;small-visibility,medium-visibility,large-visibility&#8221; center_content=&#8221;no&#8221; last=&#8221;no&#8221; min_height=&#8221;&#8221; hover_type=&#8221;none&#8221; link=&#8221;&#8221;][fusion_text]<\/p>\n<p>REDACCI\u00d3N<\/p>\n<ul type=\"disc\">\n<li class=\"x_MsoNormal\"><b>C\u00e9sar Secundino, el mejor arpista del mundo, se une al Mariachi \u00c1ngeles de M\u00e9xico\u00a0 en este trabajo musical \u00fanico.<\/b><\/li>\n<\/ul>\n<ul type=\"disc\">\n<li class=\"x_MsoNormal\"><b>Temas navide\u00f1os en una fusi\u00f3n de M\u00fasica Regional Mexicana y Jazz Latino que demuestran la versatilidad del arpa dentro del folclore,<\/b><\/li>\n<\/ul>\n<p class=\"x_MsoNormal\">Considerado el mejor arpista del mundo, C\u00e9sar Secundino se une al Mariachi \u00c1ngeles de Mexico, para dar a luz Una Navidad Mexicana, un proyecto \u00fanico y original, en el que se explora el avance, la evoluci\u00f3n y la fusi\u00f3n de dos corrientes musicales que han vivido siempre separadas, con lenguajes musicales muy diferentes: el Jazz y el Mariachi. El proyecto busca ubicar al Mariachi en el mundo del Jazz Latino, estilo musical en el que el lenguaje m\u00e1s reconocido ha sido casi siempre el cubano.<\/p>\n<p class=\"x_MsoNormal\">En esta producci\u00f3n se abordan temas como el villancico argentino A La Huella del Maestro Ariel Ram\u00edrez, popurr\u00eds de villancicos a modo de swing como Blanca Navidad, Rodolfo el Reno, We Wish You A Merry Christmas, Navidad Rock, Santa Viene Al Pueblo, temas cl\u00e1sicos como Noche de Paz, Holy Night y un arreglo instrumental de los temas Carol Of The Bells y Ave Mar\u00eda, as\u00ed como temas originales de la autor\u00eda del Maestro C\u00e9sar Secundino.<\/p>\n<p class=\"x_MsoNormal\">C\u00e9sar Secundino es un arpista, compositor y arreglista de fama mundial.\u00a0\u2028Entre la gran cantidad de reconocimientos que ha obtenido, hay que destacar que fue el gran triunfador en la prestigiosa competencia The World Harp Competition, cuya final fue celebrada en mayo de 2018 en los Pa\u00edses Bajos. Esta actividad tiene como objetivo encontrar al mejor arpista del mundo y C\u00e9sar fue galardonado con dos grandes premios: Primer Lugar General y Premio del P\u00fablico. Su gran trayectoria le ha permitido desarrollar su propia t\u00e9cnica, donde incorpora recursos de otros instrumentos y mezcla el virtuosismo del arpa latinoamericana con la refinada t\u00e9cnica europea del arpa de pedales.<\/p>\n<p class=\"x_MsoNormal\">Su pasi\u00f3n por el jazz y la m\u00fasica del mundo lo ha llevado a escribir arreglos y composiciones que han sido estrenados por reconocidos arpistas de todo el mundo. Esa misma pasi\u00f3n le ha motivado a producir, con la Orquesta Nacional de Jazz de M\u00e9xico, la grabaci\u00f3n del disco Suite La Mexicana, primer concierto compuesto para orquesta de jazz con arpa como instrumento solista, un ambicioso proyecto que vincula, en cinco movimientos, la m\u00fasica tradicional mexicana con el jazz.<\/p>\n<p class=\"x_MsoNormal\">El Mariachi \u00c1ngeles de M\u00e9xico fue creado para cubrir las necesidades tanto de artistas como de un p\u00fablico exigente. Con m\u00e1s de 10 a\u00f1os de trayectoria, el mariachi ha participado en importantes eventos en Am\u00e9rica Latina y gran parte de Europa y Estados Unidos y su excelencia le ha llevado a acompa\u00f1ar a artistas como Los Tres Tenores, Juan Gabriel, Lila Downs, Pedro Fern\u00e1ndez, Pandora, Pesado y Bronco, entre muchos otros.<\/p>\n<p class=\"x_MsoNormal\">Tambi\u00e9n ha sido nombrado \u201cEl Mariachi M\u00e1s Vers\u00e1til de M\u00e9xico\u201d, no s\u00f3lo por interpretar la m\u00fasica mexicana con maestr\u00eda, sino tambi\u00e9n por contar con int\u00e9rpretes con la habilidad de fusionar g\u00e9neros y temas internacionales al puro estilo mariachero, adapt\u00e1ndose a cualquier tipo de m\u00fasica.<\/p>\n<p>[\/fusion_text][fusion_imageframe image_id=&#8221;42506|medium&#8221; max_width=&#8221;&#8221; style_type=&#8221;&#8221; blur=&#8221;&#8221; stylecolor=&#8221;&#8221; hover_type=&#8221;none&#8221; bordersize=&#8221;&#8221; bordercolor=&#8221;&#8221; borderradius=&#8221;&#8221; align=&#8221;none&#8221; lightbox=&#8221;no&#8221; gallery_id=&#8221;&#8221; lightbox_image=&#8221;&#8221; lightbox_image_id=&#8221;&#8221; alt=&#8221;&#8221; link=&#8221;&#8221; linktarget=&#8221;_self&#8221; hide_on_mobile=&#8221;small-visibility,medium-visibility,large-visibility&#8221; class=&#8221;&#8221; id=&#8221;&#8221; animation_type=&#8221;&#8221; animation_direction=&#8221;left&#8221; animation_speed=&#8221;0.3&#8243; animation_offset=&#8221;&#8221;]https:\/\/www.bitacoracdmx.com\/wp-content\/uploads\/2021\/12\/CESAR-SECUNDINO-DIC-2021-FOTO1-197&#215;300.jpg[\/fusion_imageframe][\/fusion_builder_column][\/fusion_builder_row][\/fusion_builder_container]<\/p>\n","protected":false},"excerpt":{"rendered":"<p>[fusion_builder_container hundred_percent=&#8221;no&#8221; equal_height_columns=&#8221;no&#8221; menu_anchor=&#8221;&#8221; hide_on_mobile=&#8221;small-visibility,medium-visibility,large-visibility&#8221; class=&#8221;&#8221; id=&#8221;&#8221; background_color=&#8221;&#8221; background_image=&#8221;&#8221; background_position=&#8221;center center&#8221; background_repeat=&#8221;no-repeat&#8221; fade=&#8221;no&#8221; background_parallax=&#8221;none&#8221; parallax_speed=&#8221;0.3&#8243; video_mp4=&#8221;&#8221; video_webm=&#8221;&#8221; video_ogv=&#8221;&#8221; video_url=&#8221;&#8221; video_aspect_ratio=&#8221;16:9&#8243; video_loop=&#8221;yes&#8221; video_mute=&#8221;yes&#8221; overlay_color=&#8221;&#8221; video_preview_image=&#8221;&#8221; border_size=&#8221;&#8221; border_color=&#8221;&#8221; border_style=&#8221;solid&#8221; padding_top=&#8221;&#8221; padding_bottom=&#8221;&#8221; padding_left=&#8221;&#8221; padding_right=&#8221;&#8221;][fusion_builder_row][fusion_builder_column type=&#8221;1_1&#8243; layout=&#8221;1_1&#8243; background_position=&#8221;left top&#8221; background_color=&#8221;&#8221; border_size=&#8221;&#8221; border_color=&#8221;&#8221; border_style=&#8221;solid&#8221; border_position=&#8221;all&#8221; spacing=&#8221;yes&#8221; background_image=&#8221;&#8221; background_repeat=&#8221;no-repeat&#8221; padding_top=&#8221;&#8221; padding_right=&#8221;&#8221; padding_bottom=&#8221;&#8221; padding_left=&#8221;&#8221; margin_top=&#8221;0px&#8221; margin_bottom=&#8221;0px&#8221; class=&#8221;&#8221; id=&#8221;&#8221; animation_type=&#8221;&#8221; animation_speed=&#8221;0.3&#8243; animation_direction=&#8221;left&#8221; hide_on_mobile=&#8221;small-visibility,medium-visibility,large-visibility&#8221; center_content=&#8221;no&#8221; last=&#8221;no&#8221; min_height=&#8221;&#8221; hover_type=&#8221;none&#8221; link=&#8221;&#8221;][fusion_text] REDACCI\u00d3N C\u00e9sar Secundino, el mejor arpista del mundo, se une al Mariachi \u00c1ngeles de M\u00e9xico\u00a0 en este trabajo musical \u00fanico. Temas navide\u00f1os en una fusi\u00f3n de M\u00fasica Regional Mexicana y Jazz Latino que demuestran la versatilidad del arpa dentro del [&hellip;]<\/p>\n","protected":false},"author":1,"featured_media":42506,"comment_status":"open","ping_status":"open","sticky":false,"template":"","format":"standard","meta":{"footnotes":""},"categories":[9,11],"tags":[],"_links":{"self":[{"href":"https:\/\/www.bitacoracdmx.com\/index.php?rest_route=\/wp\/v2\/posts\/42505"}],"collection":[{"href":"https:\/\/www.bitacoracdmx.com\/index.php?rest_route=\/wp\/v2\/posts"}],"about":[{"href":"https:\/\/www.bitacoracdmx.com\/index.php?rest_route=\/wp\/v2\/types\/post"}],"author":[{"embeddable":true,"href":"https:\/\/www.bitacoracdmx.com\/index.php?rest_route=\/wp\/v2\/users\/1"}],"replies":[{"embeddable":true,"href":"https:\/\/www.bitacoracdmx.com\/index.php?rest_route=%2Fwp%2Fv2%2Fcomments&post=42505"}],"version-history":[{"count":1,"href":"https:\/\/www.bitacoracdmx.com\/index.php?rest_route=\/wp\/v2\/posts\/42505\/revisions"}],"predecessor-version":[{"id":42507,"href":"https:\/\/www.bitacoracdmx.com\/index.php?rest_route=\/wp\/v2\/posts\/42505\/revisions\/42507"}],"wp:featuredmedia":[{"embeddable":true,"href":"https:\/\/www.bitacoracdmx.com\/index.php?rest_route=\/wp\/v2\/media\/42506"}],"wp:attachment":[{"href":"https:\/\/www.bitacoracdmx.com\/index.php?rest_route=%2Fwp%2Fv2%2Fmedia&parent=42505"}],"wp:term":[{"taxonomy":"category","embeddable":true,"href":"https:\/\/www.bitacoracdmx.com\/index.php?rest_route=%2Fwp%2Fv2%2Fcategories&post=42505"},{"taxonomy":"post_tag","embeddable":true,"href":"https:\/\/www.bitacoracdmx.com\/index.php?rest_route=%2Fwp%2Fv2%2Ftags&post=42505"}],"curies":[{"name":"wp","href":"https:\/\/api.w.org\/{rel}","templated":true}]}}