{"id":42638,"date":"2022-01-13T03:36:03","date_gmt":"2022-01-13T03:36:03","guid":{"rendered":"https:\/\/www.bitacoracdmx.com\/?p=42638"},"modified":"2022-01-13T03:36:03","modified_gmt":"2022-01-13T03:36:03","slug":"cafe-chocolate-fest-feb-12-y-13-2022-palacio-de-la-autonomia","status":"publish","type":"post","link":"https:\/\/www.bitacoracdmx.com\/?p=42638","title":{"rendered":"Caf\u00e9 &#038; Chocolate Fest\/ Feb 12 y 13, 2022\/ Palacio de la Autonom\u00eda."},"content":{"rendered":"<p>[fusion_builder_container hundred_percent=&#8221;no&#8221; equal_height_columns=&#8221;no&#8221; menu_anchor=&#8221;&#8221; hide_on_mobile=&#8221;small-visibility,medium-visibility,large-visibility&#8221; class=&#8221;&#8221; id=&#8221;&#8221; background_color=&#8221;&#8221; background_image=&#8221;&#8221; background_position=&#8221;center center&#8221; background_repeat=&#8221;no-repeat&#8221; fade=&#8221;no&#8221; background_parallax=&#8221;none&#8221; parallax_speed=&#8221;0.3&#8243; video_mp4=&#8221;&#8221; video_webm=&#8221;&#8221; video_ogv=&#8221;&#8221; video_url=&#8221;&#8221; video_aspect_ratio=&#8221;16:9&#8243; video_loop=&#8221;yes&#8221; video_mute=&#8221;yes&#8221; overlay_color=&#8221;&#8221; video_preview_image=&#8221;&#8221; border_size=&#8221;&#8221; border_color=&#8221;&#8221; border_style=&#8221;solid&#8221; padding_top=&#8221;&#8221; padding_bottom=&#8221;&#8221; padding_left=&#8221;&#8221; padding_right=&#8221;&#8221;][fusion_builder_row][fusion_builder_column type=&#8221;1_1&#8243; layout=&#8221;1_1&#8243; background_position=&#8221;left top&#8221; background_color=&#8221;&#8221; border_size=&#8221;&#8221; border_color=&#8221;&#8221; border_style=&#8221;solid&#8221; border_position=&#8221;all&#8221; spacing=&#8221;yes&#8221; background_image=&#8221;&#8221; background_repeat=&#8221;no-repeat&#8221; padding_top=&#8221;&#8221; padding_right=&#8221;&#8221; padding_bottom=&#8221;&#8221; padding_left=&#8221;&#8221; margin_top=&#8221;0px&#8221; margin_bottom=&#8221;0px&#8221; class=&#8221;&#8221; id=&#8221;&#8221; animation_type=&#8221;&#8221; animation_speed=&#8221;0.3&#8243; animation_direction=&#8221;left&#8221; hide_on_mobile=&#8221;small-visibility,medium-visibility,large-visibility&#8221; center_content=&#8221;no&#8221; last=&#8221;no&#8221; min_height=&#8221;&#8221; hover_type=&#8221;none&#8221; link=&#8221;&#8221;][fusion_text]<\/p>\n<p><strong>REDACCI\u00d3N<\/strong><\/p>\n<p>-Para deleite del paladar, 40 expositores ofrecer\u00e1n desde cacao y caf\u00e9 de grano, hasta deliciosos postres y ex\u00f3ticos chocolates. Al adquirirlos se apoya al programa de Becas de la Fundaci\u00f3n UNAM.<\/p>\n<p>-Catas, Talleres, Conferencias, Cuenta cuentos y el fabuloso Emociorama, son actividades gratuitas que acompa\u00f1an este festival cultural.<\/p>\n<p>El Palacio de la Autonom\u00eda es un museo y centro cultural ubicado en calle Lic. Primo De Verdad No. 2 esq. con Moneda, en el Centro Hist\u00f3rico de la Ciudad de M\u00e9xico, perteneciente a la m\u00e1s grande casa de estudios de nuestro pa\u00eds, la Universidad Nacional Aut\u00f3noma de M\u00e9xico.<\/p>\n<p>Ser\u00e1 en este bello recinto donde se llevar\u00e1 a cabo la treceava edici\u00f3n del CAF\u00c9 &amp; CHOCOLATE FEST, sin duda un festival cultural y gastron\u00f3mico predilecto del mexicano y de los turistas que coinciden durante su visita al Templo Mayor y alrededores.<\/p>\n<p>Participan 40 expositores, algunos de ellos, peque\u00f1os productores del sureste y centro del pa\u00eds.<\/p>\n<p>En este fest\u00edn de sabores, se puede probar desde la semilla de cacao y el grano de caf\u00e9, hasta los m\u00e1s deliciosos productos derivados de ellos y conocer su trasfondo cultural, ya que adem\u00e1s de la degustaci\u00f3n y venta, se ha dise\u00f1ado un programa de actividades gratuitas que incluye catas, talleres para aprender a moler caf\u00e9 \u00f3 elaborar chocolate, conferencias y charlas para conocer su origen y gestiones ancestrales que impactaron en el comercio y la econom\u00eda de M\u00e9xico y el mundo y para saber acerca de las propiedades que benefician no solo a la salud, sino al estado de \u00e1nimo e inclusive est\u00e9ticamente. Para los m\u00e1s peque\u00f1os se tendr\u00e1n actividades recreativas como el Teatro de Papel y Cuenta Cuentos.<\/p>\n<p>Para quienes se quieran adentrar al mundo de los sentidos a trav\u00e9s de un recorrido multisensorial para experimentar aromas, sabores, texturas, sonidos y movimientos que despierten su imaginaci\u00f3n y detonen sensaciones y emociones gratificantes, todo con elementos de caf\u00e9, cacao y chocolate, habr\u00e1 un espacio llamado Emociorama, el cual se podr\u00e1 explorar con ojos cerrados con la gu\u00eda de talleristas sensonautas.<\/p>\n<p>Tengan en mente las fechas del s\u00e1bado 12 y domingo 13 de febrero de 2022, para asistir de 11 a 20 H., al CAF\u00c9 &amp; CHOCOLATE FEST, donde podr\u00e1n consentir su paladar y conseguir el caf\u00e9 de su preferencia, encontrando todas las categor\u00edas como ar\u00e1bigo, robusta, lib\u00e9rica y excelsa y variedades como gourmet u org\u00e1nico, molido \u00f3 en grano, descafeinado, americano \u00f3 espresso, bebidas calientes \u00f3 fr\u00edas y tradicionales de nuestro M\u00e9xico como el tascalate, chilate y pozol.<\/p>\n<p>Para los amantes del chocolate, la lista es interminable: Chocolate oscuro, blanco, amargo, con sal, con chapulines y gusanos de maguey, elaborados con alto porcentaje de cacao, preparados artesanalmente con sorprendentes dise\u00f1os que pareciera que son para coleccionar y con ex\u00f3ticos sabores y combinaciones como t\u00e9 verde con cacao en polvo, frambuesa, jamaica y cardamomo, con flores comestibles y especies, mole, queso azul, etc., trufas, enjambres, frutos frescos rellenos con quesos artesanales y malvaviscos cubiertos de chocolate, exquisitos dulces, mazapanes, alfajores, helados, pan artesanal, pasteles y por si fuera poco, tambi\u00e9n habr\u00e1 disponibles cosm\u00e9ticos, jabones, cremas faciales y corporales a base de caf\u00e9 y chocolate.<\/p>\n<p>LA ENTRADA ES LIBRE y parte de los ingresos por la venta de productos y alimentos, se aportar\u00e1 al programa de BECAS de la FUNDACI\u00d3N UNAM.<\/p>\n<p>**El evento contar\u00e1 con todas las medidas sanitarias establecidas y el uso de cubrebocas ser\u00e1 obligatorio.<\/p>\n<p>CAF\u00c9 &amp; CHOCOLATE FEST<\/p>\n<p>S\u00e1bado 12 y Domingo 13 de Febrero de 2022.<\/p>\n<p>11 a 20 H.<\/p>\n<p>PALACIO DE LA AUTONOM\u00cdA, DE LA FUNDACI\u00d3N UNAM.<\/p>\n<p>Calle Lic. Primo De Verdad No. 2 esq. con Moneda, C.P. 06060, Centro Hist\u00f3rico.<\/p>\n<p>(Junto a la Salida del Templo Mayor)<\/p>\n<p>EVENTO FAMILIAR. ENTRADA LIBRE.<\/p>\n<p>**Medidas Sanitarias<\/p>\n<p>https:\/\/www.facebook.com\/cafeychocolatefest\/ www.facebook.com\/fundacion.unam.mx www.fundacionunam.org.mx<\/p>\n<p>@cafeychocolatefest_<\/p>\n<p>@Fundaci\u00f3n_UNAM<\/p>\n<p>@Museo_Autonom\u00eda<\/p>\n<p>[\/fusion_text][fusion_imageframe image_id=&#8221;42639|medium&#8221; max_width=&#8221;&#8221; style_type=&#8221;&#8221; blur=&#8221;&#8221; stylecolor=&#8221;&#8221; hover_type=&#8221;none&#8221; bordersize=&#8221;&#8221; bordercolor=&#8221;&#8221; borderradius=&#8221;&#8221; align=&#8221;none&#8221; lightbox=&#8221;no&#8221; gallery_id=&#8221;&#8221; lightbox_image=&#8221;&#8221; lightbox_image_id=&#8221;&#8221; alt=&#8221;&#8221; link=&#8221;&#8221; linktarget=&#8221;_self&#8221; hide_on_mobile=&#8221;small-visibility,medium-visibility,large-visibility&#8221; class=&#8221;&#8221; id=&#8221;&#8221; animation_type=&#8221;&#8221; animation_direction=&#8221;left&#8221; animation_speed=&#8221;0.3&#8243; animation_offset=&#8221;&#8221;]https:\/\/www.bitacoracdmx.com\/wp-content\/uploads\/2022\/01\/CAFE\u0301-Y-CHOCLATE-FEST-EVENTO-300&#215;169.jpg[\/fusion_imageframe][\/fusion_builder_column][\/fusion_builder_row][\/fusion_builder_container]<\/p>\n","protected":false},"excerpt":{"rendered":"<p>[fusion_builder_container hundred_percent=&#8221;no&#8221; equal_height_columns=&#8221;no&#8221; menu_anchor=&#8221;&#8221; hide_on_mobile=&#8221;small-visibility,medium-visibility,large-visibility&#8221; class=&#8221;&#8221; id=&#8221;&#8221; background_color=&#8221;&#8221; background_image=&#8221;&#8221; background_position=&#8221;center center&#8221; background_repeat=&#8221;no-repeat&#8221; fade=&#8221;no&#8221; background_parallax=&#8221;none&#8221; parallax_speed=&#8221;0.3&#8243; video_mp4=&#8221;&#8221; video_webm=&#8221;&#8221; video_ogv=&#8221;&#8221; video_url=&#8221;&#8221; video_aspect_ratio=&#8221;16:9&#8243; video_loop=&#8221;yes&#8221; video_mute=&#8221;yes&#8221; overlay_color=&#8221;&#8221; video_preview_image=&#8221;&#8221; border_size=&#8221;&#8221; border_color=&#8221;&#8221; border_style=&#8221;solid&#8221; padding_top=&#8221;&#8221; padding_bottom=&#8221;&#8221; padding_left=&#8221;&#8221; padding_right=&#8221;&#8221;][fusion_builder_row][fusion_builder_column type=&#8221;1_1&#8243; layout=&#8221;1_1&#8243; background_position=&#8221;left top&#8221; background_color=&#8221;&#8221; border_size=&#8221;&#8221; border_color=&#8221;&#8221; border_style=&#8221;solid&#8221; border_position=&#8221;all&#8221; spacing=&#8221;yes&#8221; background_image=&#8221;&#8221; background_repeat=&#8221;no-repeat&#8221; padding_top=&#8221;&#8221; padding_right=&#8221;&#8221; padding_bottom=&#8221;&#8221; padding_left=&#8221;&#8221; margin_top=&#8221;0px&#8221; margin_bottom=&#8221;0px&#8221; class=&#8221;&#8221; id=&#8221;&#8221; animation_type=&#8221;&#8221; animation_speed=&#8221;0.3&#8243; animation_direction=&#8221;left&#8221; hide_on_mobile=&#8221;small-visibility,medium-visibility,large-visibility&#8221; center_content=&#8221;no&#8221; last=&#8221;no&#8221; min_height=&#8221;&#8221; hover_type=&#8221;none&#8221; link=&#8221;&#8221;][fusion_text] REDACCI\u00d3N -Para deleite del paladar, 40 expositores ofrecer\u00e1n desde cacao y caf\u00e9 de grano, hasta deliciosos postres y ex\u00f3ticos chocolates. Al adquirirlos se apoya al programa de Becas de la Fundaci\u00f3n UNAM. -Catas, Talleres, Conferencias, Cuenta cuentos y el fabuloso [&hellip;]<\/p>\n","protected":false},"author":1,"featured_media":42639,"comment_status":"open","ping_status":"open","sticky":false,"template":"","format":"standard","meta":{"footnotes":""},"categories":[4,8,9],"tags":[],"_links":{"self":[{"href":"https:\/\/www.bitacoracdmx.com\/index.php?rest_route=\/wp\/v2\/posts\/42638"}],"collection":[{"href":"https:\/\/www.bitacoracdmx.com\/index.php?rest_route=\/wp\/v2\/posts"}],"about":[{"href":"https:\/\/www.bitacoracdmx.com\/index.php?rest_route=\/wp\/v2\/types\/post"}],"author":[{"embeddable":true,"href":"https:\/\/www.bitacoracdmx.com\/index.php?rest_route=\/wp\/v2\/users\/1"}],"replies":[{"embeddable":true,"href":"https:\/\/www.bitacoracdmx.com\/index.php?rest_route=%2Fwp%2Fv2%2Fcomments&post=42638"}],"version-history":[{"count":1,"href":"https:\/\/www.bitacoracdmx.com\/index.php?rest_route=\/wp\/v2\/posts\/42638\/revisions"}],"predecessor-version":[{"id":42640,"href":"https:\/\/www.bitacoracdmx.com\/index.php?rest_route=\/wp\/v2\/posts\/42638\/revisions\/42640"}],"wp:featuredmedia":[{"embeddable":true,"href":"https:\/\/www.bitacoracdmx.com\/index.php?rest_route=\/wp\/v2\/media\/42639"}],"wp:attachment":[{"href":"https:\/\/www.bitacoracdmx.com\/index.php?rest_route=%2Fwp%2Fv2%2Fmedia&parent=42638"}],"wp:term":[{"taxonomy":"category","embeddable":true,"href":"https:\/\/www.bitacoracdmx.com\/index.php?rest_route=%2Fwp%2Fv2%2Fcategories&post=42638"},{"taxonomy":"post_tag","embeddable":true,"href":"https:\/\/www.bitacoracdmx.com\/index.php?rest_route=%2Fwp%2Fv2%2Ftags&post=42638"}],"curies":[{"name":"wp","href":"https:\/\/api.w.org\/{rel}","templated":true}]}}