{"id":42644,"date":"2022-01-13T03:56:56","date_gmt":"2022-01-13T03:56:56","guid":{"rendered":"https:\/\/www.bitacoracdmx.com\/?p=42644"},"modified":"2022-01-13T03:56:56","modified_gmt":"2022-01-13T03:56:56","slug":"celebrando-a-angel-norzagaray-homenaje-a-uno-de-los-referentes-obligados-del-teatro-contemporaneo-mexicano","status":"publish","type":"post","link":"https:\/\/www.bitacoracdmx.com\/?p=42644","title":{"rendered":"Celebrando a \u00c1ngel Norzagaray, homenaje a uno de los referentes obligados del teatro contempor\u00e1neo mexicano."},"content":{"rendered":"<p>[fusion_builder_container hundred_percent=&#8221;no&#8221; equal_height_columns=&#8221;no&#8221; menu_anchor=&#8221;&#8221; hide_on_mobile=&#8221;small-visibility,medium-visibility,large-visibility&#8221; class=&#8221;&#8221; id=&#8221;&#8221; background_color=&#8221;&#8221; background_image=&#8221;&#8221; background_position=&#8221;center center&#8221; background_repeat=&#8221;no-repeat&#8221; fade=&#8221;no&#8221; background_parallax=&#8221;none&#8221; parallax_speed=&#8221;0.3&#8243; video_mp4=&#8221;&#8221; video_webm=&#8221;&#8221; video_ogv=&#8221;&#8221; video_url=&#8221;&#8221; video_aspect_ratio=&#8221;16:9&#8243; video_loop=&#8221;yes&#8221; video_mute=&#8221;yes&#8221; overlay_color=&#8221;&#8221; video_preview_image=&#8221;&#8221; border_size=&#8221;&#8221; border_color=&#8221;&#8221; border_style=&#8221;solid&#8221; padding_top=&#8221;&#8221; padding_bottom=&#8221;&#8221; padding_left=&#8221;&#8221; padding_right=&#8221;&#8221;][fusion_builder_row][fusion_builder_column type=&#8221;1_1&#8243; layout=&#8221;1_1&#8243; background_position=&#8221;left top&#8221; background_color=&#8221;&#8221; border_size=&#8221;&#8221; border_color=&#8221;&#8221; border_style=&#8221;solid&#8221; border_position=&#8221;all&#8221; spacing=&#8221;yes&#8221; background_image=&#8221;&#8221; background_repeat=&#8221;no-repeat&#8221; padding_top=&#8221;&#8221; padding_right=&#8221;&#8221; padding_bottom=&#8221;&#8221; padding_left=&#8221;&#8221; margin_top=&#8221;0px&#8221; margin_bottom=&#8221;0px&#8221; class=&#8221;&#8221; id=&#8221;&#8221; animation_type=&#8221;&#8221; animation_speed=&#8221;0.3&#8243; animation_direction=&#8221;left&#8221; hide_on_mobile=&#8221;small-visibility,medium-visibility,large-visibility&#8221; center_content=&#8221;no&#8221; last=&#8221;no&#8221; min_height=&#8221;&#8221; hover_type=&#8221;none&#8221; link=&#8221;&#8221;][fusion_text]<\/p>\n<p>REDACCI\u00d3N<\/p>\n<p class=\"x_gmail-MsoListParagraphCxSpFirst\"><span class=\"x_gmail-bumpedfont15\">\u00b7 <\/span><span class=\"x_gmail-bumpedfont15\"><b>Con su \u00faltima puesta en escena,\u00a0<i>Conejos en el Valle de la Muerte<\/i>\u00a0(basada en un texto del dramaturgo Daniel Serrano), se reconocer\u00e1 la vida y la obra del creador esc\u00e9nico<\/b><\/span><b><\/b><\/p>\n<p class=\"x_gmail-MsoListParagraphCxSpLast\">\u00b7<span class=\"x_gmail-bumpedfont15\"><b>Se contar\u00e1 con dos funciones en el Teatro de la Ciudad Esperanza Iris<\/b><\/span><\/p>\n<p class=\"x_MsoNormal\">El pasado 27 de diciembre, luego de varios meses de lucha contra una enfermedad, el actor, director, dramaturgo y catedr\u00e1tico \u00c1ngel Norzagaray Norzagaray (1961-2021) falleci\u00f3 a la edad de 61 a\u00f1os, en la ciudad de Tijuana, Baja California. A manera de homenaje de la comunidad art\u00edstica y de la Direcci\u00f3n del Sistema de Teatros de la Secretar\u00eda de Cultura de la Ciudad de M\u00e9xico, se presentar\u00e1\u00a0<b><i>Conejos en el Valle de la Muerte,\u00a0<\/i><\/b>su \u00faltima direcci\u00f3n esc\u00e9nica, en el\u00a0<b>Teatro de la Ciudad Esperanza Iris<\/b>.<\/p>\n<p class=\"x_MsoNormal\">Con dos funciones especiales se llevar\u00e1 a cabo esta temporada de homenaje (s\u00e1bado 29 y domingo 30 de enero) en el recinto de Donceles bajo el concepto\u00a0<b><i>Celebrando a \u00c1ngel Norzagaray<\/i><\/b>.<\/p>\n<p class=\"x_MsoNormal\">Si hay un referente obligado en materia de arte y cultura en el noroeste mexicano, un artista controvertido y rebelde, por lo mismo, querido y entra\u00f1able, ese es \u00c1ngel Norzagaray. Nacido en La Trinidad, Sinaloa, estudi\u00f3 Teatro en la Universidad Veracruzana y se doctor\u00f3 en Literatura por la Universidad de Valladolid, Espa\u00f1a. Fue director del Instituto de Cultura de Baja California y Vicerrector del campus Mexicali de la Universidad Aut\u00f3noma de esa entidad, donde radic\u00f3 desde muy joven. Creador Em\u00e9rito del mismo estado y miembro del Sistema Nacional de Creadores de Arte, recibi\u00f3 numerosos premios por su labor acad\u00e9mica, art\u00edstica, literaria y period\u00edstica.<\/p>\n<p class=\"x_MsoNormal\">Fund\u00f3 la compa\u00f1\u00eda de teatro Mexicali a Secas y con ella realiz\u00f3, a lo largo de 35 a\u00f1os, importantes montajes como:\u00a0<i>El viaje de los cantores<\/i>\u00a0(con la Compa\u00f1\u00eda Nacional de Teatro),\u00a0<i>El \u00e1lamo santo<\/i>,\u00a0<i>Cartas al pie de un \u00e1rbol<\/i>,\u00a0<i>Una isla llamada California<\/i>,\u00a0<i>El velorio de los mangos<\/i>,\u00a0<i>Los afectos del pr\u00edncipe y La balada de Miguel Chivo<\/i>, entre otras. En 2012 el Instituto Nacional de Bellas Artes y Literatura (INBAL) le otorg\u00f3 su m\u00e1xima condecoraci\u00f3n en materia de teatro: la Medalla Xavier Villaurrutia.<\/p>\n<p class=\"x_MsoNormal\">En 2016 el dramaturgo sonorense Daniel Serrano gan\u00f3 el Concurso del Libro Sonorense con la obra\u00a0<b><i>Conejos en el Valle de la Muerte<\/i><\/b>. En 2017, Norzagaray la llev\u00f3 al teatro con gran \u00e9xito. La puesta en escena se present\u00f3 en Tijuana y Mexicali, Baja California y un a\u00f1o despu\u00e9s viaj\u00f3 a Monterrey, Nuevo Le\u00f3n, y posteriormente se escenific\u00f3 en el Festival Internacional de Armenia, Colombia. Un a\u00f1o despu\u00e9s tuvo funciones en Mazatl\u00e1n, Sinaloa, y, en cada ocasi\u00f3n, despert\u00f3 elogiosos comentarios del p\u00fablico y de la cr\u00edtica.<\/p>\n<p class=\"x_MsoNormal\"><b><i>Conejos en el Valle de la Muerte<\/i><\/b>\u00a0es una propuesta en un solo acto, con una duraci\u00f3n de una hora y quince minutos, tiempo durante el cual se ve a los personajes desenvolverse en un espacio vac\u00edo, que utiliza \u00fanicamente un elemento escenogr\u00e1fico y apoyados por la iluminaci\u00f3n y el vestuario que recrean los espacios necesarios para el desarrollo de la escena, toda vez que el director \u00c1ngel Norzagaray puso \u00e9nfasis aqu\u00ed en una de sus principales preocupaciones: la direcci\u00f3n de actores, a fin de invitar a \u201crepensar y especular sobre la belleza de vivir la muerte\u201d.<\/p>\n<p class=\"x_MsoNormal\">Todo ello se enmarca en la historia de Renato, un abogado con aspiraciones de dramaturgo, que est\u00e1 en contra de la transferencia, un procedimiento m\u00e9dico que se realiza a trav\u00e9s de una m\u00e1quina que es capaz de pasar una enfermedad de un cuerpo a otro. Pero Renato tambi\u00e9n es abogado y pol\u00edtico, y puede llevar al congreso la propuesta de erradicar dicha acci\u00f3n.<\/p>\n<p class=\"x_MsoNormal\">Sin embargo, uno de sus mejores amigos, Mario, est\u00e1 a favor, y a pesar de la amistad, est\u00e1 dispuesto a dar la batalla. Un tercer personaje, Gerardo, ser\u00e1 el contrapunto de la historia, y de la disyuntiva en la que se encontrar\u00e1 Renato, a ra\u00edz de una peripecia dram\u00e1tica, en la que el amor, la amistad y la muerte juegan un papel fundamental.<\/p>\n<p class=\"x_MsoNormal\">En la puesta participan los actores Juan Manuel Raygoza, H\u00e9ctor Jim\u00e9nez y Abel Gonz\u00e1lez. Colaboran tambi\u00e9n Guadalupe Arreola en la iluminaci\u00f3n, S\u00f3stenes Rojas en el vestuario, Juan Carlos Villanueva en la sonorizaci\u00f3n, Mario Mart\u00ednez en el dise\u00f1o gr\u00e1fico y Alfonso Lorenzana en la fotograf\u00eda, en\u00a0 producci\u00f3n est\u00e1 H\u00e9ctor Jim\u00e9nez.<\/p>\n<p class=\"x_MsoNormal\"><b><i>Celebrando a \u00c1ngel Norzagaray. Temporada de homenaje. Conejos en el Valle de la Muerte<\/i><\/b>\u00a0se escenificar\u00e1 el s\u00e1bado 29 de enero a las 19:00 horas y el domingo 30 a las 18:00 horas, en el\u00a0<b>Teatro de la Ciudad Esperanza Iris<\/b>\u00a0(Donceles 36, Centro Hist\u00f3rico, Metro Allende), con las\u00a0disposiciones del sem\u00e1foro epidemiol\u00f3gico vigente: cupo limitado al 75 por ciento de la capacidad del recinto y uso permanente de cubre-bocas, gel anti-bacterial y registro de c\u00f3digo QR por parte tanto del personal del teatro como de los espectadores.<\/p>\n<p class=\"x_MsoNormal\"><b>Admisi\u00f3n<\/b>: $250, entrada general.\u00a0Los boletos se pueden adquirir en la taquilla del teatro y en\u00a0las plataformas digitales de Ticketmaster.<\/p>\n<p class=\"x_MsoNormal\">Para conocer la programaci\u00f3n de la\u00a0<b>Direcci\u00f3n del Sistema de Teatros de la Ciudad de M\u00e9xico<\/b>\u00a0visite las\u00a0redes sociales: Facebook @TeatrosCdMexico, Twitter @TeatrosCdMexico e Instagram @teatroscdmexico.<\/p>\n<p class=\"x_MsoNormal\">Siga a la <strong>Secretar\u00eda de Cultura de la Ciudad de M\u00e9xico<\/strong>\u00a0a trav\u00e9s de su p\u00e1gina oficial (<span lang=\"EN-US\"><a href=\"https:\/\/cultura.cdmx.gob.mx\/\" target=\"_blank\" rel=\"noopener noreferrer\" data-auth=\"NotApplicable\" data-linkindex=\"3\"><span lang=\"ES-MX\">https:\/\/cultura.cdmx.gob.mx\/<\/span><\/a><\/span>), sus redes sociales (<span lang=\"EN-US\"><a href=\"https:\/\/www.facebook.com\/Cultura.Ciudad.de.Mexico\" target=\"_blank\" rel=\"noopener noreferrer\" data-auth=\"NotApplicable\" data-linkindex=\"4\"><span lang=\"ES-MX\">Facebook<\/span><\/a><\/span>,\u00a0<span lang=\"EN-US\"><a href=\"https:\/\/twitter.com\/CulturaCiudadMx\" target=\"_blank\" rel=\"noopener noreferrer\" data-auth=\"NotApplicable\" data-linkindex=\"5\"><span lang=\"ES-MX\">Twitter<\/span><\/a><\/span>,\u00a0<span lang=\"EN-US\"><a href=\"https:\/\/www.instagram.com\/culturaciudadmx\/?hl=es-la\" target=\"_blank\" rel=\"noopener noreferrer\" data-auth=\"NotApplicable\" data-linkindex=\"6\"><span lang=\"ES-MX\">Instagram<\/span><\/a><\/span>\u00a0y\u00a0<span lang=\"EN-US\"><a href=\"https:\/\/www.youtube.com\/user\/culturamadf\" target=\"_blank\" rel=\"noopener noreferrer\" data-auth=\"NotApplicable\" data-linkindex=\"7\"><span lang=\"ES-MX\">YouTube<\/span><\/a><\/span>) y en la plataforma digital\u00a0<span lang=\"EN-US\"><a href=\"http:\/\/www.capitalculturalennuestracasa.cdmx.gob.mx\/\" target=\"_blank\" rel=\"noopener noreferrer\" data-auth=\"NotApplicable\" data-linkindex=\"8\"><i><span lang=\"ES-MX\">Capital Cultural en Nuestra Casa<\/span><\/i><\/a><\/span>.<\/p>\n<div>\u00a0.<\/div>\n<p>[\/fusion_text][fusion_imageframe image_id=&#8221;42646|medium&#8221; max_width=&#8221;&#8221; style_type=&#8221;&#8221; blur=&#8221;&#8221; stylecolor=&#8221;&#8221; hover_type=&#8221;none&#8221; bordersize=&#8221;&#8221; bordercolor=&#8221;&#8221; borderradius=&#8221;&#8221; align=&#8221;none&#8221; lightbox=&#8221;no&#8221; gallery_id=&#8221;&#8221; lightbox_image=&#8221;&#8221; lightbox_image_id=&#8221;&#8221; alt=&#8221;&#8221; link=&#8221;&#8221; linktarget=&#8221;_self&#8221; hide_on_mobile=&#8221;small-visibility,medium-visibility,large-visibility&#8221; class=&#8221;&#8221; id=&#8221;&#8221; animation_type=&#8221;&#8221; animation_direction=&#8221;left&#8221; animation_speed=&#8221;0.3&#8243; animation_offset=&#8221;&#8221;]https:\/\/www.bitacoracdmx.com\/wp-content\/uploads\/2022\/01\/descargar-2022-01-04T215535.990-1-212&#215;300.png[\/fusion_imageframe][\/fusion_builder_column][\/fusion_builder_row][\/fusion_builder_container]<\/p>\n","protected":false},"excerpt":{"rendered":"<p>[fusion_builder_container hundred_percent=&#8221;no&#8221; equal_height_columns=&#8221;no&#8221; menu_anchor=&#8221;&#8221; hide_on_mobile=&#8221;small-visibility,medium-visibility,large-visibility&#8221; class=&#8221;&#8221; id=&#8221;&#8221; background_color=&#8221;&#8221; background_image=&#8221;&#8221; background_position=&#8221;center center&#8221; background_repeat=&#8221;no-repeat&#8221; fade=&#8221;no&#8221; background_parallax=&#8221;none&#8221; parallax_speed=&#8221;0.3&#8243; video_mp4=&#8221;&#8221; video_webm=&#8221;&#8221; video_ogv=&#8221;&#8221; video_url=&#8221;&#8221; video_aspect_ratio=&#8221;16:9&#8243; video_loop=&#8221;yes&#8221; video_mute=&#8221;yes&#8221; overlay_color=&#8221;&#8221; video_preview_image=&#8221;&#8221; border_size=&#8221;&#8221; border_color=&#8221;&#8221; border_style=&#8221;solid&#8221; padding_top=&#8221;&#8221; padding_bottom=&#8221;&#8221; padding_left=&#8221;&#8221; padding_right=&#8221;&#8221;][fusion_builder_row][fusion_builder_column type=&#8221;1_1&#8243; layout=&#8221;1_1&#8243; background_position=&#8221;left top&#8221; background_color=&#8221;&#8221; border_size=&#8221;&#8221; border_color=&#8221;&#8221; border_style=&#8221;solid&#8221; border_position=&#8221;all&#8221; spacing=&#8221;yes&#8221; background_image=&#8221;&#8221; background_repeat=&#8221;no-repeat&#8221; padding_top=&#8221;&#8221; padding_right=&#8221;&#8221; padding_bottom=&#8221;&#8221; padding_left=&#8221;&#8221; margin_top=&#8221;0px&#8221; margin_bottom=&#8221;0px&#8221; class=&#8221;&#8221; id=&#8221;&#8221; animation_type=&#8221;&#8221; animation_speed=&#8221;0.3&#8243; animation_direction=&#8221;left&#8221; hide_on_mobile=&#8221;small-visibility,medium-visibility,large-visibility&#8221; center_content=&#8221;no&#8221; last=&#8221;no&#8221; min_height=&#8221;&#8221; hover_type=&#8221;none&#8221; link=&#8221;&#8221;][fusion_text] REDACCI\u00d3N \u00b7 Con su \u00faltima puesta en escena,\u00a0Conejos en el Valle de la Muerte\u00a0(basada en un texto del dramaturgo Daniel Serrano), se reconocer\u00e1 la vida y la obra del creador esc\u00e9nico \u00b7Se contar\u00e1 con dos funciones en el Teatro de [&hellip;]<\/p>\n","protected":false},"author":1,"featured_media":42646,"comment_status":"open","ping_status":"open","sticky":false,"template":"","format":"standard","meta":{"footnotes":""},"categories":[9,14],"tags":[],"_links":{"self":[{"href":"https:\/\/www.bitacoracdmx.com\/index.php?rest_route=\/wp\/v2\/posts\/42644"}],"collection":[{"href":"https:\/\/www.bitacoracdmx.com\/index.php?rest_route=\/wp\/v2\/posts"}],"about":[{"href":"https:\/\/www.bitacoracdmx.com\/index.php?rest_route=\/wp\/v2\/types\/post"}],"author":[{"embeddable":true,"href":"https:\/\/www.bitacoracdmx.com\/index.php?rest_route=\/wp\/v2\/users\/1"}],"replies":[{"embeddable":true,"href":"https:\/\/www.bitacoracdmx.com\/index.php?rest_route=%2Fwp%2Fv2%2Fcomments&post=42644"}],"version-history":[{"count":1,"href":"https:\/\/www.bitacoracdmx.com\/index.php?rest_route=\/wp\/v2\/posts\/42644\/revisions"}],"predecessor-version":[{"id":42647,"href":"https:\/\/www.bitacoracdmx.com\/index.php?rest_route=\/wp\/v2\/posts\/42644\/revisions\/42647"}],"wp:featuredmedia":[{"embeddable":true,"href":"https:\/\/www.bitacoracdmx.com\/index.php?rest_route=\/wp\/v2\/media\/42646"}],"wp:attachment":[{"href":"https:\/\/www.bitacoracdmx.com\/index.php?rest_route=%2Fwp%2Fv2%2Fmedia&parent=42644"}],"wp:term":[{"taxonomy":"category","embeddable":true,"href":"https:\/\/www.bitacoracdmx.com\/index.php?rest_route=%2Fwp%2Fv2%2Fcategories&post=42644"},{"taxonomy":"post_tag","embeddable":true,"href":"https:\/\/www.bitacoracdmx.com\/index.php?rest_route=%2Fwp%2Fv2%2Ftags&post=42644"}],"curies":[{"name":"wp","href":"https:\/\/api.w.org\/{rel}","templated":true}]}}