{"id":42648,"date":"2022-01-13T04:09:12","date_gmt":"2022-01-13T04:09:12","guid":{"rendered":"https:\/\/www.bitacoracdmx.com\/?p=42648"},"modified":"2022-01-13T04:09:12","modified_gmt":"2022-01-13T04:09:12","slug":"llega-a-la-capilla-gotica-multi-versos-una-apuesta-por-la-musica-y-lo-cotidiano","status":"publish","type":"post","link":"https:\/\/www.bitacoracdmx.com\/?p=42648","title":{"rendered":"Llega a la Capilla G\u00f3tica Multi versos, una apuesta por la m\u00fasica y lo cotidiano."},"content":{"rendered":"<p>[fusion_builder_container hundred_percent=&#8221;no&#8221; equal_height_columns=&#8221;no&#8221; menu_anchor=&#8221;&#8221; hide_on_mobile=&#8221;small-visibility,medium-visibility,large-visibility&#8221; class=&#8221;&#8221; id=&#8221;&#8221; background_color=&#8221;&#8221; background_image=&#8221;&#8221; background_position=&#8221;center center&#8221; background_repeat=&#8221;no-repeat&#8221; fade=&#8221;no&#8221; background_parallax=&#8221;none&#8221; parallax_speed=&#8221;0.3&#8243; video_mp4=&#8221;&#8221; video_webm=&#8221;&#8221; video_ogv=&#8221;&#8221; video_url=&#8221;&#8221; video_aspect_ratio=&#8221;16:9&#8243; video_loop=&#8221;yes&#8221; video_mute=&#8221;yes&#8221; overlay_color=&#8221;&#8221; video_preview_image=&#8221;&#8221; border_size=&#8221;&#8221; border_color=&#8221;&#8221; border_style=&#8221;solid&#8221; padding_top=&#8221;&#8221; padding_bottom=&#8221;&#8221; padding_left=&#8221;&#8221; padding_right=&#8221;&#8221;][fusion_builder_row][fusion_builder_column type=&#8221;1_1&#8243; layout=&#8221;1_1&#8243; background_position=&#8221;left top&#8221; background_color=&#8221;&#8221; border_size=&#8221;&#8221; border_color=&#8221;&#8221; border_style=&#8221;solid&#8221; border_position=&#8221;all&#8221; spacing=&#8221;yes&#8221; background_image=&#8221;&#8221; background_repeat=&#8221;no-repeat&#8221; padding_top=&#8221;&#8221; padding_right=&#8221;&#8221; padding_bottom=&#8221;&#8221; padding_left=&#8221;&#8221; margin_top=&#8221;0px&#8221; margin_bottom=&#8221;0px&#8221; class=&#8221;&#8221; id=&#8221;&#8221; animation_type=&#8221;&#8221; animation_speed=&#8221;0.3&#8243; animation_direction=&#8221;left&#8221; hide_on_mobile=&#8221;small-visibility,medium-visibility,large-visibility&#8221; center_content=&#8221;no&#8221; last=&#8221;no&#8221; min_height=&#8221;&#8221; hover_type=&#8221;none&#8221; link=&#8221;&#8221;][fusion_text]<\/p>\n<p>REDACCI\u00d3N<\/p>\n<div>\u2022 Del\u00a0\u00a017 de enero al 7 de febrero, los lunes a las 20:00 horas<\/div>\n<div>\u2022 Preventa del 30% hasta el 16 de enero<br aria-hidden=\"true\" \/>\u2022 Con la direcci\u00f3n art\u00edstica de la\u00a0\u00a0cantante y actriz Denise de Ramery<\/div>\n<div><\/div>\n<div>El Centro Cultural Hel\u00e9nico arranca el 2022 de la mano con un espect\u00e1culo musical que llevar\u00e1 al p\u00fablico por un camino repleto de historias contadas a trav\u00e9s del lenguaje sonoro.\u00a0Las funciones se llevar\u00e1n a cabo del 17 de enero al 7 de febrero, los lunes a las 20:00 horas, en la memorable Capilla G\u00f3tica.<\/div>\n<div><\/div>\n<div>Se trata de dos programas musicales que oscilan entre el canto cl\u00e1sico y el teatro musical, de esta manera, las y los espectadores ser\u00e1n testigos de una conversaci\u00f3n que les har\u00e1 reconocer sus peque\u00f1os \u2014y grandes\u2014 dramas cotidianos.<\/div>\n<div><\/div>\n<div>\n<p>Las presentaciones constan de dos programas distintos:<\/p>\n<ul>\n<li><strong>Programa 1. De todo un poco<\/strong>\u00a0(lunes 17 y 24 de enero 2022)<\/li>\n<\/ul>\n<p>Un concierto de \u00f3pera, canci\u00f3n de concierto y teatro musical, llevado de la mano por una conversaci\u00f3n para involucrarnos en las historias de nuestro cotidiano.<\/p>\n<ul>\n<li><strong>Programa 2. Teatro musical<\/strong>\u00a0(lunes 31 de enero y 7 de febrero 2022)<\/li>\n<\/ul>\n<p>Escenas de teatro musical que se comunican con una variedad de lenguajes para hablar del amor, el desamor y lo que sucede en el medio.<\/p>\n<\/div>\n<div><\/div>\n<div>Ambos programas registran distintos g\u00e9neros musicales que permiten al p\u00fablico identificarse con los sucesos que se cantan en escena.<\/div>\n<div><\/div>\n<div>Es as\u00ed como\u00a0<em>Multi versos<\/em>\u00a0apuesta por las complicidades que rompen fronteras y las narraciones divergentes;\u00a0de esta forma, se demuestra que cada relato puede ser abordado por un sinf\u00edn de lenguajes.<\/div>\n<div><\/div>\n<div><em>Multi versos<\/em>\u00a0cuenta con Denise de Ramery como cantante y directora art\u00edstica, Isaac Sa\u00fal como pianista y Carlos Banega como cantante y actor invitado (participar\u00e1 en las funciones del 31 de enero y el 7 de febrero).<\/div>\n<div><\/div>\n<div>Reiteramos que los conciertos se celebrar\u00e1n\u00a0<strong>del 17 de enero al 7 de febrero, los lunes a las 20:00 horas, en la Capilla G\u00f3tica<\/strong>\u00a0.\u00a0<strong>El costo del boleto es de $155<\/strong>.\u00a0Actualmente hay una\u00a0<strong>preventa del 30% de descuento que mejorar\u00e1 hasta el 16 de enero.\u00a0<\/strong>Las localidades pueden obtenerse en las taquillas del Centro Cultural Hel\u00e9nico, ubicado en Avenida Revoluci\u00f3n 1500, o en la p\u00e1gina:\u00a0<strong>helenico.gob.mx.<\/strong><\/div>\n<div><\/div>\n<div>Se le recuerda al p\u00fablico que las funciones del Centro Cultural Hel\u00e9nico est\u00e1n supeditadas al sem\u00e1foro epidemiol\u00f3gico de la Ciudad de M\u00e9xico.\u00a0Exhortamos a las y los espectadores a acudir con responsabilidad y quedarse en casa si presentan alg\u00fan s\u00edntoma (dolor de cabeza, garganta o temperatura superior a 37,5 grados).<\/div>\n<div><\/div>\n<p>[\/fusion_text][fusion_imageframe image_id=&#8221;42649|medium&#8221; max_width=&#8221;&#8221; style_type=&#8221;&#8221; blur=&#8221;&#8221; stylecolor=&#8221;&#8221; hover_type=&#8221;none&#8221; bordersize=&#8221;&#8221; bordercolor=&#8221;&#8221; borderradius=&#8221;&#8221; align=&#8221;none&#8221; lightbox=&#8221;no&#8221; gallery_id=&#8221;&#8221; lightbox_image=&#8221;&#8221; lightbox_image_id=&#8221;&#8221; alt=&#8221;&#8221; link=&#8221;&#8221; linktarget=&#8221;_self&#8221; hide_on_mobile=&#8221;small-visibility,medium-visibility,large-visibility&#8221; class=&#8221;&#8221; id=&#8221;&#8221; animation_type=&#8221;&#8221; animation_direction=&#8221;left&#8221; animation_speed=&#8221;0.3&#8243; animation_offset=&#8221;&#8221;]https:\/\/www.bitacoracdmx.com\/wp-content\/uploads\/2022\/01\/82886bce-dbde-7bf4-cf66-aa7ec92c21a9-300&#215;300.jpg[\/fusion_imageframe][\/fusion_builder_column][\/fusion_builder_row][\/fusion_builder_container]<\/p>\n","protected":false},"excerpt":{"rendered":"<p>[fusion_builder_container hundred_percent=&#8221;no&#8221; equal_height_columns=&#8221;no&#8221; menu_anchor=&#8221;&#8221; hide_on_mobile=&#8221;small-visibility,medium-visibility,large-visibility&#8221; class=&#8221;&#8221; id=&#8221;&#8221; background_color=&#8221;&#8221; background_image=&#8221;&#8221; background_position=&#8221;center center&#8221; background_repeat=&#8221;no-repeat&#8221; fade=&#8221;no&#8221; background_parallax=&#8221;none&#8221; parallax_speed=&#8221;0.3&#8243; video_mp4=&#8221;&#8221; video_webm=&#8221;&#8221; video_ogv=&#8221;&#8221; video_url=&#8221;&#8221; video_aspect_ratio=&#8221;16:9&#8243; video_loop=&#8221;yes&#8221; video_mute=&#8221;yes&#8221; overlay_color=&#8221;&#8221; video_preview_image=&#8221;&#8221; border_size=&#8221;&#8221; border_color=&#8221;&#8221; border_style=&#8221;solid&#8221; padding_top=&#8221;&#8221; padding_bottom=&#8221;&#8221; padding_left=&#8221;&#8221; padding_right=&#8221;&#8221;][fusion_builder_row][fusion_builder_column type=&#8221;1_1&#8243; layout=&#8221;1_1&#8243; background_position=&#8221;left top&#8221; background_color=&#8221;&#8221; border_size=&#8221;&#8221; border_color=&#8221;&#8221; border_style=&#8221;solid&#8221; border_position=&#8221;all&#8221; spacing=&#8221;yes&#8221; background_image=&#8221;&#8221; background_repeat=&#8221;no-repeat&#8221; padding_top=&#8221;&#8221; padding_right=&#8221;&#8221; padding_bottom=&#8221;&#8221; padding_left=&#8221;&#8221; margin_top=&#8221;0px&#8221; margin_bottom=&#8221;0px&#8221; class=&#8221;&#8221; id=&#8221;&#8221; animation_type=&#8221;&#8221; animation_speed=&#8221;0.3&#8243; animation_direction=&#8221;left&#8221; hide_on_mobile=&#8221;small-visibility,medium-visibility,large-visibility&#8221; center_content=&#8221;no&#8221; last=&#8221;no&#8221; min_height=&#8221;&#8221; hover_type=&#8221;none&#8221; link=&#8221;&#8221;][fusion_text] REDACCI\u00d3N \u2022 Del\u00a0\u00a017 de enero al 7 de febrero, los lunes a las 20:00 horas \u2022 Preventa del 30% hasta el 16 de enero\u2022 Con la direcci\u00f3n art\u00edstica de la\u00a0\u00a0cantante y actriz Denise de Ramery El Centro Cultural Hel\u00e9nico arranca [&hellip;]<\/p>\n","protected":false},"author":1,"featured_media":42649,"comment_status":"open","ping_status":"open","sticky":false,"template":"","format":"standard","meta":{"footnotes":""},"categories":[9,14],"tags":[],"_links":{"self":[{"href":"https:\/\/www.bitacoracdmx.com\/index.php?rest_route=\/wp\/v2\/posts\/42648"}],"collection":[{"href":"https:\/\/www.bitacoracdmx.com\/index.php?rest_route=\/wp\/v2\/posts"}],"about":[{"href":"https:\/\/www.bitacoracdmx.com\/index.php?rest_route=\/wp\/v2\/types\/post"}],"author":[{"embeddable":true,"href":"https:\/\/www.bitacoracdmx.com\/index.php?rest_route=\/wp\/v2\/users\/1"}],"replies":[{"embeddable":true,"href":"https:\/\/www.bitacoracdmx.com\/index.php?rest_route=%2Fwp%2Fv2%2Fcomments&post=42648"}],"version-history":[{"count":1,"href":"https:\/\/www.bitacoracdmx.com\/index.php?rest_route=\/wp\/v2\/posts\/42648\/revisions"}],"predecessor-version":[{"id":42650,"href":"https:\/\/www.bitacoracdmx.com\/index.php?rest_route=\/wp\/v2\/posts\/42648\/revisions\/42650"}],"wp:featuredmedia":[{"embeddable":true,"href":"https:\/\/www.bitacoracdmx.com\/index.php?rest_route=\/wp\/v2\/media\/42649"}],"wp:attachment":[{"href":"https:\/\/www.bitacoracdmx.com\/index.php?rest_route=%2Fwp%2Fv2%2Fmedia&parent=42648"}],"wp:term":[{"taxonomy":"category","embeddable":true,"href":"https:\/\/www.bitacoracdmx.com\/index.php?rest_route=%2Fwp%2Fv2%2Fcategories&post=42648"},{"taxonomy":"post_tag","embeddable":true,"href":"https:\/\/www.bitacoracdmx.com\/index.php?rest_route=%2Fwp%2Fv2%2Ftags&post=42648"}],"curies":[{"name":"wp","href":"https:\/\/api.w.org\/{rel}","templated":true}]}}