{"id":42658,"date":"2022-01-16T00:55:21","date_gmt":"2022-01-16T00:55:21","guid":{"rendered":"https:\/\/www.bitacoracdmx.com\/?p=42658"},"modified":"2022-01-16T00:55:21","modified_gmt":"2022-01-16T00:55:21","slug":"fran-presentara-concierto-presencial-streaming-el-proximo-30-de-enero-en-el-foro-del-tejedor","status":"publish","type":"post","link":"https:\/\/www.bitacoracdmx.com\/?p=42658","title":{"rendered":"FRAN presentar\u00e1 concierto presencial + streaming, el pr\u00f3ximo 30 de Enero en el Foro del Tejedor"},"content":{"rendered":"<p>[fusion_builder_container hundred_percent=&#8221;no&#8221; equal_height_columns=&#8221;no&#8221; menu_anchor=&#8221;&#8221; hide_on_mobile=&#8221;small-visibility,medium-visibility,large-visibility&#8221; class=&#8221;&#8221; id=&#8221;&#8221; background_color=&#8221;&#8221; background_image=&#8221;&#8221; background_position=&#8221;center center&#8221; background_repeat=&#8221;no-repeat&#8221; fade=&#8221;no&#8221; background_parallax=&#8221;none&#8221; parallax_speed=&#8221;0.3&#8243; video_mp4=&#8221;&#8221; video_webm=&#8221;&#8221; video_ogv=&#8221;&#8221; video_url=&#8221;&#8221; video_aspect_ratio=&#8221;16:9&#8243; video_loop=&#8221;yes&#8221; video_mute=&#8221;yes&#8221; overlay_color=&#8221;&#8221; video_preview_image=&#8221;&#8221; border_size=&#8221;&#8221; border_color=&#8221;&#8221; border_style=&#8221;solid&#8221; padding_top=&#8221;&#8221; padding_bottom=&#8221;&#8221; padding_left=&#8221;&#8221; padding_right=&#8221;&#8221;][fusion_builder_row][fusion_builder_column type=&#8221;1_1&#8243; layout=&#8221;1_1&#8243; background_position=&#8221;left top&#8221; background_color=&#8221;&#8221; border_size=&#8221;&#8221; border_color=&#8221;&#8221; border_style=&#8221;solid&#8221; border_position=&#8221;all&#8221; spacing=&#8221;yes&#8221; background_image=&#8221;&#8221; background_repeat=&#8221;no-repeat&#8221; padding_top=&#8221;&#8221; padding_right=&#8221;&#8221; padding_bottom=&#8221;&#8221; padding_left=&#8221;&#8221; margin_top=&#8221;0px&#8221; margin_bottom=&#8221;0px&#8221; class=&#8221;&#8221; id=&#8221;&#8221; animation_type=&#8221;&#8221; animation_speed=&#8221;0.3&#8243; animation_direction=&#8221;left&#8221; hide_on_mobile=&#8221;small-visibility,medium-visibility,large-visibility&#8221; center_content=&#8221;no&#8221; last=&#8221;no&#8221; min_height=&#8221;&#8221; hover_type=&#8221;none&#8221; link=&#8221;&#8221;][fusion_text]<\/p>\n<p>REDACCI\u00d3N<\/p>\n<div><span style=\"color: #000000;\">El artista<em><strong>\u00a0<\/strong><\/em><em><strong>FRAN<\/strong><\/em>\u00a0ofrecer\u00e1 concierto en formato presencial y streaming \u00a0este 30 de enero en el Foro Del Tejedor para celebrar el inicio de un proyecto que dar\u00e1 a conocer durante el 2022.<br aria-hidden=\"true\" \/><br aria-hidden=\"true\" \/>Una vez m\u00e1s tendremos la oportunidad de disfrutar de la energ\u00eda y romanticismo que nos transmite FRAN a trav\u00e9s de su m\u00fasica y de su nueva esencia, en esta ocasi\u00f3n con un ingrediente especial: una historia contada con canciones.<br aria-hidden=\"true\" \/><br aria-hidden=\"true\" \/>Adem\u00e1s de escuchar temas como \u201cIC\u00d3NICOS\u201d, &#8220;PR\u00d3FUGOS&#8221; y\u00a0\u201cCONTIGO\u201d podr\u00e1n\u00a0disfrutar de su pr\u00f3ximo sencillo, que se estrenar\u00e1 unos d\u00edas antes de esta presentaci\u00f3n.<\/span><\/div>\n<div><strong><span style=\"color: #ff0000;\">HORARIOS\u00a0<\/span><\/strong><\/div>\n<div><strong><span style=\"color: #ff0000;\">SHOW PRESENCIAL:<\/span><\/strong><br aria-hidden=\"true\" \/><strong>Puertas 19:30 hrs.\u00a0<\/strong><br aria-hidden=\"true\" \/><strong><span style=\"color: #ff0000;\">STREAMING POR:<\/span><\/strong><br aria-hidden=\"true\" \/><strong><a href=\"https:\/\/mailtrack.io\/trace\/link\/29d65437817f593ef1a0046f82836d5eb08a205c?url=http%3A%2F%2Fwww.forodeltejedor.com&amp;userId=491255&amp;signature=fbef357fd0b06062\" target=\"_blank\" rel=\"noopener noreferrer\" data-auth=\"NotApplicable\" data-linkindex=\"7\">www.forodeltejedor.com<\/a><br aria-hidden=\"true\" \/>20:00 hrs.<\/strong><\/div>\n<div><span style=\"color: #000000;\"><br aria-hidden=\"true\" \/><strong><em>FRAN\u00a0<\/em><\/strong>es un nuevo\u00a0cantautor mexicano en busca de conquistar al p\u00fablico con sus letras apasionadas y un sonido renovado, que parte del pop rock y explora diferentes propuestas. Ha dado a conocer parte de su nuevo material con temas como \u201cIC\u00d3NICOS\u201d y \u201cCONTIGO\u201d, demostrando un poco de esta propuesta que podremos disfrutar a lo largo del a\u00f1o 2022.<\/span><\/div>\n<p>[\/fusion_text][fusion_imageframe image_id=&#8221;42659|medium&#8221; max_width=&#8221;&#8221; style_type=&#8221;&#8221; blur=&#8221;&#8221; stylecolor=&#8221;&#8221; hover_type=&#8221;none&#8221; bordersize=&#8221;&#8221; bordercolor=&#8221;&#8221; borderradius=&#8221;&#8221; align=&#8221;none&#8221; lightbox=&#8221;no&#8221; gallery_id=&#8221;&#8221; lightbox_image=&#8221;&#8221; lightbox_image_id=&#8221;&#8221; alt=&#8221;&#8221; link=&#8221;&#8221; linktarget=&#8221;_self&#8221; hide_on_mobile=&#8221;small-visibility,medium-visibility,large-visibility&#8221; class=&#8221;&#8221; id=&#8221;&#8221; animation_type=&#8221;&#8221; animation_direction=&#8221;left&#8221; animation_speed=&#8221;0.3&#8243; animation_offset=&#8221;&#8221;]https:\/\/www.bitacoracdmx.com\/wp-content\/uploads\/2022\/01\/Post_Fran_Concierto_02-300&#215;300.png[\/fusion_imageframe][\/fusion_builder_column][\/fusion_builder_row][\/fusion_builder_container]<\/p>\n","protected":false},"excerpt":{"rendered":"<p>[fusion_builder_container hundred_percent=&#8221;no&#8221; equal_height_columns=&#8221;no&#8221; menu_anchor=&#8221;&#8221; hide_on_mobile=&#8221;small-visibility,medium-visibility,large-visibility&#8221; class=&#8221;&#8221; id=&#8221;&#8221; background_color=&#8221;&#8221; background_image=&#8221;&#8221; background_position=&#8221;center center&#8221; background_repeat=&#8221;no-repeat&#8221; fade=&#8221;no&#8221; background_parallax=&#8221;none&#8221; parallax_speed=&#8221;0.3&#8243; video_mp4=&#8221;&#8221; video_webm=&#8221;&#8221; video_ogv=&#8221;&#8221; video_url=&#8221;&#8221; video_aspect_ratio=&#8221;16:9&#8243; video_loop=&#8221;yes&#8221; video_mute=&#8221;yes&#8221; overlay_color=&#8221;&#8221; video_preview_image=&#8221;&#8221; border_size=&#8221;&#8221; border_color=&#8221;&#8221; border_style=&#8221;solid&#8221; padding_top=&#8221;&#8221; padding_bottom=&#8221;&#8221; padding_left=&#8221;&#8221; padding_right=&#8221;&#8221;][fusion_builder_row][fusion_builder_column type=&#8221;1_1&#8243; layout=&#8221;1_1&#8243; background_position=&#8221;left top&#8221; background_color=&#8221;&#8221; border_size=&#8221;&#8221; border_color=&#8221;&#8221; border_style=&#8221;solid&#8221; border_position=&#8221;all&#8221; spacing=&#8221;yes&#8221; background_image=&#8221;&#8221; background_repeat=&#8221;no-repeat&#8221; padding_top=&#8221;&#8221; padding_right=&#8221;&#8221; padding_bottom=&#8221;&#8221; padding_left=&#8221;&#8221; margin_top=&#8221;0px&#8221; margin_bottom=&#8221;0px&#8221; class=&#8221;&#8221; id=&#8221;&#8221; animation_type=&#8221;&#8221; animation_speed=&#8221;0.3&#8243; animation_direction=&#8221;left&#8221; hide_on_mobile=&#8221;small-visibility,medium-visibility,large-visibility&#8221; center_content=&#8221;no&#8221; last=&#8221;no&#8221; min_height=&#8221;&#8221; hover_type=&#8221;none&#8221; link=&#8221;&#8221;][fusion_text] REDACCI\u00d3N El artista\u00a0FRAN\u00a0ofrecer\u00e1 concierto en formato presencial y streaming \u00a0este 30 de enero en el Foro Del Tejedor para celebrar el inicio de un proyecto que dar\u00e1 a conocer durante el 2022.Una vez m\u00e1s tendremos la oportunidad de disfrutar de [&hellip;]<\/p>\n","protected":false},"author":1,"featured_media":42659,"comment_status":"open","ping_status":"open","sticky":false,"template":"","format":"standard","meta":{"footnotes":""},"categories":[9,11],"tags":[],"_links":{"self":[{"href":"https:\/\/www.bitacoracdmx.com\/index.php?rest_route=\/wp\/v2\/posts\/42658"}],"collection":[{"href":"https:\/\/www.bitacoracdmx.com\/index.php?rest_route=\/wp\/v2\/posts"}],"about":[{"href":"https:\/\/www.bitacoracdmx.com\/index.php?rest_route=\/wp\/v2\/types\/post"}],"author":[{"embeddable":true,"href":"https:\/\/www.bitacoracdmx.com\/index.php?rest_route=\/wp\/v2\/users\/1"}],"replies":[{"embeddable":true,"href":"https:\/\/www.bitacoracdmx.com\/index.php?rest_route=%2Fwp%2Fv2%2Fcomments&post=42658"}],"version-history":[{"count":1,"href":"https:\/\/www.bitacoracdmx.com\/index.php?rest_route=\/wp\/v2\/posts\/42658\/revisions"}],"predecessor-version":[{"id":42660,"href":"https:\/\/www.bitacoracdmx.com\/index.php?rest_route=\/wp\/v2\/posts\/42658\/revisions\/42660"}],"wp:featuredmedia":[{"embeddable":true,"href":"https:\/\/www.bitacoracdmx.com\/index.php?rest_route=\/wp\/v2\/media\/42659"}],"wp:attachment":[{"href":"https:\/\/www.bitacoracdmx.com\/index.php?rest_route=%2Fwp%2Fv2%2Fmedia&parent=42658"}],"wp:term":[{"taxonomy":"category","embeddable":true,"href":"https:\/\/www.bitacoracdmx.com\/index.php?rest_route=%2Fwp%2Fv2%2Fcategories&post=42658"},{"taxonomy":"post_tag","embeddable":true,"href":"https:\/\/www.bitacoracdmx.com\/index.php?rest_route=%2Fwp%2Fv2%2Ftags&post=42658"}],"curies":[{"name":"wp","href":"https:\/\/api.w.org\/{rel}","templated":true}]}}