{"id":42664,"date":"2022-01-16T01:25:21","date_gmt":"2022-01-16T01:25:21","guid":{"rendered":"https:\/\/www.bitacoracdmx.com\/?p=42664"},"modified":"2022-01-16T01:25:21","modified_gmt":"2022-01-16T01:25:21","slug":"espectacular-degustacion-de-vinos-de-la-bodega-del-tenor-italiano-andrea-bocelli-y-su-familia","status":"publish","type":"post","link":"https:\/\/www.bitacoracdmx.com\/?p=42664","title":{"rendered":"Espectacular degustaci\u00f3n de vinos de la bodega del tenor italiano Andrea Bocelli y su familia"},"content":{"rendered":"<p>[fusion_builder_container hundred_percent=&#8221;no&#8221; equal_height_columns=&#8221;no&#8221; menu_anchor=&#8221;&#8221; hide_on_mobile=&#8221;small-visibility,medium-visibility,large-visibility&#8221; class=&#8221;&#8221; id=&#8221;&#8221; background_color=&#8221;&#8221; background_image=&#8221;&#8221; background_position=&#8221;center center&#8221; background_repeat=&#8221;no-repeat&#8221; fade=&#8221;no&#8221; background_parallax=&#8221;none&#8221; parallax_speed=&#8221;0.3&#8243; video_mp4=&#8221;&#8221; video_webm=&#8221;&#8221; video_ogv=&#8221;&#8221; video_url=&#8221;&#8221; video_aspect_ratio=&#8221;16:9&#8243; video_loop=&#8221;yes&#8221; video_mute=&#8221;yes&#8221; overlay_color=&#8221;&#8221; video_preview_image=&#8221;&#8221; border_size=&#8221;&#8221; border_color=&#8221;&#8221; border_style=&#8221;solid&#8221; padding_top=&#8221;&#8221; padding_bottom=&#8221;&#8221; padding_left=&#8221;&#8221; padding_right=&#8221;&#8221;][fusion_builder_row][fusion_builder_column type=&#8221;1_1&#8243; layout=&#8221;1_1&#8243; background_position=&#8221;left top&#8221; background_color=&#8221;&#8221; border_size=&#8221;&#8221; border_color=&#8221;&#8221; border_style=&#8221;solid&#8221; border_position=&#8221;all&#8221; spacing=&#8221;yes&#8221; background_image=&#8221;&#8221; background_repeat=&#8221;no-repeat&#8221; padding_top=&#8221;&#8221; padding_right=&#8221;&#8221; padding_bottom=&#8221;&#8221; padding_left=&#8221;&#8221; margin_top=&#8221;0px&#8221; margin_bottom=&#8221;0px&#8221; class=&#8221;&#8221; id=&#8221;&#8221; animation_type=&#8221;&#8221; animation_speed=&#8221;0.3&#8243; animation_direction=&#8221;left&#8221; hide_on_mobile=&#8221;small-visibility,medium-visibility,large-visibility&#8221; center_content=&#8221;no&#8221; last=&#8221;no&#8221; min_height=&#8221;&#8221; hover_type=&#8221;none&#8221; link=&#8221;&#8221;][fusion_text]<\/p>\n<p>REDACCI\u00d3N<\/p>\n<p style=\"text-align: left;\" align=\"center\"><b>*Bocelli Family Wines organiz\u00f3 en Luxury Avenue una extraordinaria cata de dos de las etiquetas de la colecci\u00f3n vitivin\u00edcola del mundialmente reconocido artista\u00a0<\/b><u><\/u><u><\/u><b>\u00a0<\/b><u><\/u><u><\/u><\/p>\n<p style=\"text-align: left;\" align=\"center\"><b>*Un selecto grupo de invitados se deleit\u00f3 con otro de los talentos del artista que ofrecer\u00e1 un hist\u00f3rico megaconcierto en el Caribe Mexicano, el s\u00e1bado 26 de febrero, en Playa Maroma Beach Club\u00a0<\/b><\/p>\n<p>Con una espectacular cata de vinos de Bocelli Family Wines para mostrar la m\u00e1s alta calidad del patrimonio vitivin\u00edcola italiano, inici\u00f3 la cuenta regresiva del hist\u00f3rico concierto que ofrecer\u00e1 el mundialmente reconocido tenor Andrea Bocelli en el Caribe Mexicano, el pr\u00f3ximo s\u00e1bado 26 de febrero, en Playa Maroma Beach Club.\u00a0<u><\/u><u><\/u><\/p>\n<p>A poco m\u00e1s de un mes de celebrarse el megaconcierto del mejor y m\u00e1s querido artista del planeta, un selecto grupo de empresarios y miembros de la sociedad cancunense fueron convocados en el exclusivo Luxury Avenue para deleitarse de otra de las pasiones del tenor italiano y degustar dos de las famosas etiquetas de la Bodega de la familia Bocelli, que desde hace casi 200 a\u00f1os elabora excelentes vinos cl\u00e1sicos, teniendo como visi\u00f3n compartir con amigos de todo el mundo lo mejor de la cultura italiana y la excelencia de sus vinos como una forma de arte.\u00a0<u><\/u><u><\/u><\/p>\n<p>Procedentes de la mism\u00edsima Toscana se presentaron para el benepl\u00e1cito de los invitados especiales el <b>Prosecco DOC<\/b>, un espumoso que resalta por su excelente calidad, sutiles toques florales y su suave sabor a durazno as\u00ed como el\u00a0<b>Sangiovese Di Toscana IGT<\/b>, un excepcional vino tinto que ofrece impresionantes aromas de cerezas secas y frutos rojos equilibrados con un cuerpo vibrante y un final suave.\u00a0<u><\/u><u><\/u><\/p>\n<p>La familia Bocelli cuenta con una larga trayectoria en la industria vitivin\u00edcola al elaborar desde 1831 vinos cl\u00e1sicos desde su peque\u00f1a finca, con 20 hect\u00e1reas de vi\u00f1edos donde cultivan variados tipos de uvas, como\u00a0Sangiovese, Canaiolo, Colorino, Malvasia y Trebbiano, las cuales se seleccionan a mano y verifican meticulosamente, bajo la supervisi\u00f3n de Paolo Caciorgna, uno de los en\u00f3logos m\u00e1s respetados de la Toscana. \u00a0<u><\/u><u><\/u><\/p>\n<p>A partir del 2011, la familia Bocelli ampli\u00f3 su producci\u00f3n a trav\u00e9s de alianzas con otros amigos viticultores excepcionales para crear Bocelli Family Wines, una colecci\u00f3n de vinos que expresan los placeres \u00fanicos y el car\u00e1cter de Italia. Hasta el d\u00eda de hoy, la madre de Andrea Bocelli, Edi Bocelli o mejor conocida como \u201cMamma\u201d, disfruta trabajando en el campo y cuidando las vides, mientras que su hermano Alberto y su cu\u00f1ada, Cinza, dirigen la hacienda y junto con el afamado interprete reciben visitantes de todo el mundo para degustar sus extraordinarios vinos.\u00a0<u><\/u><u><\/u><\/p>\n<p>En la cata de vinos se cont\u00f3 con la presencia de Jos\u00e9 Luis Alva Brice\u00f1o, CEO de Music Vibe; de Riccardo Brandani, Embajador de la marca Bocelli Family Wines as\u00ed como de Elena Villarreal, fundadora de Grupo Ultrafemme as\u00ed como de Iriana del Rivero, Directora Comercial de Luxury Avenue, entre otras personalidades y representantes de empresas patrocinadoras.\u00a0<u><\/u><u><\/u><\/p>\n<p>Adem\u00e1s de mostrar su pasi\u00f3n por producir vinos hechos a mano, Andrea Bocelli se prepara para compartir con M\u00e9xico su inigualable talento musical este pr\u00f3ximo 26 de febrero, como parte del Believe World Tour, en una extraordinaria producci\u00f3n en el que interpretar\u00e1 por dos horas y media temas de \u00f3pera y canciones de corte pop.\u00a0<u><\/u><u><\/u><\/p>\n<p>El tenor italiano, con ventas de m\u00e1s de 90 millones de discos y actuaciones en las principales salas de opera del mundo y eventos como la Copa del Mundo, los Juegos Ol\u00edmpicos y recientemente en la apertura de la Eurocopa 2021, tendr\u00e1 como escenograf\u00eda la insuperable belleza natural de Playa Maroma Beach Club, reconocida como una de las mejores 10 del mundo.\u00a0<u><\/u><u><\/u><\/p>\n<p>La venta de boletos inici\u00f3 en octubre pasado a trav\u00e9s de <a href=\"https:\/\/mailtrack.io\/trace\/link\/8dfe282661132eaca696a1e9133c60e0235916c2?notrack=1&amp;url=http%3A%2F%2Fwww.funticket.com&amp;userId=491255&amp;signature=bc28c71d3bec268b\" target=\"_blank\" rel=\"noopener noreferrer\" data-auth=\"NotApplicable\" data-linkindex=\"0\">www.funticket.com<\/a>\u00a0\u00a0y gracias a la expectaci\u00f3n por el concierto algunas zonas se encuentran agotadas, revelaron Global Pear Live Events y Music Vibe, organizadores del evento.\u00a0<u><\/u><u><\/u><\/p>\n<p class=\"x_MsoNormal\"><u><\/u><\/p>\n<p>[\/fusion_text][fusion_imageframe image_id=&#8221;42665|medium&#8221; max_width=&#8221;&#8221; style_type=&#8221;&#8221; blur=&#8221;&#8221; stylecolor=&#8221;&#8221; hover_type=&#8221;none&#8221; bordersize=&#8221;&#8221; bordercolor=&#8221;&#8221; borderradius=&#8221;&#8221; align=&#8221;none&#8221; lightbox=&#8221;no&#8221; gallery_id=&#8221;&#8221; lightbox_image=&#8221;&#8221; lightbox_image_id=&#8221;&#8221; alt=&#8221;&#8221; link=&#8221;&#8221; linktarget=&#8221;_self&#8221; hide_on_mobile=&#8221;small-visibility,medium-visibility,large-visibility&#8221; class=&#8221;&#8221; id=&#8221;&#8221; animation_type=&#8221;&#8221; animation_direction=&#8221;left&#8221; animation_speed=&#8221;0.3&#8243; animation_offset=&#8221;&#8221;]https:\/\/www.bitacoracdmx.com\/wp-content\/uploads\/2022\/01\/Las-etiquetas-de-vino-de-la-bodega-de-la-familia-Bocelli-300&#215;201.jpeg[\/fusion_imageframe][\/fusion_builder_column][\/fusion_builder_row][\/fusion_builder_container]<\/p>\n","protected":false},"excerpt":{"rendered":"<p>[fusion_builder_container hundred_percent=&#8221;no&#8221; equal_height_columns=&#8221;no&#8221; menu_anchor=&#8221;&#8221; hide_on_mobile=&#8221;small-visibility,medium-visibility,large-visibility&#8221; class=&#8221;&#8221; id=&#8221;&#8221; background_color=&#8221;&#8221; background_image=&#8221;&#8221; background_position=&#8221;center center&#8221; background_repeat=&#8221;no-repeat&#8221; fade=&#8221;no&#8221; background_parallax=&#8221;none&#8221; parallax_speed=&#8221;0.3&#8243; video_mp4=&#8221;&#8221; video_webm=&#8221;&#8221; video_ogv=&#8221;&#8221; video_url=&#8221;&#8221; video_aspect_ratio=&#8221;16:9&#8243; video_loop=&#8221;yes&#8221; video_mute=&#8221;yes&#8221; overlay_color=&#8221;&#8221; video_preview_image=&#8221;&#8221; border_size=&#8221;&#8221; border_color=&#8221;&#8221; border_style=&#8221;solid&#8221; padding_top=&#8221;&#8221; padding_bottom=&#8221;&#8221; padding_left=&#8221;&#8221; padding_right=&#8221;&#8221;][fusion_builder_row][fusion_builder_column type=&#8221;1_1&#8243; layout=&#8221;1_1&#8243; background_position=&#8221;left top&#8221; background_color=&#8221;&#8221; border_size=&#8221;&#8221; border_color=&#8221;&#8221; border_style=&#8221;solid&#8221; border_position=&#8221;all&#8221; spacing=&#8221;yes&#8221; background_image=&#8221;&#8221; background_repeat=&#8221;no-repeat&#8221; padding_top=&#8221;&#8221; padding_right=&#8221;&#8221; padding_bottom=&#8221;&#8221; padding_left=&#8221;&#8221; margin_top=&#8221;0px&#8221; margin_bottom=&#8221;0px&#8221; class=&#8221;&#8221; id=&#8221;&#8221; animation_type=&#8221;&#8221; animation_speed=&#8221;0.3&#8243; animation_direction=&#8221;left&#8221; hide_on_mobile=&#8221;small-visibility,medium-visibility,large-visibility&#8221; center_content=&#8221;no&#8221; last=&#8221;no&#8221; min_height=&#8221;&#8221; hover_type=&#8221;none&#8221; link=&#8221;&#8221;][fusion_text] REDACCI\u00d3N *Bocelli Family Wines organiz\u00f3 en Luxury Avenue una extraordinaria cata de dos de las etiquetas de la colecci\u00f3n vitivin\u00edcola del mundialmente reconocido artista\u00a0\u00a0 *Un selecto grupo de invitados se deleit\u00f3 con otro de los talentos del artista que ofrecer\u00e1 [&hellip;]<\/p>\n","protected":false},"author":1,"featured_media":42665,"comment_status":"open","ping_status":"open","sticky":false,"template":"","format":"standard","meta":{"footnotes":""},"categories":[8,9],"tags":[],"_links":{"self":[{"href":"https:\/\/www.bitacoracdmx.com\/index.php?rest_route=\/wp\/v2\/posts\/42664"}],"collection":[{"href":"https:\/\/www.bitacoracdmx.com\/index.php?rest_route=\/wp\/v2\/posts"}],"about":[{"href":"https:\/\/www.bitacoracdmx.com\/index.php?rest_route=\/wp\/v2\/types\/post"}],"author":[{"embeddable":true,"href":"https:\/\/www.bitacoracdmx.com\/index.php?rest_route=\/wp\/v2\/users\/1"}],"replies":[{"embeddable":true,"href":"https:\/\/www.bitacoracdmx.com\/index.php?rest_route=%2Fwp%2Fv2%2Fcomments&post=42664"}],"version-history":[{"count":1,"href":"https:\/\/www.bitacoracdmx.com\/index.php?rest_route=\/wp\/v2\/posts\/42664\/revisions"}],"predecessor-version":[{"id":42666,"href":"https:\/\/www.bitacoracdmx.com\/index.php?rest_route=\/wp\/v2\/posts\/42664\/revisions\/42666"}],"wp:featuredmedia":[{"embeddable":true,"href":"https:\/\/www.bitacoracdmx.com\/index.php?rest_route=\/wp\/v2\/media\/42665"}],"wp:attachment":[{"href":"https:\/\/www.bitacoracdmx.com\/index.php?rest_route=%2Fwp%2Fv2%2Fmedia&parent=42664"}],"wp:term":[{"taxonomy":"category","embeddable":true,"href":"https:\/\/www.bitacoracdmx.com\/index.php?rest_route=%2Fwp%2Fv2%2Fcategories&post=42664"},{"taxonomy":"post_tag","embeddable":true,"href":"https:\/\/www.bitacoracdmx.com\/index.php?rest_route=%2Fwp%2Fv2%2Ftags&post=42664"}],"curies":[{"name":"wp","href":"https:\/\/api.w.org\/{rel}","templated":true}]}}