{"id":42670,"date":"2022-01-16T01:53:38","date_gmt":"2022-01-16T01:53:38","guid":{"rendered":"https:\/\/www.bitacoracdmx.com\/?p=42670"},"modified":"2022-01-16T01:53:38","modified_gmt":"2022-01-16T01:53:38","slug":"la-banda-boliviana-los-bolitas-presentan-su-nuevo-sencillo-einstein","status":"publish","type":"post","link":"https:\/\/www.bitacoracdmx.com\/?p=42670","title":{"rendered":"La banda boliviana LOS BOLITAS presentan su nuevo sencillo \u201cEINSTEIN\u201d."},"content":{"rendered":"<p>[fusion_builder_container hundred_percent=&#8221;no&#8221; equal_height_columns=&#8221;no&#8221; menu_anchor=&#8221;&#8221; hide_on_mobile=&#8221;small-visibility,medium-visibility,large-visibility&#8221; class=&#8221;&#8221; id=&#8221;&#8221; background_color=&#8221;&#8221; background_image=&#8221;&#8221; background_position=&#8221;center center&#8221; background_repeat=&#8221;no-repeat&#8221; fade=&#8221;no&#8221; background_parallax=&#8221;none&#8221; parallax_speed=&#8221;0.3&#8243; video_mp4=&#8221;&#8221; video_webm=&#8221;&#8221; video_ogv=&#8221;&#8221; video_url=&#8221;&#8221; video_aspect_ratio=&#8221;16:9&#8243; video_loop=&#8221;yes&#8221; video_mute=&#8221;yes&#8221; overlay_color=&#8221;&#8221; video_preview_image=&#8221;&#8221; border_size=&#8221;&#8221; border_color=&#8221;&#8221; border_style=&#8221;solid&#8221; padding_top=&#8221;&#8221; padding_bottom=&#8221;&#8221; padding_left=&#8221;&#8221; padding_right=&#8221;&#8221;][fusion_builder_row][fusion_builder_column type=&#8221;1_1&#8243; layout=&#8221;1_1&#8243; background_position=&#8221;left top&#8221; background_color=&#8221;&#8221; border_size=&#8221;&#8221; border_color=&#8221;&#8221; border_style=&#8221;solid&#8221; border_position=&#8221;all&#8221; spacing=&#8221;yes&#8221; background_image=&#8221;&#8221; background_repeat=&#8221;no-repeat&#8221; padding_top=&#8221;&#8221; padding_right=&#8221;&#8221; padding_bottom=&#8221;&#8221; padding_left=&#8221;&#8221; margin_top=&#8221;0px&#8221; margin_bottom=&#8221;0px&#8221; class=&#8221;&#8221; id=&#8221;&#8221; animation_type=&#8221;&#8221; animation_speed=&#8221;0.3&#8243; animation_direction=&#8221;left&#8221; hide_on_mobile=&#8221;small-visibility,medium-visibility,large-visibility&#8221; center_content=&#8221;no&#8221; last=&#8221;no&#8221; min_height=&#8221;&#8221; hover_type=&#8221;none&#8221; link=&#8221;&#8221;][fusion_text]<\/p>\n<p>REDACCI\u00d3N<\/p>\n<p><b>La banda boliviana Los Bolitas presenta su nueva canci\u00f3n denominada Einstein, acompa\u00f1ada de un videoclip en el que se da a conocer la nueva imagen y a los nuevos integrantes del grupo. El sencillo, que es un adelanto de su tercer \u00e1lbum de estudio, estar\u00e1 disponible en todas las plataformas digitales de audio y video (YouTube, Spotify, Deezer, etc.).<\/b><\/p>\n<p><b>Einstein tiene un estilo pop-retro, con melod\u00edas vocales pegajosas y un ritmo bailable, lo cual se refleja en el video, en el que los m\u00fasicos, adem\u00e1s de interpretar la canci\u00f3n, siguen una coreograf\u00eda de baile con vestimentas y fondos llamativos. A lo largo del clip, se puede apreciar referencias de pel\u00edculas antiguas como Volver al Futuro y Grease Brillantina, mostrando el toque vintage. Musicalmente, el sencillo est\u00e1 muy marcado el aporte de los dos nuevos integrantes de la banda. Se trata de los reconocidos m\u00fasicos Marco Maciel, en el bajo y la voz, y Danilo Roca en la bater\u00eda. Tambi\u00e9n se reconoce el ya caracter\u00edstico sonido de la zampo\u00f1a en la m\u00fasica de Los Bolitas, invocando toques andinos mezclados con melod\u00edas m\u00e1s occidentales como el pop y el rock.<\/b><\/p>\n<p><b>Los Bolitas nacen el 2016, como una sociedad de m\u00fasicos bolivianos de importante trayectoria. Su m\u00fasica es una fusi\u00f3n de varios g\u00e9neros como rock, cumbia, reggae, ska, pop, folk boliviano. Su primer E.P \u201cDe Bolas\u201d fue producido en Argentina de la mano de \u201cLa Moska\u201d Lorenzo de Los Aut\u00e9nticos Decadentes, teniendo \u00e9xitos como \u201cMe Llevo La Bola\u201d, \u201cChino Moreno\u201d, entre otros.<\/b><\/p>\n<p><b>El segundo E.P \u201cRompebolas\u201d, fue producido en La Paz, Bolivia, por Jose Luis Cheo Pardo ex integrante de Los Amigos Invisibles, en el que se destacan temas como \u201cEl Borracho\u201d, \u201cLa Rompebolas\u201d. En estos 5 a\u00f1os de trayectoria Los Bolitas estuvieron en escenarios como ser \u201cIndie Week\u201d en Canad\u00e1, RockBolUsa 2017, Cosquin Rock Bolivia 2017, abrieron el concierto de los Aut\u00e9nticos Decadentes en La Paz, Estados Unidos con fechas en Washington y Nueva York con el BolFest 2018, Festival Corriente Lima Per\u00fa 2019, FestiRock 2019 en Virginia, fueron parte del Line Up, de la Verbena Pace\u00f1a 2019. El 2020 participaron en el Cosquin Rock On Line.\u00a0<\/b><b>\u00a0<\/b><\/p>\n<p>[\/fusion_text][fusion_imageframe image_id=&#8221;42672|medium&#8221; max_width=&#8221;&#8221; style_type=&#8221;&#8221; blur=&#8221;&#8221; stylecolor=&#8221;&#8221; hover_type=&#8221;none&#8221; bordersize=&#8221;&#8221; bordercolor=&#8221;&#8221; borderradius=&#8221;&#8221; align=&#8221;none&#8221; lightbox=&#8221;no&#8221; gallery_id=&#8221;&#8221; lightbox_image=&#8221;&#8221; lightbox_image_id=&#8221;&#8221; alt=&#8221;&#8221; link=&#8221;&#8221; linktarget=&#8221;_self&#8221; hide_on_mobile=&#8221;small-visibility,medium-visibility,large-visibility&#8221; class=&#8221;&#8221; id=&#8221;&#8221; animation_type=&#8221;&#8221; animation_direction=&#8221;left&#8221; animation_speed=&#8221;0.3&#8243; animation_offset=&#8221;&#8221;]https:\/\/www.bitacoracdmx.com\/wp-content\/uploads\/2022\/01\/LOS-BOLITAS-ENE-2021-FOTO1-300&#215;225.jpg[\/fusion_imageframe][\/fusion_builder_column][\/fusion_builder_row][\/fusion_builder_container]<\/p>\n","protected":false},"excerpt":{"rendered":"<p>[fusion_builder_container hundred_percent=&#8221;no&#8221; equal_height_columns=&#8221;no&#8221; menu_anchor=&#8221;&#8221; hide_on_mobile=&#8221;small-visibility,medium-visibility,large-visibility&#8221; class=&#8221;&#8221; id=&#8221;&#8221; background_color=&#8221;&#8221; background_image=&#8221;&#8221; background_position=&#8221;center center&#8221; background_repeat=&#8221;no-repeat&#8221; fade=&#8221;no&#8221; background_parallax=&#8221;none&#8221; parallax_speed=&#8221;0.3&#8243; video_mp4=&#8221;&#8221; video_webm=&#8221;&#8221; video_ogv=&#8221;&#8221; video_url=&#8221;&#8221; video_aspect_ratio=&#8221;16:9&#8243; video_loop=&#8221;yes&#8221; video_mute=&#8221;yes&#8221; overlay_color=&#8221;&#8221; video_preview_image=&#8221;&#8221; border_size=&#8221;&#8221; border_color=&#8221;&#8221; border_style=&#8221;solid&#8221; padding_top=&#8221;&#8221; padding_bottom=&#8221;&#8221; padding_left=&#8221;&#8221; padding_right=&#8221;&#8221;][fusion_builder_row][fusion_builder_column type=&#8221;1_1&#8243; layout=&#8221;1_1&#8243; background_position=&#8221;left top&#8221; background_color=&#8221;&#8221; border_size=&#8221;&#8221; border_color=&#8221;&#8221; border_style=&#8221;solid&#8221; border_position=&#8221;all&#8221; spacing=&#8221;yes&#8221; background_image=&#8221;&#8221; background_repeat=&#8221;no-repeat&#8221; padding_top=&#8221;&#8221; padding_right=&#8221;&#8221; padding_bottom=&#8221;&#8221; padding_left=&#8221;&#8221; margin_top=&#8221;0px&#8221; margin_bottom=&#8221;0px&#8221; class=&#8221;&#8221; id=&#8221;&#8221; animation_type=&#8221;&#8221; animation_speed=&#8221;0.3&#8243; animation_direction=&#8221;left&#8221; hide_on_mobile=&#8221;small-visibility,medium-visibility,large-visibility&#8221; center_content=&#8221;no&#8221; last=&#8221;no&#8221; min_height=&#8221;&#8221; hover_type=&#8221;none&#8221; link=&#8221;&#8221;][fusion_text] REDACCI\u00d3N La banda boliviana Los Bolitas presenta su nueva canci\u00f3n denominada Einstein, acompa\u00f1ada de un videoclip en el que se da a conocer la nueva imagen y a los nuevos integrantes del grupo. El sencillo, que es un adelanto de [&hellip;]<\/p>\n","protected":false},"author":1,"featured_media":42672,"comment_status":"open","ping_status":"open","sticky":false,"template":"","format":"standard","meta":{"footnotes":""},"categories":[9,11,1],"tags":[],"_links":{"self":[{"href":"https:\/\/www.bitacoracdmx.com\/index.php?rest_route=\/wp\/v2\/posts\/42670"}],"collection":[{"href":"https:\/\/www.bitacoracdmx.com\/index.php?rest_route=\/wp\/v2\/posts"}],"about":[{"href":"https:\/\/www.bitacoracdmx.com\/index.php?rest_route=\/wp\/v2\/types\/post"}],"author":[{"embeddable":true,"href":"https:\/\/www.bitacoracdmx.com\/index.php?rest_route=\/wp\/v2\/users\/1"}],"replies":[{"embeddable":true,"href":"https:\/\/www.bitacoracdmx.com\/index.php?rest_route=%2Fwp%2Fv2%2Fcomments&post=42670"}],"version-history":[{"count":2,"href":"https:\/\/www.bitacoracdmx.com\/index.php?rest_route=\/wp\/v2\/posts\/42670\/revisions"}],"predecessor-version":[{"id":42673,"href":"https:\/\/www.bitacoracdmx.com\/index.php?rest_route=\/wp\/v2\/posts\/42670\/revisions\/42673"}],"wp:featuredmedia":[{"embeddable":true,"href":"https:\/\/www.bitacoracdmx.com\/index.php?rest_route=\/wp\/v2\/media\/42672"}],"wp:attachment":[{"href":"https:\/\/www.bitacoracdmx.com\/index.php?rest_route=%2Fwp%2Fv2%2Fmedia&parent=42670"}],"wp:term":[{"taxonomy":"category","embeddable":true,"href":"https:\/\/www.bitacoracdmx.com\/index.php?rest_route=%2Fwp%2Fv2%2Fcategories&post=42670"},{"taxonomy":"post_tag","embeddable":true,"href":"https:\/\/www.bitacoracdmx.com\/index.php?rest_route=%2Fwp%2Fv2%2Ftags&post=42670"}],"curies":[{"name":"wp","href":"https:\/\/api.w.org\/{rel}","templated":true}]}}