{"id":42684,"date":"2022-01-18T00:20:40","date_gmt":"2022-01-18T00:20:40","guid":{"rendered":"https:\/\/www.bitacoracdmx.com\/?p=42684"},"modified":"2022-01-18T00:20:40","modified_gmt":"2022-01-18T00:20:40","slug":"la-compania-nacional-de-danza-folklorica-celebrara-47-anos-de-investigacion-difusion-y-preservacion-2","status":"publish","type":"post","link":"https:\/\/www.bitacoracdmx.com\/?p=42684","title":{"rendered":"La Compa\u00f1\u00eda Nacional de Danza Folkl\u00f3rica celebrar\u00e1 47 a\u00f1os de investigaci\u00f3n, difusi\u00f3n y preservaci\u00f3n"},"content":{"rendered":"<p>[fusion_builder_container hundred_percent=&#8221;no&#8221; equal_height_columns=&#8221;no&#8221; menu_anchor=&#8221;&#8221; hide_on_mobile=&#8221;small-visibility,medium-visibility,large-visibility&#8221; class=&#8221;&#8221; id=&#8221;&#8221; background_color=&#8221;&#8221; background_image=&#8221;&#8221; background_position=&#8221;center center&#8221; background_repeat=&#8221;no-repeat&#8221; fade=&#8221;no&#8221; background_parallax=&#8221;none&#8221; parallax_speed=&#8221;0.3&#8243; video_mp4=&#8221;&#8221; video_webm=&#8221;&#8221; video_ogv=&#8221;&#8221; video_url=&#8221;&#8221; video_aspect_ratio=&#8221;16:9&#8243; video_loop=&#8221;yes&#8221; video_mute=&#8221;yes&#8221; overlay_color=&#8221;&#8221; video_preview_image=&#8221;&#8221; border_size=&#8221;&#8221; border_color=&#8221;&#8221; border_style=&#8221;solid&#8221; padding_top=&#8221;&#8221; padding_bottom=&#8221;&#8221; padding_left=&#8221;&#8221; padding_right=&#8221;&#8221;][fusion_builder_row][fusion_builder_column type=&#8221;1_1&#8243; layout=&#8221;1_1&#8243; background_position=&#8221;left top&#8221; background_color=&#8221;&#8221; border_size=&#8221;&#8221; border_color=&#8221;&#8221; border_style=&#8221;solid&#8221; border_position=&#8221;all&#8221; spacing=&#8221;yes&#8221; background_image=&#8221;&#8221; background_repeat=&#8221;no-repeat&#8221; padding_top=&#8221;&#8221; padding_right=&#8221;&#8221; padding_bottom=&#8221;&#8221; padding_left=&#8221;&#8221; margin_top=&#8221;0px&#8221; margin_bottom=&#8221;0px&#8221; class=&#8221;&#8221; id=&#8221;&#8221; animation_type=&#8221;&#8221; animation_speed=&#8221;0.3&#8243; animation_direction=&#8221;left&#8221; hide_on_mobile=&#8221;small-visibility,medium-visibility,large-visibility&#8221; center_content=&#8221;no&#8221; last=&#8221;no&#8221; min_height=&#8221;&#8221; hover_type=&#8221;none&#8221; link=&#8221;&#8221;][fusion_text]<\/p>\n<p>REDACCI\u00d3N<\/p>\n<p><span lang=\"ES-MX\">\u00b7\u00a0\u00a0\u00a0\u00a0\u00a0\u00a0<\/span><b><span lang=\"ES-MX\">Se ofrecer\u00e1n dos funciones de gala los d\u00edas s\u00e1bado 22 y domingo 23 de enero en el Teatro de la Ciudad Esperanza Iris<\/span><\/b><\/p>\n<p><span lang=\"ES-MX\">\u00b7\u00a0\u00a0\u00a0\u00a0\u00a0\u00a0<\/span><b><span lang=\"ES-MX\">Incluyen bailes, danzas, tradiciones y ceremonias de las distintas regiones del pa\u00eds<\/span><\/b><\/p>\n<p class=\"x_MsoNormal\"><span lang=\"ES-MX\">El\u00a0<b>Teatro de la Ciudad Esperanza Iris<\/b>\u00a0abrir\u00e1 sus puertas, nuevamente, a la Compa\u00f1\u00eda Nacional de Danza Folkl\u00f3rica (CNDF) que dirige la maestra Nieves Paniagua para celebrar el 47 aniversario de su creaci\u00f3n, con dos funciones de gala que se llevar\u00e1n a cabo los d\u00edas s\u00e1bado 22 a las 19:00 y el domingo 23 de enero a las 18:00 horas.<\/span><\/p>\n<p class=\"x_MsoNormal\"><span lang=\"ES-MX\">El programa especial estar\u00e1 formado por una serie de coreograf\u00edas, ceremonias y ritos ancestrales que se celebran en diferentes regiones de M\u00e9xico, producto de un arduo trabajo de investigaci\u00f3n de campo y de recopilaci\u00f3n de informaci\u00f3n llevado a cabo por los propios integrantes de la compa\u00f1\u00eda, asesorados por especialistas.<\/span><\/p>\n<p class=\"x_MsoNormal\"><span lang=\"ES-MX\">De esta forma, el programa incluir\u00e1 expresiones art\u00edsticas de m\u00fasicas y danzas de la regi\u00f3n tarahumara, de los estados de Puebla, Nayarit, Guerrero y Yucat\u00e1n, as\u00ed como de la zona Norte del pa\u00eds y cerrar\u00e1 como de manera acostumbrada con cuadros del estado de Jalisco, con la finalidad de resaltar la diversidad cultural, as\u00ed como dar a conocer el patrimonio intangible de nuestro pa\u00eds.<\/span><\/p>\n<p class=\"x_MsoNormal\"><span lang=\"ES-MX\">El programa iniciar\u00e1 con la tarahumara, regi\u00f3n en la que a\u00fan se conservan costumbres y tradiciones, como el\u00a0<i>Juego de Otates<\/i>, que es una prueba de destreza f\u00edsica y coordinaci\u00f3n. De origen filipino, lo trajeron los jesuitas en la \u00e9poca de la evangelizaci\u00f3n. Incluye\u00a0<i>Danza de doncellas, Danza de la paloma\u00a0<\/i>y\u00a0<i>Danza del Ruichi<\/i>, entre otras.<\/span><\/p>\n<p class=\"x_MsoNormal\"><span lang=\"ES-MX\">Del estado de Puebla se interpretar\u00e1n bailes de la zona serrana, los cuales conservan apego a las tradiciones de la entidad, como las danzas de\u00a0<i>Quetzales<\/i>,\u00a0<i>Moros y espa\u00f1oles<\/i>,\u00a0<i>Negritos<\/i>\u00a0y\u00a0<i>Chal de Hueyapan<\/i>, mientras que de Nayarit se dar\u00e1 vida a una boda tradicional de Amatl\u00e1n de Ca\u00f1as, al son de la m\u00fasica de los mariacheros, con el\u00a0<i>Son de ardillo<\/i>\u00a0y el\u00a0<i>Son de bules y diablo<\/i>, entre otras.<\/span><\/p>\n<p class=\"x_MsoNormal\"><i><span lang=\"ES-MX\">La petenera<\/span><\/i><span lang=\"ES-MX\">,\u00a0<i>La malague\u00f1a<\/i>\u00a0y\u00a0<i>Toro sin caporal<\/i>, danzas t\u00edpicas de la Costa Chica y de la Tierra Caliente del estado de Guerrero, forman parte del segmento dedicado por Nieves Paniagua a esta entidad, en la cual destaca de manera especial su zapateado. Por su parte, Yucat\u00e1n aportar\u00e1 al programa sus\u00a0<i>Aires yucatecos<\/i>\u00a0y\u00a0<i>Mujeres que se pintan<\/i>, adem\u00e1s de otros sones que caracterizan hoy lo que se conoce como La Vaquer\u00eda.<\/span><\/p>\n<p class=\"x_MsoNormal\"><span lang=\"ES-MX\">Asimismo, el medio centenar de bailarines y bailarinas que integran la CNDF llevar\u00e1 al escenario\u00a0<i>Viva Linares<\/i>,\u00a0<i>M\u00e9xico t\u00edpico<\/i>\u00a0y\u00a0<i>El chaver\u00e1n<\/i>\u00a0como ejemplo del chotis, la polka y otros ritmos que de Europa llegaron para enriquecer los bailes de la zona norte de M\u00e9xico (Nuevo Le\u00f3n, Coahuila, Tamaulipas, Chihuahua y Baja California). El programa cerrar\u00e1 con\u00a0<i>Las ma\u00f1anitas<\/i>\u00a0y\u00a0<i>El jarabe tapat\u00edo<\/i>\u00a0como parte fundamental de la fiesta del estado de Jalisco y sus int\u00e9rpretes: el Mariachi, el Charro y la China poblana.<\/span><\/p>\n<p class=\"x_MsoNormal\"><span lang=\"ES-MX\">Celebrar un a\u00f1o m\u00e1s de la Compa\u00f1\u00eda Nacional de Danza Folkl\u00f3rica implica \u201ctoda una vida de esfuerzo, toda una vida de seleccionar j\u00f3venes que, para satisfacci\u00f3n nuestra, no desviaron su camino de ser estudiantes, ahora profesionistas, y aprendieron a amar su pa\u00eds\u201d, ha dicho la maestra Nieves Paniagua, bailarina y core\u00f3grafa que en 1975 dio vida a esta agrupaci\u00f3n con el nombre de Ballet Folkl\u00f3rico de la Direcci\u00f3n General de Educaci\u00f3n Tecnol\u00f3gica Industrial.<\/span><\/p>\n<p class=\"x_MsoNormal\"><span lang=\"ES-MX\">En 1984 el Instituto Nacional de Bellas Artes y Literatura (INBAL) reconoci\u00f3 a este ballet con el nombre de Compa\u00f1\u00eda Nacional de Danza Folkl\u00f3rica y desde entonces se han dedicado a preservar y difundir, por toda la Rep\u00fablica Mexicana y el extranjero, nuestros bailes tradicionales, dijo la directora y fundadora de la agrupaci\u00f3n.<\/span><\/p>\n<p class=\"x_MsoNormal\"><span lang=\"ES-MX\">Entre los reconocimientos que la compa\u00f1\u00eda ha recibido destacan la Medalla de Oro y el primer lugar, por unanimidad, otorgados en el XLVIII Festival de Folklor Internacional en Dij\u00f3n, Francia, en 1989. Las coreograf\u00edas del programa son obra de la maestra Nieves Paniagua Ruiz y del maestro Roberto Vallejo Mu\u00f1oz (+), con escenograf\u00eda e iluminaci\u00f3n de Mario Mar\u00edn<\/span><\/p>\n<p class=\"x_MsoNormal\"><span lang=\"ES-MX\">La celebraci\u00f3n del\u00a0<b>47 aniversario<\/b>\u00a0de la\u00a0<b>Compa\u00f1\u00eda Nacional de Danza Folkl\u00f3rica<\/b>\u00a0de Nieves Paniagua se realizar\u00e1 los d\u00edas\u00a0<b>s\u00e1bado 22 a las<\/b>\u00a0<b>19:00\u00a0<\/b>y\u00a0<b>domingo 23<\/b>\u00a0<b>de enero<\/b>\u00a0<b>a las 18:00<\/b>\u00a0<b>horas<\/b>, en el\u00a0<b>Teatro de la Ciudad Esperanza Iris<\/b>\u00a0(Donceles 36, Centro Hist\u00f3rico, Metro Allende), con las\u00a0<\/span><span lang=\"ES-MX\">disposiciones del sem\u00e1foro epidemiol\u00f3gico vigente: cupo limitado al 75 por ciento de la capacidad del recinto y uso permanente de cubre-bocas, gel anti-bacterial y registro de c\u00f3digo QR por parte tanto del personal del teatro como de los espectadores.<\/span><\/p>\n<p class=\"x_MsoNormal\"><b><span lang=\"ES-MX\">Admisi\u00f3n<\/span><\/b><span lang=\"ES-MX\">: Luneta y Primer Piso Central, $250; Primer Piso Lateral, $200; Anfiteatro y Galer\u00eda $150.\u00a0<\/span><span lang=\"ES-MX\">Los boletos se pueden adquirir en la taquilla del teatro y en\u00a0las plataformas digitales de Ticketmaster.<\/span><\/p>\n<p class=\"x_MsoNormal\"><span lang=\"ES-MX\">Para conocer la programaci\u00f3n de la\u00a0<b>Direcci\u00f3n del Sistema de Teatros de la Ciudad de M\u00e9xico<\/b>\u00a0visite las\u00a0redes sociales: Facebook @TeatrosCdMexico, Twitter @TeatrosCdMexico e Instagram @teatroscdmexico.<\/span><\/p>\n<p class=\"x_MsoNormal\"><span lang=\"ES-MX\">Siga a la <strong>Secretar\u00eda de Cultura de la Ciudad de M\u00e9xico<\/strong>\u00a0a trav\u00e9s de su p\u00e1gina oficial (<\/span><span lang=\"EN-US\"><a href=\"https:\/\/cultura.cdmx.gob.mx\/\" target=\"_blank\" rel=\"noopener noreferrer\" data-auth=\"NotApplicable\" data-linkindex=\"0\"><span lang=\"ES-MX\">https:\/\/cultura.cdmx.gob.mx\/<\/span><\/a><\/span><span lang=\"ES-MX\">), sus redes sociales (<\/span><span lang=\"EN-US\"><a href=\"https:\/\/www.facebook.com\/Cultura.Ciudad.de.Mexico\" target=\"_blank\" rel=\"noopener noreferrer\" data-auth=\"NotApplicable\" data-linkindex=\"1\"><span lang=\"ES-MX\">Facebook<\/span><\/a><\/span><span lang=\"ES-MX\">,\u00a0<\/span><span lang=\"EN-US\"><a href=\"https:\/\/twitter.com\/CulturaCiudadMx\" target=\"_blank\" rel=\"noopener noreferrer\" data-auth=\"NotApplicable\" data-linkindex=\"2\"><span lang=\"ES-MX\">Twitter<\/span><\/a><\/span><span lang=\"ES-MX\">,\u00a0<\/span><span lang=\"EN-US\"><a href=\"https:\/\/www.instagram.com\/culturaciudadmx\/?hl=es-la\" target=\"_blank\" rel=\"noopener noreferrer\" data-auth=\"NotApplicable\" data-linkindex=\"3\"><span lang=\"ES-MX\">Instagram<\/span><\/a><\/span><span lang=\"ES-MX\">\u00a0y\u00a0<\/span><span lang=\"EN-US\"><a href=\"https:\/\/www.youtube.com\/user\/culturamadf\" target=\"_blank\" rel=\"noopener noreferrer\" data-auth=\"NotApplicable\" data-linkindex=\"4\"><span lang=\"ES-MX\">YouTube<\/span><\/a><\/span><span lang=\"ES-MX\">) y en la plataforma digital\u00a0<\/span><span lang=\"EN-US\"><a href=\"http:\/\/www.capitalculturalennuestracasa.cdmx.gob.mx\/\" target=\"_blank\" rel=\"noopener noreferrer\" data-auth=\"NotApplicable\" data-linkindex=\"5\"><i><span lang=\"ES-MX\">Capital Cultural en Nuestra Casa<\/span><\/i><\/a><\/span><span lang=\"ES-MX\">.<\/span><\/p>\n<p>[\/fusion_text][fusion_imageframe image_id=&#8221;42573|medium&#8221; max_width=&#8221;&#8221; style_type=&#8221;&#8221; blur=&#8221;&#8221; stylecolor=&#8221;&#8221; hover_type=&#8221;none&#8221; bordersize=&#8221;&#8221; bordercolor=&#8221;&#8221; borderradius=&#8221;&#8221; align=&#8221;none&#8221; lightbox=&#8221;no&#8221; gallery_id=&#8221;&#8221; lightbox_image=&#8221;&#8221; lightbox_image_id=&#8221;&#8221; alt=&#8221;&#8221; link=&#8221;&#8221; linktarget=&#8221;_self&#8221; hide_on_mobile=&#8221;small-visibility,medium-visibility,large-visibility&#8221; class=&#8221;&#8221; id=&#8221;&#8221; animation_type=&#8221;&#8221; animation_direction=&#8221;left&#8221; animation_speed=&#8221;0.3&#8243; animation_offset=&#8221;&#8221;]https:\/\/www.bitacoracdmx.com\/wp-content\/uploads\/2022\/01\/267716421_2045922235567143_5202764015082607411_n-207&#215;300.jpg[\/fusion_imageframe][\/fusion_builder_column][\/fusion_builder_row][\/fusion_builder_container]<\/p>\n","protected":false},"excerpt":{"rendered":"<p>[fusion_builder_container hundred_percent=&#8221;no&#8221; equal_height_columns=&#8221;no&#8221; menu_anchor=&#8221;&#8221; hide_on_mobile=&#8221;small-visibility,medium-visibility,large-visibility&#8221; class=&#8221;&#8221; id=&#8221;&#8221; background_color=&#8221;&#8221; background_image=&#8221;&#8221; background_position=&#8221;center center&#8221; background_repeat=&#8221;no-repeat&#8221; fade=&#8221;no&#8221; background_parallax=&#8221;none&#8221; parallax_speed=&#8221;0.3&#8243; video_mp4=&#8221;&#8221; video_webm=&#8221;&#8221; video_ogv=&#8221;&#8221; video_url=&#8221;&#8221; video_aspect_ratio=&#8221;16:9&#8243; video_loop=&#8221;yes&#8221; video_mute=&#8221;yes&#8221; overlay_color=&#8221;&#8221; video_preview_image=&#8221;&#8221; border_size=&#8221;&#8221; border_color=&#8221;&#8221; border_style=&#8221;solid&#8221; padding_top=&#8221;&#8221; padding_bottom=&#8221;&#8221; padding_left=&#8221;&#8221; padding_right=&#8221;&#8221;][fusion_builder_row][fusion_builder_column type=&#8221;1_1&#8243; layout=&#8221;1_1&#8243; background_position=&#8221;left top&#8221; background_color=&#8221;&#8221; border_size=&#8221;&#8221; border_color=&#8221;&#8221; border_style=&#8221;solid&#8221; border_position=&#8221;all&#8221; spacing=&#8221;yes&#8221; background_image=&#8221;&#8221; background_repeat=&#8221;no-repeat&#8221; padding_top=&#8221;&#8221; padding_right=&#8221;&#8221; padding_bottom=&#8221;&#8221; padding_left=&#8221;&#8221; margin_top=&#8221;0px&#8221; margin_bottom=&#8221;0px&#8221; class=&#8221;&#8221; id=&#8221;&#8221; animation_type=&#8221;&#8221; animation_speed=&#8221;0.3&#8243; animation_direction=&#8221;left&#8221; hide_on_mobile=&#8221;small-visibility,medium-visibility,large-visibility&#8221; center_content=&#8221;no&#8221; last=&#8221;no&#8221; min_height=&#8221;&#8221; hover_type=&#8221;none&#8221; link=&#8221;&#8221;][fusion_text] REDACCI\u00d3N \u00b7\u00a0\u00a0\u00a0\u00a0\u00a0\u00a0Se ofrecer\u00e1n dos funciones de gala los d\u00edas s\u00e1bado 22 y domingo 23 de enero en el Teatro de la Ciudad Esperanza Iris \u00b7\u00a0\u00a0\u00a0\u00a0\u00a0\u00a0Incluyen bailes, danzas, tradiciones y ceremonias de las distintas regiones del pa\u00eds El\u00a0Teatro de la Ciudad [&hellip;]<\/p>\n","protected":false},"author":1,"featured_media":42573,"comment_status":"open","ping_status":"open","sticky":false,"template":"","format":"standard","meta":{"footnotes":""},"categories":[9,14],"tags":[],"_links":{"self":[{"href":"https:\/\/www.bitacoracdmx.com\/index.php?rest_route=\/wp\/v2\/posts\/42684"}],"collection":[{"href":"https:\/\/www.bitacoracdmx.com\/index.php?rest_route=\/wp\/v2\/posts"}],"about":[{"href":"https:\/\/www.bitacoracdmx.com\/index.php?rest_route=\/wp\/v2\/types\/post"}],"author":[{"embeddable":true,"href":"https:\/\/www.bitacoracdmx.com\/index.php?rest_route=\/wp\/v2\/users\/1"}],"replies":[{"embeddable":true,"href":"https:\/\/www.bitacoracdmx.com\/index.php?rest_route=%2Fwp%2Fv2%2Fcomments&post=42684"}],"version-history":[{"count":1,"href":"https:\/\/www.bitacoracdmx.com\/index.php?rest_route=\/wp\/v2\/posts\/42684\/revisions"}],"predecessor-version":[{"id":42685,"href":"https:\/\/www.bitacoracdmx.com\/index.php?rest_route=\/wp\/v2\/posts\/42684\/revisions\/42685"}],"wp:featuredmedia":[{"embeddable":true,"href":"https:\/\/www.bitacoracdmx.com\/index.php?rest_route=\/wp\/v2\/media\/42573"}],"wp:attachment":[{"href":"https:\/\/www.bitacoracdmx.com\/index.php?rest_route=%2Fwp%2Fv2%2Fmedia&parent=42684"}],"wp:term":[{"taxonomy":"category","embeddable":true,"href":"https:\/\/www.bitacoracdmx.com\/index.php?rest_route=%2Fwp%2Fv2%2Fcategories&post=42684"},{"taxonomy":"post_tag","embeddable":true,"href":"https:\/\/www.bitacoracdmx.com\/index.php?rest_route=%2Fwp%2Fv2%2Ftags&post=42684"}],"curies":[{"name":"wp","href":"https:\/\/api.w.org\/{rel}","templated":true}]}}