{"id":42689,"date":"2022-01-18T00:39:53","date_gmt":"2022-01-18T00:39:53","guid":{"rendered":"https:\/\/www.bitacoracdmx.com\/?p=42689"},"modified":"2022-01-18T00:39:53","modified_gmt":"2022-01-18T00:39:53","slug":"rotacion-escarlata-se-arma-con-rogelio-armenteros","status":"publish","type":"post","link":"https:\/\/www.bitacoracdmx.com\/?p=42689","title":{"rendered":"Rotaci\u00f3n escarlata se arma con Rogelio Armenteros."},"content":{"rendered":"<p>[fusion_builder_container hundred_percent=&#8221;no&#8221; equal_height_columns=&#8221;no&#8221; menu_anchor=&#8221;&#8221; hide_on_mobile=&#8221;small-visibility,medium-visibility,large-visibility&#8221; class=&#8221;&#8221; id=&#8221;&#8221; background_color=&#8221;&#8221; background_image=&#8221;&#8221; background_position=&#8221;center center&#8221; background_repeat=&#8221;no-repeat&#8221; fade=&#8221;no&#8221; background_parallax=&#8221;none&#8221; parallax_speed=&#8221;0.3&#8243; video_mp4=&#8221;&#8221; video_webm=&#8221;&#8221; video_ogv=&#8221;&#8221; video_url=&#8221;&#8221; video_aspect_ratio=&#8221;16:9&#8243; video_loop=&#8221;yes&#8221; video_mute=&#8221;yes&#8221; overlay_color=&#8221;&#8221; video_preview_image=&#8221;&#8221; border_size=&#8221;&#8221; border_color=&#8221;&#8221; border_style=&#8221;solid&#8221; padding_top=&#8221;&#8221; padding_bottom=&#8221;&#8221; padding_left=&#8221;&#8221; padding_right=&#8221;&#8221;][fusion_builder_row][fusion_builder_column type=&#8221;1_1&#8243; layout=&#8221;1_1&#8243; background_position=&#8221;left top&#8221; background_color=&#8221;&#8221; border_size=&#8221;&#8221; border_color=&#8221;&#8221; border_style=&#8221;solid&#8221; border_position=&#8221;all&#8221; spacing=&#8221;yes&#8221; background_image=&#8221;&#8221; background_repeat=&#8221;no-repeat&#8221; padding_top=&#8221;&#8221; padding_right=&#8221;&#8221; padding_bottom=&#8221;&#8221; padding_left=&#8221;&#8221; margin_top=&#8221;0px&#8221; margin_bottom=&#8221;0px&#8221; class=&#8221;&#8221; id=&#8221;&#8221; animation_type=&#8221;&#8221; animation_speed=&#8221;0.3&#8243; animation_direction=&#8221;left&#8221; hide_on_mobile=&#8221;small-visibility,medium-visibility,large-visibility&#8221; center_content=&#8221;no&#8221; last=&#8221;no&#8221; min_height=&#8221;&#8221; hover_type=&#8221;none&#8221; link=&#8221;&#8221;][fusion_text]<\/p>\n<p>REDACCI\u00d3N<\/p>\n<div>La rotaci\u00f3n abridora de los Diablos Rojos del M\u00e9xico recibir\u00e1 en 2022 una importaci\u00f3n cubana con sello de Grandes Ligas cuando el derecho Rogelio Armenteros se uniforme con los escarlatas.<\/div>\n<div aria-hidden=\"true\"><\/div>\n<div>Armenteros de 27 a\u00f1os y oriundo de la Habana, lanz\u00f3 en 2019 con los Astros de Houston luego de estar catalogado como el 5to mejor prospecto de la organizaci\u00f3n en 2018. Su participaci\u00f3n en las mayores fue corta pero exitosa lanzando 18.0 innings de 4.00 de efectividad con 18 ponches y solo 5 boletos.<\/div>\n<div aria-hidden=\"true\"><\/div>\n<div>Su trayectoria en las menores es mucho m\u00e1s extensa dejando s\u00f3lidos n\u00fameros entre los que destaca su marca de 24-14 en AAA con 4.04 de efectividad en 300.2 innings de labor en los que abanic\u00f3 a 333 rivales entregando solo 43 HR y 123 boletos.<\/div>\n<div aria-hidden=\"true\"><\/div>\n<div>Su repertorio se basa en una recta que promedi\u00f3 las 91MPH en las mayores, un cambio de velocidad \u00e9lite a 83MPH, una s\u00f3lida curva a 79MPH y un slider ocasional a 85MPH que complementa su repertorio sobre todo contra derechos.<\/div>\n<div><\/div>\n<div>\u201cLa incorporaci\u00f3n de Rogelio Armenteros como segundo refuerzo escarlata y el primero que anunciamos de los pitchers busca fortalecer evidentemente la rotaci\u00f3n con un brazo que ofrece versatilidad y sobre todo la certeza de que va a poder salir a ganar los juegos que le toque lanzar. Estuvimos observando su perfil desde la parte estad\u00edstica y saberm\u00e9trica, observamos el comando que ofrece con sus pitcheos secundarios y la cantidad de pitcheos rompientes que exhibe y eso nos hace sentir seguros de que tendr\u00e1 una gran temporada con los Diablos Rojos del M\u00e9xico y nos ayudar\u00e1 a buscar esa misi\u00f3n 17\u201d, afirm\u00f3 Jorge del Valle, gerente deportivo de los pingos.<\/div>\n<div aria-hidden=\"true\"><\/div>\n<div>Armenteros tuvo un a\u00f1o complejo en AAA en 2021 con los Nacionales de Washington luego de regresar a mitad de a\u00f1o de una cirug\u00eda para remover astillas en su codo. Fue dejado en libertad finalizando la campa\u00f1a luego de lanzar solo 41.0 innings y ahora vendr\u00e1 a M\u00e9xico por vez primera a intentar establecerse como un abridor estelar en el beisbol caribe\u00f1o sum\u00e1ndose a una rotaci\u00f3n que cuenta con nombres estelares como Edgar Torres y Arturo L\u00f3pez, complementada con j\u00f3venes promesas como Alemao Hern\u00e1ndez y Luis Iv\u00e1n Rodr\u00edguez.<\/div>\n<div aria-hidden=\"true\"><\/div>\n<div>El cubano es el segundo extranjero que la directiva de los Diablos Rojos del M\u00e9xico anuncia para la temporada 2022 luego de que el slugger ex Grandes Ligas Justin Bour acordara su firma con los escarlatas el mes pasado.<\/div>\n<p>[\/fusion_text][fusion_imageframe image_id=&#8221;42690|medium&#8221; max_width=&#8221;&#8221; style_type=&#8221;&#8221; blur=&#8221;&#8221; stylecolor=&#8221;&#8221; hover_type=&#8221;none&#8221; bordersize=&#8221;&#8221; bordercolor=&#8221;&#8221; borderradius=&#8221;&#8221; align=&#8221;none&#8221; lightbox=&#8221;no&#8221; gallery_id=&#8221;&#8221; lightbox_image=&#8221;&#8221; lightbox_image_id=&#8221;&#8221; alt=&#8221;&#8221; link=&#8221;&#8221; linktarget=&#8221;_self&#8221; hide_on_mobile=&#8221;small-visibility,medium-visibility,large-visibility&#8221; class=&#8221;&#8221; id=&#8221;&#8221; animation_type=&#8221;&#8221; animation_direction=&#8221;left&#8221; animation_speed=&#8221;0.3&#8243; animation_offset=&#8221;&#8221;]https:\/\/www.bitacoracdmx.com\/wp-content\/uploads\/2022\/01\/5fjc_WhatsAppImage20220102at74001PM-300&#215;259.jpeg[\/fusion_imageframe][\/fusion_builder_column][\/fusion_builder_row][\/fusion_builder_container]<\/p>\n","protected":false},"excerpt":{"rendered":"<p>[fusion_builder_container hundred_percent=&#8221;no&#8221; equal_height_columns=&#8221;no&#8221; menu_anchor=&#8221;&#8221; hide_on_mobile=&#8221;small-visibility,medium-visibility,large-visibility&#8221; class=&#8221;&#8221; id=&#8221;&#8221; background_color=&#8221;&#8221; background_image=&#8221;&#8221; background_position=&#8221;center center&#8221; background_repeat=&#8221;no-repeat&#8221; fade=&#8221;no&#8221; background_parallax=&#8221;none&#8221; parallax_speed=&#8221;0.3&#8243; video_mp4=&#8221;&#8221; video_webm=&#8221;&#8221; video_ogv=&#8221;&#8221; video_url=&#8221;&#8221; video_aspect_ratio=&#8221;16:9&#8243; video_loop=&#8221;yes&#8221; video_mute=&#8221;yes&#8221; overlay_color=&#8221;&#8221; video_preview_image=&#8221;&#8221; border_size=&#8221;&#8221; border_color=&#8221;&#8221; border_style=&#8221;solid&#8221; padding_top=&#8221;&#8221; padding_bottom=&#8221;&#8221; padding_left=&#8221;&#8221; padding_right=&#8221;&#8221;][fusion_builder_row][fusion_builder_column type=&#8221;1_1&#8243; layout=&#8221;1_1&#8243; background_position=&#8221;left top&#8221; background_color=&#8221;&#8221; border_size=&#8221;&#8221; border_color=&#8221;&#8221; border_style=&#8221;solid&#8221; border_position=&#8221;all&#8221; spacing=&#8221;yes&#8221; background_image=&#8221;&#8221; background_repeat=&#8221;no-repeat&#8221; padding_top=&#8221;&#8221; padding_right=&#8221;&#8221; padding_bottom=&#8221;&#8221; padding_left=&#8221;&#8221; margin_top=&#8221;0px&#8221; margin_bottom=&#8221;0px&#8221; class=&#8221;&#8221; id=&#8221;&#8221; animation_type=&#8221;&#8221; animation_speed=&#8221;0.3&#8243; animation_direction=&#8221;left&#8221; hide_on_mobile=&#8221;small-visibility,medium-visibility,large-visibility&#8221; center_content=&#8221;no&#8221; last=&#8221;no&#8221; min_height=&#8221;&#8221; hover_type=&#8221;none&#8221; link=&#8221;&#8221;][fusion_text] REDACCI\u00d3N La rotaci\u00f3n abridora de los Diablos Rojos del M\u00e9xico recibir\u00e1 en 2022 una importaci\u00f3n cubana con sello de Grandes Ligas cuando el derecho Rogelio Armenteros se uniforme con los escarlatas. Armenteros de 27 a\u00f1os y oriundo de la Habana, [&hellip;]<\/p>\n","protected":false},"author":1,"featured_media":42690,"comment_status":"open","ping_status":"open","sticky":false,"template":"","format":"standard","meta":{"footnotes":""},"categories":[6,9],"tags":[],"_links":{"self":[{"href":"https:\/\/www.bitacoracdmx.com\/index.php?rest_route=\/wp\/v2\/posts\/42689"}],"collection":[{"href":"https:\/\/www.bitacoracdmx.com\/index.php?rest_route=\/wp\/v2\/posts"}],"about":[{"href":"https:\/\/www.bitacoracdmx.com\/index.php?rest_route=\/wp\/v2\/types\/post"}],"author":[{"embeddable":true,"href":"https:\/\/www.bitacoracdmx.com\/index.php?rest_route=\/wp\/v2\/users\/1"}],"replies":[{"embeddable":true,"href":"https:\/\/www.bitacoracdmx.com\/index.php?rest_route=%2Fwp%2Fv2%2Fcomments&post=42689"}],"version-history":[{"count":1,"href":"https:\/\/www.bitacoracdmx.com\/index.php?rest_route=\/wp\/v2\/posts\/42689\/revisions"}],"predecessor-version":[{"id":42691,"href":"https:\/\/www.bitacoracdmx.com\/index.php?rest_route=\/wp\/v2\/posts\/42689\/revisions\/42691"}],"wp:featuredmedia":[{"embeddable":true,"href":"https:\/\/www.bitacoracdmx.com\/index.php?rest_route=\/wp\/v2\/media\/42690"}],"wp:attachment":[{"href":"https:\/\/www.bitacoracdmx.com\/index.php?rest_route=%2Fwp%2Fv2%2Fmedia&parent=42689"}],"wp:term":[{"taxonomy":"category","embeddable":true,"href":"https:\/\/www.bitacoracdmx.com\/index.php?rest_route=%2Fwp%2Fv2%2Fcategories&post=42689"},{"taxonomy":"post_tag","embeddable":true,"href":"https:\/\/www.bitacoracdmx.com\/index.php?rest_route=%2Fwp%2Fv2%2Ftags&post=42689"}],"curies":[{"name":"wp","href":"https:\/\/api.w.org\/{rel}","templated":true}]}}