{"id":42710,"date":"2022-01-20T01:11:14","date_gmt":"2022-01-20T01:11:14","guid":{"rendered":"https:\/\/www.bitacoracdmx.com\/?p=42710"},"modified":"2022-01-20T01:11:14","modified_gmt":"2022-01-20T01:11:14","slug":"jorge-carmona-la-voz-del-barrio-llega-al-teatro-metropolitan","status":"publish","type":"post","link":"https:\/\/www.bitacoracdmx.com\/?p=42710","title":{"rendered":"JORGE CARMONA \u201cLA VOZ DEL BARRIO\u201d, llega al TEATRO METROPOLITAN."},"content":{"rendered":"<p>[fusion_builder_container hundred_percent=&#8221;no&#8221; equal_height_columns=&#8221;no&#8221; menu_anchor=&#8221;&#8221; hide_on_mobile=&#8221;small-visibility,medium-visibility,large-visibility&#8221; class=&#8221;&#8221; id=&#8221;&#8221; background_color=&#8221;&#8221; background_image=&#8221;&#8221; background_position=&#8221;center center&#8221; background_repeat=&#8221;no-repeat&#8221; fade=&#8221;no&#8221; background_parallax=&#8221;none&#8221; parallax_speed=&#8221;0.3&#8243; video_mp4=&#8221;&#8221; video_webm=&#8221;&#8221; video_ogv=&#8221;&#8221; video_url=&#8221;&#8221; video_aspect_ratio=&#8221;16:9&#8243; video_loop=&#8221;yes&#8221; video_mute=&#8221;yes&#8221; overlay_color=&#8221;&#8221; video_preview_image=&#8221;&#8221; border_size=&#8221;&#8221; border_color=&#8221;&#8221; border_style=&#8221;solid&#8221; padding_top=&#8221;&#8221; padding_bottom=&#8221;&#8221; padding_left=&#8221;&#8221; padding_right=&#8221;&#8221;][fusion_builder_row][fusion_builder_column type=&#8221;1_1&#8243; layout=&#8221;1_1&#8243; background_position=&#8221;left top&#8221; background_color=&#8221;&#8221; border_size=&#8221;&#8221; border_color=&#8221;&#8221; border_style=&#8221;solid&#8221; border_position=&#8221;all&#8221; spacing=&#8221;yes&#8221; background_image=&#8221;&#8221; background_repeat=&#8221;no-repeat&#8221; padding_top=&#8221;&#8221; padding_right=&#8221;&#8221; padding_bottom=&#8221;&#8221; padding_left=&#8221;&#8221; margin_top=&#8221;0px&#8221; margin_bottom=&#8221;0px&#8221; class=&#8221;&#8221; id=&#8221;&#8221; animation_type=&#8221;&#8221; animation_speed=&#8221;0.3&#8243; animation_direction=&#8221;left&#8221; hide_on_mobile=&#8221;small-visibility,medium-visibility,large-visibility&#8221; center_content=&#8221;no&#8221; last=&#8221;no&#8221; min_height=&#8221;&#8221; hover_type=&#8221;none&#8221; link=&#8221;&#8221;][fusion_text]<\/p>\n<p>REDACCI\u00d3N<\/p>\n<p><b><i>*Jorge Carmona se presentar\u00e1 el pr\u00f3ximo Jueves 03 de Marzo de 2022 en el Teatro Metrop\u00f3litan a partir de las ocho de la noche<\/i><\/b><\/p>\n<p><b><i>*Boletos a la venta en el Sistema Ticketmaster y en taquillas del inmueble<\/i><\/b><\/p>\n<p><b>Las fans de Jorge Carmona, la nueva estrella salsera de la nueva generaci\u00f3n lo comparan con H\u00e9ctor Lavoe por el gran \u00e9xito que ha tenido a su corta edad y que le ha permitido actualmente ser reconocido como \u201cla voz del barrio\u201d. Su \u00e9xito actual es innegable, con su m\u00fasica sonando por todos lados producto de su calidad musical e interpretativa y con su nombre viralizado, Jorge Carmona dar\u00e1 un golpe de autoridad el pr\u00f3ximo Jueves 03 de Marzo de 2022 en el Teatro Metrop\u00f3litan a partir de las ocho de la noche, junto a grandes y reconocidos amigos como Edgar Oceransky y Armando Palomas en una fiesta imperdible llena de magia.<\/b><\/p>\n<p><b>Jorge Carmona busca ser el primer cantante de salsa de Tepito. En Tepito, considerado por algunas personas como el barrio m\u00e1s bravo de M\u00e9xico, se encuentra la voz de un joven talentoso, que es comparado con grandes int\u00e9rpretes de la salsa como H\u00e9ctor Lavoe. Desde muy peque\u00f1o su padre escuchaba salsa brava de los 70s y desde entonces se le inculc\u00f3 y creci\u00f3 con el g\u00e9nero. A los 16 a\u00f1os empez\u00f3 a trabajar como mec\u00e1nico y los 18, junto con sus amigos, empez\u00f3 a cantar en centros culturales del barrio. Poseedor de un gran carisma, su m\u00fasica lo ha llevado a ser uno de los m\u00e1s aplaudidos por su desempe\u00f1o en el escenario, que han sabido llegar al coraz\u00f3n de la gente que lo escucha.<\/b><\/p>\n<p><b>Jorge tiene como inspiraci\u00f3n a grandes salseros como Rub\u00e9n Blades, Frankie Ruiz y muchos m\u00e1s, iniciando su carrera con el grupo callejero los Jibaros y continu\u00f3 desarroll\u00e1ndose como cantante. Empez\u00f3 interpretando covers y actualmente cuenta con temas propios que se han viralizado como son \u201cCollar de Perlas\u201d y \u201cLa Voz del Barrio\u201d Y es hora de que el Metropolitan y el mundo conozcan de su enorme talento y gran val\u00eda, en un plan completamente estelar, contando como invitados a Edgar Oceransky y Armando Palomas en una fiesta imperdible.<\/b><\/p>\n<p><b>Jorge Carmona dar\u00e1 un golpe de autoridad el pr\u00f3ximo Jueves 03 de Marzo de 2022 en el Teatro Metrop\u00f3litan a partir de las ocho de la noche, junto a grandes y reconocidos amigos como Edgar Oceransky y Armando Palomas. Boletos a la venta en el Sistema Ticketmaster y en taquillas del inmueble.<\/b><\/p>\n<p>[\/fusion_text][fusion_imageframe image_id=&#8221;42712|medium&#8221; max_width=&#8221;&#8221; style_type=&#8221;&#8221; blur=&#8221;&#8221; stylecolor=&#8221;&#8221; hover_type=&#8221;none&#8221; bordersize=&#8221;&#8221; bordercolor=&#8221;&#8221; borderradius=&#8221;&#8221; align=&#8221;none&#8221; lightbox=&#8221;no&#8221; gallery_id=&#8221;&#8221; lightbox_image=&#8221;&#8221; lightbox_image_id=&#8221;&#8221; alt=&#8221;&#8221; link=&#8221;&#8221; linktarget=&#8221;_self&#8221; hide_on_mobile=&#8221;small-visibility,medium-visibility,large-visibility&#8221; class=&#8221;&#8221; id=&#8221;&#8221; animation_type=&#8221;&#8221; animation_direction=&#8221;left&#8221; animation_speed=&#8221;0.3&#8243; animation_offset=&#8221;&#8221;]https:\/\/www.bitacoracdmx.com\/wp-content\/uploads\/2022\/01\/JORGE-CARMONA-ENE-2022-METROPOLITAN-CARTEL-197&#215;300.jpeg[\/fusion_imageframe][\/fusion_builder_column][\/fusion_builder_row][\/fusion_builder_container]<\/p>\n","protected":false},"excerpt":{"rendered":"<p>[fusion_builder_container hundred_percent=&#8221;no&#8221; equal_height_columns=&#8221;no&#8221; menu_anchor=&#8221;&#8221; hide_on_mobile=&#8221;small-visibility,medium-visibility,large-visibility&#8221; class=&#8221;&#8221; id=&#8221;&#8221; background_color=&#8221;&#8221; background_image=&#8221;&#8221; background_position=&#8221;center center&#8221; background_repeat=&#8221;no-repeat&#8221; fade=&#8221;no&#8221; background_parallax=&#8221;none&#8221; parallax_speed=&#8221;0.3&#8243; video_mp4=&#8221;&#8221; video_webm=&#8221;&#8221; video_ogv=&#8221;&#8221; video_url=&#8221;&#8221; video_aspect_ratio=&#8221;16:9&#8243; video_loop=&#8221;yes&#8221; video_mute=&#8221;yes&#8221; overlay_color=&#8221;&#8221; video_preview_image=&#8221;&#8221; border_size=&#8221;&#8221; border_color=&#8221;&#8221; border_style=&#8221;solid&#8221; padding_top=&#8221;&#8221; padding_bottom=&#8221;&#8221; padding_left=&#8221;&#8221; padding_right=&#8221;&#8221;][fusion_builder_row][fusion_builder_column type=&#8221;1_1&#8243; layout=&#8221;1_1&#8243; background_position=&#8221;left top&#8221; background_color=&#8221;&#8221; border_size=&#8221;&#8221; border_color=&#8221;&#8221; border_style=&#8221;solid&#8221; border_position=&#8221;all&#8221; spacing=&#8221;yes&#8221; background_image=&#8221;&#8221; background_repeat=&#8221;no-repeat&#8221; padding_top=&#8221;&#8221; padding_right=&#8221;&#8221; padding_bottom=&#8221;&#8221; padding_left=&#8221;&#8221; margin_top=&#8221;0px&#8221; margin_bottom=&#8221;0px&#8221; class=&#8221;&#8221; id=&#8221;&#8221; animation_type=&#8221;&#8221; animation_speed=&#8221;0.3&#8243; animation_direction=&#8221;left&#8221; hide_on_mobile=&#8221;small-visibility,medium-visibility,large-visibility&#8221; center_content=&#8221;no&#8221; last=&#8221;no&#8221; min_height=&#8221;&#8221; hover_type=&#8221;none&#8221; link=&#8221;&#8221;][fusion_text] REDACCI\u00d3N *Jorge Carmona se presentar\u00e1 el pr\u00f3ximo Jueves 03 de Marzo de 2022 en el Teatro Metrop\u00f3litan a partir de las ocho de la noche *Boletos a la venta en el Sistema Ticketmaster y en taquillas del inmueble Las fans [&hellip;]<\/p>\n","protected":false},"author":1,"featured_media":42712,"comment_status":"open","ping_status":"open","sticky":false,"template":"","format":"standard","meta":{"footnotes":""},"categories":[9,11],"tags":[],"_links":{"self":[{"href":"https:\/\/www.bitacoracdmx.com\/index.php?rest_route=\/wp\/v2\/posts\/42710"}],"collection":[{"href":"https:\/\/www.bitacoracdmx.com\/index.php?rest_route=\/wp\/v2\/posts"}],"about":[{"href":"https:\/\/www.bitacoracdmx.com\/index.php?rest_route=\/wp\/v2\/types\/post"}],"author":[{"embeddable":true,"href":"https:\/\/www.bitacoracdmx.com\/index.php?rest_route=\/wp\/v2\/users\/1"}],"replies":[{"embeddable":true,"href":"https:\/\/www.bitacoracdmx.com\/index.php?rest_route=%2Fwp%2Fv2%2Fcomments&post=42710"}],"version-history":[{"count":1,"href":"https:\/\/www.bitacoracdmx.com\/index.php?rest_route=\/wp\/v2\/posts\/42710\/revisions"}],"predecessor-version":[{"id":42713,"href":"https:\/\/www.bitacoracdmx.com\/index.php?rest_route=\/wp\/v2\/posts\/42710\/revisions\/42713"}],"wp:featuredmedia":[{"embeddable":true,"href":"https:\/\/www.bitacoracdmx.com\/index.php?rest_route=\/wp\/v2\/media\/42712"}],"wp:attachment":[{"href":"https:\/\/www.bitacoracdmx.com\/index.php?rest_route=%2Fwp%2Fv2%2Fmedia&parent=42710"}],"wp:term":[{"taxonomy":"category","embeddable":true,"href":"https:\/\/www.bitacoracdmx.com\/index.php?rest_route=%2Fwp%2Fv2%2Fcategories&post=42710"},{"taxonomy":"post_tag","embeddable":true,"href":"https:\/\/www.bitacoracdmx.com\/index.php?rest_route=%2Fwp%2Fv2%2Ftags&post=42710"}],"curies":[{"name":"wp","href":"https:\/\/api.w.org\/{rel}","templated":true}]}}