{"id":42729,"date":"2022-01-25T03:13:40","date_gmt":"2022-01-25T03:13:40","guid":{"rendered":"https:\/\/www.bitacoracdmx.com\/?p=42729"},"modified":"2022-01-25T03:13:40","modified_gmt":"2022-01-25T03:13:40","slug":"escrita-por-el-ovacionado-dramaturgo-espanol-david-desola-el-charco-inutil-llega-al-helenico-para-reflexionar-sobre-la-perdida-la-locura-el-amor-y-la-soledad","status":"publish","type":"post","link":"https:\/\/www.bitacoracdmx.com\/?p=42729","title":{"rendered":"Escrita por el ovacionado dramaturgo espa\u00f1ol David Desola, El charco in\u00fatil llega al Hel\u00e9nico para reflexionar sobre la p\u00e9rdida, la locura, el amor y la soledad"},"content":{"rendered":"<p>[fusion_builder_container hundred_percent=&#8221;no&#8221; equal_height_columns=&#8221;no&#8221; menu_anchor=&#8221;&#8221; hide_on_mobile=&#8221;small-visibility,medium-visibility,large-visibility&#8221; class=&#8221;&#8221; id=&#8221;&#8221; background_color=&#8221;&#8221; background_image=&#8221;&#8221; background_position=&#8221;center center&#8221; background_repeat=&#8221;no-repeat&#8221; fade=&#8221;no&#8221; background_parallax=&#8221;none&#8221; parallax_speed=&#8221;0.3&#8243; video_mp4=&#8221;&#8221; video_webm=&#8221;&#8221; video_ogv=&#8221;&#8221; video_url=&#8221;&#8221; video_aspect_ratio=&#8221;16:9&#8243; video_loop=&#8221;yes&#8221; video_mute=&#8221;yes&#8221; overlay_color=&#8221;&#8221; video_preview_image=&#8221;&#8221; border_size=&#8221;&#8221; border_color=&#8221;&#8221; border_style=&#8221;solid&#8221; padding_top=&#8221;&#8221; padding_bottom=&#8221;&#8221; padding_left=&#8221;&#8221; padding_right=&#8221;&#8221;][fusion_builder_row][fusion_builder_column type=&#8221;1_1&#8243; layout=&#8221;1_1&#8243; background_position=&#8221;left top&#8221; background_color=&#8221;&#8221; border_size=&#8221;&#8221; border_color=&#8221;&#8221; border_style=&#8221;solid&#8221; border_position=&#8221;all&#8221; spacing=&#8221;yes&#8221; background_image=&#8221;&#8221; background_repeat=&#8221;no-repeat&#8221; padding_top=&#8221;&#8221; padding_right=&#8221;&#8221; padding_bottom=&#8221;&#8221; padding_left=&#8221;&#8221; margin_top=&#8221;0px&#8221; margin_bottom=&#8221;0px&#8221; class=&#8221;&#8221; id=&#8221;&#8221; animation_type=&#8221;&#8221; animation_speed=&#8221;0.3&#8243; animation_direction=&#8221;left&#8221; hide_on_mobile=&#8221;small-visibility,medium-visibility,large-visibility&#8221; center_content=&#8221;no&#8221; last=&#8221;no&#8221; min_height=&#8221;&#8221; hover_type=&#8221;none&#8221; link=&#8221;&#8221;][fusion_text]<\/p>\n<p>REDACCI\u00d3N<\/p>\n<p>\u2022 Premio Lope de Vega 2007 en Espa\u00f1a.<br aria-hidden=\"true\" \/>\u2022 De David Desola, creador y guionista del filme\u00a0<em>El Hoyo<\/em>, una de las 10 pel\u00edculas m\u00e1s vistas de Netflix a nivel mundial.<\/p>\n<p>La p\u00e9rdida, la locura y el deseo imperioso por escapar del dolor se adue\u00f1ar\u00e1n del Centro Cultural Hel\u00e9nico a trav\u00e9s de\u00a0<em>El charco in\u00fatil<\/em>, una obra del laureado escritor David Desola, quien adem\u00e1s es autor de\u00a0<em>Baldosas<\/em>\u00a0y\u00a0<em>Almacenados<\/em>, as\u00ed como de la pel\u00edcula\u00a0<em>El Hoyo\u00a0<\/em>\u2014uno de los diez largometrajes m\u00e1s vistos en la plataforma Netflix a nivel mundial\u2014. Esta pieza, dirigida por Ruby Tagle, se presentar\u00e1 en el Teatro Hel\u00e9nico, del 27 de enero al 20 de marzo (los jueves y viernes a las 20:00 horas; los s\u00e1bados a las 19:00 horas y los domingos a las 18:00 horas).<br aria-hidden=\"true\" \/><br aria-hidden=\"true\" \/>Se trata de una puesta que se posiciona en el no-lugar que habitan las y los exiliados, para configurar una narrativa que le habla a la sombra de cada ser humano, al deseo de huida y al peso de una vida que a veces resulta asfixiante. Adem\u00e1s, <em>El charco in\u00fatil<\/em>\u00a0no se acerca a la locura para romantizarla, tampoco para crear un ambiente que banalice los problemas mentales, por el contrario, se sostiene de una reflexi\u00f3n profunda sobre la angustia existencial.<br aria-hidden=\"true\" \/><br aria-hidden=\"true\" \/>En palabras de David Desola, esta puesta en escena explora en las profundidades de personajes atormentados y v\u00edctimas de un entorno opresivo, quienes se refugian en la locura para mantenerse cuerdos: \u201c(la obra) Es un intento de hacer un teatro inmediato, social, que refleje el aqu\u00ed y el ahora, con unos personajes que dan la espalda a la realidad porque la realidad les ha dado la espalda a ellos \u2014si es que la realidad existe\u2014.Y tambi\u00e9n es una historia que no pretende acariciar al espectador, sino abofetearle. <em>Somos una sociedad enferma y perversa<\/em>, dice el protagonista. Y dice la verdad\u201d.<\/p>\n<p><em>El charco in\u00fatil<\/em>\u00a0cuenta la historia de Oscar, un profesor de secundaria que luego de haber sido agredido brutalmente por un estudiante y humillado por sus compa\u00f1eros, queda severamente traumatizado y abandona por completo la ense\u00f1anza; y de Irene, una mujer que, tras perder a su hijo en los atentados terroristas de Madrid del 2004, se inventa una nueva vida junto a \u00e9l, creando un mundo imaginario en el que su hijo todav\u00eda vive con ella. Ambos personajes se refugian desesperadamente del pesar que habita en su insoportable realidad y, por azares del destino, sus caminos se cruzan cuando un antiguo maestro de Oscar logra convencerlo de que a manera de terapia le de clases particulares al hijo muerto de Irene. Renuente al principio, Oscar finalmente accede y a la par comienza a desarrollarse un romance entre \u00e9l e Irene. De esta ominosa relaci\u00f3n surge la pregunta: \u00bfPodr\u00e1 su amor superar el obst\u00e1culo que les impone su cortante batalla entre la locura y la realidad?<\/p>\n<p>Tal como lo asegur\u00f3 la poeta Marisa Wagner: \u201cSe enloquece por un dolor extremo o por una soledad extrema. Este mundo genera locura por donde lo mires. \u00bfC\u00f3mo haces para sobrevivir entre tanta injusticia y crueldad sin enfermarte?\u201d, as\u00ed como las palabras de Wagner, esta puesta en escena busca que, cuando el tel\u00f3n baje, el p\u00fablico permanezca at\u00f3nito y reflexivo por unos minutos antes de levantarse de su asiento.<\/p>\n<p>De esta forma, luego de ser galardonada con el codiciado premio Lope de Vega 2007 en Espa\u00f1a, la puesta llega a M\u00e9xico bajo la producci\u00f3n de Gang Studios y de sus productores generales Jean Bernard Tenaille y Daniel Blanco, quienes se acompa\u00f1an con un equipo creativo constituido por Ruby Tagle en la direcci\u00f3n; Rodrigo Caravantes en la asistencia de direcci\u00f3n; Jes\u00fas Hern\u00e1ndez, encargado del dise\u00f1o de escenograf\u00eda; Jerildy Bosch como dise\u00f1adora de vestuario y Leonardo Soqui en el dise\u00f1o sonoro.<br aria-hidden=\"true\" \/><br aria-hidden=\"true\" \/>Se reitera que <em>El charco in\u00fatil<\/em>\u00a0se presentar\u00e1 en el Teatro Hel\u00e9nico, del 27 de enero al 20 de marzo (los jueves y viernes a las 20:00 horas; los s\u00e1bados a las 19:00 horas; y los domingos a las 18:00 horas).\u00a0<strong>El costo del boleto es de $410 en la Planta baja y de $205 en la Planta alta.\u00a0<\/strong>Actualmente hay una<strong>\u00a0preventa del 50% hasta el 20 de enero\u00a0<\/strong>y, posteriormente, se abrir\u00e1<strong>\u00a0una segunda preventa del 30% de descuento (del 21 al 26 de enero).<\/strong>\u00a0 Los boletos se pueden adquirir en las taquillas del Centro Cultural Hel\u00e9nico, ubicado en avenida Revoluci\u00f3n 1500, o a trav\u00e9s de la p\u00e1gina:\u00a0<strong>helenico.gob.mx.<\/strong><\/p>\n<p>Se le recuerda al p\u00fablico que las funciones del Centro Cultural Hel\u00e9nico est\u00e1n supeditadas al sem\u00e1foro epidemiol\u00f3gico de la Ciudad de M\u00e9xico. Exhortamos a las y los espectadores a acudir con responsabilidad y quedarse en casa si presentan alg\u00fan s\u00edntoma (dolor de cabeza, garganta o temperatura superior a 37.5 grados).<\/p>\n<p>[\/fusion_text][fusion_imageframe image_id=&#8221;42730|medium&#8221; max_width=&#8221;&#8221; style_type=&#8221;&#8221; blur=&#8221;&#8221; stylecolor=&#8221;&#8221; hover_type=&#8221;none&#8221; bordersize=&#8221;&#8221; bordercolor=&#8221;&#8221; borderradius=&#8221;&#8221; align=&#8221;none&#8221; lightbox=&#8221;no&#8221; gallery_id=&#8221;&#8221; lightbox_image=&#8221;&#8221; lightbox_image_id=&#8221;&#8221; alt=&#8221;&#8221; link=&#8221;&#8221; linktarget=&#8221;_self&#8221; hide_on_mobile=&#8221;small-visibility,medium-visibility,large-visibility&#8221; class=&#8221;&#8221; id=&#8221;&#8221; animation_type=&#8221;&#8221; animation_direction=&#8221;left&#8221; animation_speed=&#8221;0.3&#8243; animation_offset=&#8221;&#8221;]https:\/\/www.bitacoracdmx.com\/wp-content\/uploads\/2022\/01\/El-charco-inutil-300&#215;300.jpeg[\/fusion_imageframe][\/fusion_builder_column][\/fusion_builder_row][\/fusion_builder_container]<\/p>\n","protected":false},"excerpt":{"rendered":"<p>[fusion_builder_container hundred_percent=&#8221;no&#8221; equal_height_columns=&#8221;no&#8221; menu_anchor=&#8221;&#8221; hide_on_mobile=&#8221;small-visibility,medium-visibility,large-visibility&#8221; class=&#8221;&#8221; id=&#8221;&#8221; background_color=&#8221;&#8221; background_image=&#8221;&#8221; background_position=&#8221;center center&#8221; background_repeat=&#8221;no-repeat&#8221; fade=&#8221;no&#8221; background_parallax=&#8221;none&#8221; parallax_speed=&#8221;0.3&#8243; video_mp4=&#8221;&#8221; video_webm=&#8221;&#8221; video_ogv=&#8221;&#8221; video_url=&#8221;&#8221; video_aspect_ratio=&#8221;16:9&#8243; video_loop=&#8221;yes&#8221; video_mute=&#8221;yes&#8221; overlay_color=&#8221;&#8221; video_preview_image=&#8221;&#8221; border_size=&#8221;&#8221; border_color=&#8221;&#8221; border_style=&#8221;solid&#8221; padding_top=&#8221;&#8221; padding_bottom=&#8221;&#8221; padding_left=&#8221;&#8221; padding_right=&#8221;&#8221;][fusion_builder_row][fusion_builder_column type=&#8221;1_1&#8243; layout=&#8221;1_1&#8243; background_position=&#8221;left top&#8221; background_color=&#8221;&#8221; border_size=&#8221;&#8221; border_color=&#8221;&#8221; border_style=&#8221;solid&#8221; border_position=&#8221;all&#8221; spacing=&#8221;yes&#8221; background_image=&#8221;&#8221; background_repeat=&#8221;no-repeat&#8221; padding_top=&#8221;&#8221; padding_right=&#8221;&#8221; padding_bottom=&#8221;&#8221; padding_left=&#8221;&#8221; margin_top=&#8221;0px&#8221; margin_bottom=&#8221;0px&#8221; class=&#8221;&#8221; id=&#8221;&#8221; animation_type=&#8221;&#8221; animation_speed=&#8221;0.3&#8243; animation_direction=&#8221;left&#8221; hide_on_mobile=&#8221;small-visibility,medium-visibility,large-visibility&#8221; center_content=&#8221;no&#8221; last=&#8221;no&#8221; min_height=&#8221;&#8221; hover_type=&#8221;none&#8221; link=&#8221;&#8221;][fusion_text] REDACCI\u00d3N \u2022 Premio Lope de Vega 2007 en Espa\u00f1a.\u2022 De David Desola, creador y guionista del filme\u00a0El Hoyo, una de las 10 pel\u00edculas m\u00e1s vistas de Netflix a nivel mundial. La p\u00e9rdida, la locura y el deseo imperioso por escapar [&hellip;]<\/p>\n","protected":false},"author":1,"featured_media":42730,"comment_status":"open","ping_status":"open","sticky":false,"template":"","format":"standard","meta":{"footnotes":""},"categories":[9,14],"tags":[],"_links":{"self":[{"href":"https:\/\/www.bitacoracdmx.com\/index.php?rest_route=\/wp\/v2\/posts\/42729"}],"collection":[{"href":"https:\/\/www.bitacoracdmx.com\/index.php?rest_route=\/wp\/v2\/posts"}],"about":[{"href":"https:\/\/www.bitacoracdmx.com\/index.php?rest_route=\/wp\/v2\/types\/post"}],"author":[{"embeddable":true,"href":"https:\/\/www.bitacoracdmx.com\/index.php?rest_route=\/wp\/v2\/users\/1"}],"replies":[{"embeddable":true,"href":"https:\/\/www.bitacoracdmx.com\/index.php?rest_route=%2Fwp%2Fv2%2Fcomments&post=42729"}],"version-history":[{"count":1,"href":"https:\/\/www.bitacoracdmx.com\/index.php?rest_route=\/wp\/v2\/posts\/42729\/revisions"}],"predecessor-version":[{"id":42731,"href":"https:\/\/www.bitacoracdmx.com\/index.php?rest_route=\/wp\/v2\/posts\/42729\/revisions\/42731"}],"wp:featuredmedia":[{"embeddable":true,"href":"https:\/\/www.bitacoracdmx.com\/index.php?rest_route=\/wp\/v2\/media\/42730"}],"wp:attachment":[{"href":"https:\/\/www.bitacoracdmx.com\/index.php?rest_route=%2Fwp%2Fv2%2Fmedia&parent=42729"}],"wp:term":[{"taxonomy":"category","embeddable":true,"href":"https:\/\/www.bitacoracdmx.com\/index.php?rest_route=%2Fwp%2Fv2%2Fcategories&post=42729"},{"taxonomy":"post_tag","embeddable":true,"href":"https:\/\/www.bitacoracdmx.com\/index.php?rest_route=%2Fwp%2Fv2%2Ftags&post=42729"}],"curies":[{"name":"wp","href":"https:\/\/api.w.org\/{rel}","templated":true}]}}