{"id":42743,"date":"2022-01-26T03:31:20","date_gmt":"2022-01-26T03:31:20","guid":{"rendered":"https:\/\/www.bitacoracdmx.com\/?p=42743"},"modified":"2022-01-26T03:31:20","modified_gmt":"2022-01-26T03:31:20","slug":"corea-del-sur-nuevo-adelanto-de-la-pegatina-junto-a-panteon-rococo-mexico","status":"publish","type":"post","link":"https:\/\/www.bitacoracdmx.com\/?p=42743","title":{"rendered":"\u201cCOREA DEL SUR\u201d, nuevo adelanto de La Pegatina junto a Pante\u00f3n Rococ\u00f3 (M\u00e9xico)."},"content":{"rendered":"<p>[fusion_builder_container hundred_percent=&#8221;no&#8221; equal_height_columns=&#8221;no&#8221; menu_anchor=&#8221;&#8221; hide_on_mobile=&#8221;small-visibility,medium-visibility,large-visibility&#8221; class=&#8221;&#8221; id=&#8221;&#8221; background_color=&#8221;&#8221; background_image=&#8221;&#8221; background_position=&#8221;center center&#8221; background_repeat=&#8221;no-repeat&#8221; fade=&#8221;no&#8221; background_parallax=&#8221;none&#8221; parallax_speed=&#8221;0.3&#8243; video_mp4=&#8221;&#8221; video_webm=&#8221;&#8221; video_ogv=&#8221;&#8221; video_url=&#8221;&#8221; video_aspect_ratio=&#8221;16:9&#8243; video_loop=&#8221;yes&#8221; video_mute=&#8221;yes&#8221; overlay_color=&#8221;&#8221; video_preview_image=&#8221;&#8221; border_size=&#8221;&#8221; border_color=&#8221;&#8221; border_style=&#8221;solid&#8221; padding_top=&#8221;&#8221; padding_bottom=&#8221;&#8221; padding_left=&#8221;&#8221; padding_right=&#8221;&#8221;][fusion_builder_row][fusion_builder_column type=&#8221;1_1&#8243; layout=&#8221;1_1&#8243; background_position=&#8221;left top&#8221; background_color=&#8221;&#8221; border_size=&#8221;&#8221; border_color=&#8221;&#8221; border_style=&#8221;solid&#8221; border_position=&#8221;all&#8221; spacing=&#8221;yes&#8221; background_image=&#8221;&#8221; background_repeat=&#8221;no-repeat&#8221; padding_top=&#8221;&#8221; padding_right=&#8221;&#8221; padding_bottom=&#8221;&#8221; padding_left=&#8221;&#8221; margin_top=&#8221;0px&#8221; margin_bottom=&#8221;0px&#8221; class=&#8221;&#8221; id=&#8221;&#8221; animation_type=&#8221;&#8221; animation_speed=&#8221;0.3&#8243; animation_direction=&#8221;left&#8221; hide_on_mobile=&#8221;small-visibility,medium-visibility,large-visibility&#8221; center_content=&#8221;no&#8221; last=&#8221;no&#8221; min_height=&#8221;&#8221; hover_type=&#8221;none&#8221; link=&#8221;&#8221;][fusion_text]<\/p>\n<p>REDACCI\u00d3N<\/p>\n<p><strong>La Pegatina<\/strong>\u00a0presenta\u00a0<strong>\u201cCorea del Sur\u201d,<\/strong>\u00a0cuarto avance de su pr\u00f3ximo disco de colaboraciones internacionales. En este caso, es la banda mexicana\u00a0<strong>Pante\u00f3n Rococ\u00f3<\/strong>\u00a0la que participa en la canci\u00f3n, probablemente el grupo m\u00e1s en forma de su pa\u00eds, que recientemente ha llenado tres d\u00edas seguidos el Foro Sol, es decir a unas 70.000 personas diarias. La admiraci\u00f3n entre bandas es mutua y el deseo de hacer un tema a medias era algo pendiente que hoy se vuelve realidad.<br aria-hidden=\"true\" \/><br aria-hidden=\"true\" \/><strong>\u201cCorea del Sur\u201d<\/strong>\u00a0es un tema que apela a los problemas sociopol\u00edticos que tienen en com\u00fan todos los pa\u00edses del mundo donde\u00a0<em>\u201cno se esconde que haya clases y niveles buscando desigualar\u201d.<\/em>\u00a0Es un mensaje de hermandad transatl\u00e1ntica, en donde afirman que\u00a0<em>\u201cnos da igual de d\u00f3nde seas t\u00fa\u201d.<\/em><\/p>\n<p>En el single pasado escuchamos a\u00a0<strong>La Pegatina<\/strong>\u00a0con su primer tema rockero, en donde llevaron su forma de tocar el estilo de La Vela Puerca, grupo que los acompa\u00f1\u00f3 en su single pasado. En esta ocasi\u00f3n, llevan su estilo al de\u00a0<strong>Pante\u00f3n Rococ\u00f3,<\/strong>\u00a0en donde nos encontramos frente a un potente ska-rock con un estribillo que se intuye m\u00e1s coreable que nunca,\u00a0<em>\u201c\u00bfqui\u00e9n lo Corea del Sur?\u201d.<\/em><br aria-hidden=\"true\" \/><br aria-hidden=\"true\" \/>El videoclip oficial es un video collage de nuevo realizado por\u00a0<strong>Patricia Bolinches,\u00a0<\/strong>directora de los tres \u00faltimos clips del grupo, y animado por\u00a0<strong>S\u00e1nchez Cajal.<\/strong><\/p>\n<p><u>Cr\u00e9ditos canci\u00f3n:<\/u><\/p>\n<p>Autores:\u00a0<strong>Adri\u00e1 Salas<\/strong><\/p>\n<p>Editorial:\u00a0<strong>Warner Chappell Music Spain<\/strong><\/p>\n<p>M\u00fasicos con instrumento:\u00a0<strong>Adri\u00e0 Salas<\/strong>\u00a0(voz),\u00a0<strong>Luis Rom\u00e1n Ibarra &#8220;Dr. Shenka&#8221;<\/strong>\u00a0(voz)\u00a0<strong>Rub\u00e9n Sierra<\/strong>\u00a0(guitarra espa\u00f1ola),\u00a0<strong>Ovidi D\u00edaz<\/strong>\u00a0(percusi\u00f3n),\u00a0<strong>Romain Renard<\/strong>\u00a0(teclados),\u00a0<strong>Ferran Iba\u00f1ez\u00a0<\/strong>(bajo),\u00a0<strong>Axel Magnani<\/strong>\u00a0(trompeta),\u00a0<strong>Miguel \u00c1ngel Gracia<\/strong>\u00a0(tromb\u00f3n),\u00a0<strong>Sergi L\u00f3pez Gry<\/strong>\u00a0(bater\u00eda)<\/p>\n<p>Productor:\u00a0<strong>Tato Latorre<\/strong><\/p>\n<p>Ingeniero grabaci\u00f3n:\u00a0<strong>Tato Latorre<\/strong><\/p>\n<p>Mezclador:\u00a0<strong>Tomi P\u00e9rez<\/strong><\/p>\n<p>Masterizador:\u00a0<strong>Alex Psaroudakis<\/strong><\/p>\n<p>[\/fusion_text][fusion_imageframe image_id=&#8221;42744|medium&#8221; max_width=&#8221;&#8221; style_type=&#8221;&#8221; blur=&#8221;&#8221; stylecolor=&#8221;&#8221; hover_type=&#8221;none&#8221; bordersize=&#8221;&#8221; bordercolor=&#8221;&#8221; borderradius=&#8221;&#8221; align=&#8221;none&#8221; lightbox=&#8221;no&#8221; gallery_id=&#8221;&#8221; lightbox_image=&#8221;&#8221; lightbox_image_id=&#8221;&#8221; alt=&#8221;&#8221; link=&#8221;&#8221; linktarget=&#8221;_self&#8221; hide_on_mobile=&#8221;small-visibility,medium-visibility,large-visibility&#8221; class=&#8221;&#8221; id=&#8221;&#8221; animation_type=&#8221;&#8221; animation_direction=&#8221;left&#8221; animation_speed=&#8221;0.3&#8243; animation_offset=&#8221;&#8221;]https:\/\/www.bitacoracdmx.com\/wp-content\/uploads\/2022\/01\/7d52d7218c21dce249e83373a9312663bf097f38-300&#215;300.jpeg[\/fusion_imageframe][\/fusion_builder_column][\/fusion_builder_row][\/fusion_builder_container]<\/p>\n","protected":false},"excerpt":{"rendered":"<p>[fusion_builder_container hundred_percent=&#8221;no&#8221; equal_height_columns=&#8221;no&#8221; menu_anchor=&#8221;&#8221; hide_on_mobile=&#8221;small-visibility,medium-visibility,large-visibility&#8221; class=&#8221;&#8221; id=&#8221;&#8221; background_color=&#8221;&#8221; background_image=&#8221;&#8221; background_position=&#8221;center center&#8221; background_repeat=&#8221;no-repeat&#8221; fade=&#8221;no&#8221; background_parallax=&#8221;none&#8221; parallax_speed=&#8221;0.3&#8243; video_mp4=&#8221;&#8221; video_webm=&#8221;&#8221; video_ogv=&#8221;&#8221; video_url=&#8221;&#8221; video_aspect_ratio=&#8221;16:9&#8243; video_loop=&#8221;yes&#8221; video_mute=&#8221;yes&#8221; overlay_color=&#8221;&#8221; video_preview_image=&#8221;&#8221; border_size=&#8221;&#8221; border_color=&#8221;&#8221; border_style=&#8221;solid&#8221; padding_top=&#8221;&#8221; padding_bottom=&#8221;&#8221; padding_left=&#8221;&#8221; padding_right=&#8221;&#8221;][fusion_builder_row][fusion_builder_column type=&#8221;1_1&#8243; layout=&#8221;1_1&#8243; background_position=&#8221;left top&#8221; background_color=&#8221;&#8221; border_size=&#8221;&#8221; border_color=&#8221;&#8221; border_style=&#8221;solid&#8221; border_position=&#8221;all&#8221; spacing=&#8221;yes&#8221; background_image=&#8221;&#8221; background_repeat=&#8221;no-repeat&#8221; padding_top=&#8221;&#8221; padding_right=&#8221;&#8221; padding_bottom=&#8221;&#8221; padding_left=&#8221;&#8221; margin_top=&#8221;0px&#8221; margin_bottom=&#8221;0px&#8221; class=&#8221;&#8221; id=&#8221;&#8221; animation_type=&#8221;&#8221; animation_speed=&#8221;0.3&#8243; animation_direction=&#8221;left&#8221; hide_on_mobile=&#8221;small-visibility,medium-visibility,large-visibility&#8221; center_content=&#8221;no&#8221; last=&#8221;no&#8221; min_height=&#8221;&#8221; hover_type=&#8221;none&#8221; link=&#8221;&#8221;][fusion_text] REDACCI\u00d3N La Pegatina\u00a0presenta\u00a0\u201cCorea del Sur\u201d,\u00a0cuarto avance de su pr\u00f3ximo disco de colaboraciones internacionales. En este caso, es la banda mexicana\u00a0Pante\u00f3n Rococ\u00f3\u00a0la que participa en la canci\u00f3n, probablemente el grupo m\u00e1s en forma de su pa\u00eds, que recientemente ha llenado tres [&hellip;]<\/p>\n","protected":false},"author":1,"featured_media":42744,"comment_status":"open","ping_status":"open","sticky":false,"template":"","format":"standard","meta":{"footnotes":""},"categories":[9,11],"tags":[],"_links":{"self":[{"href":"https:\/\/www.bitacoracdmx.com\/index.php?rest_route=\/wp\/v2\/posts\/42743"}],"collection":[{"href":"https:\/\/www.bitacoracdmx.com\/index.php?rest_route=\/wp\/v2\/posts"}],"about":[{"href":"https:\/\/www.bitacoracdmx.com\/index.php?rest_route=\/wp\/v2\/types\/post"}],"author":[{"embeddable":true,"href":"https:\/\/www.bitacoracdmx.com\/index.php?rest_route=\/wp\/v2\/users\/1"}],"replies":[{"embeddable":true,"href":"https:\/\/www.bitacoracdmx.com\/index.php?rest_route=%2Fwp%2Fv2%2Fcomments&post=42743"}],"version-history":[{"count":1,"href":"https:\/\/www.bitacoracdmx.com\/index.php?rest_route=\/wp\/v2\/posts\/42743\/revisions"}],"predecessor-version":[{"id":42745,"href":"https:\/\/www.bitacoracdmx.com\/index.php?rest_route=\/wp\/v2\/posts\/42743\/revisions\/42745"}],"wp:featuredmedia":[{"embeddable":true,"href":"https:\/\/www.bitacoracdmx.com\/index.php?rest_route=\/wp\/v2\/media\/42744"}],"wp:attachment":[{"href":"https:\/\/www.bitacoracdmx.com\/index.php?rest_route=%2Fwp%2Fv2%2Fmedia&parent=42743"}],"wp:term":[{"taxonomy":"category","embeddable":true,"href":"https:\/\/www.bitacoracdmx.com\/index.php?rest_route=%2Fwp%2Fv2%2Fcategories&post=42743"},{"taxonomy":"post_tag","embeddable":true,"href":"https:\/\/www.bitacoracdmx.com\/index.php?rest_route=%2Fwp%2Fv2%2Ftags&post=42743"}],"curies":[{"name":"wp","href":"https:\/\/api.w.org\/{rel}","templated":true}]}}