{"id":42746,"date":"2022-01-26T03:36:04","date_gmt":"2022-01-26T03:36:04","guid":{"rendered":"https:\/\/www.bitacoracdmx.com\/?p=42746"},"modified":"2022-01-26T03:36:04","modified_gmt":"2022-01-26T03:36:04","slug":"festival-oti-50-aniversario-rodrigo-de-la-cadena","status":"publish","type":"post","link":"https:\/\/www.bitacoracdmx.com\/?p=42746","title":{"rendered":"FESTIVAL OTI, 50 ANIVERSARIO Rodrigo de la Cadena."},"content":{"rendered":"<p>[fusion_builder_container hundred_percent=&#8221;no&#8221; equal_height_columns=&#8221;no&#8221; menu_anchor=&#8221;&#8221; hide_on_mobile=&#8221;small-visibility,medium-visibility,large-visibility&#8221; class=&#8221;&#8221; id=&#8221;&#8221; background_color=&#8221;&#8221; background_image=&#8221;&#8221; background_position=&#8221;center center&#8221; background_repeat=&#8221;no-repeat&#8221; fade=&#8221;no&#8221; background_parallax=&#8221;none&#8221; parallax_speed=&#8221;0.3&#8243; video_mp4=&#8221;&#8221; video_webm=&#8221;&#8221; video_ogv=&#8221;&#8221; video_url=&#8221;&#8221; video_aspect_ratio=&#8221;16:9&#8243; video_loop=&#8221;yes&#8221; video_mute=&#8221;yes&#8221; overlay_color=&#8221;&#8221; video_preview_image=&#8221;&#8221; border_size=&#8221;&#8221; border_color=&#8221;&#8221; border_style=&#8221;solid&#8221; padding_top=&#8221;&#8221; padding_bottom=&#8221;&#8221; padding_left=&#8221;&#8221; padding_right=&#8221;&#8221;][fusion_builder_row][fusion_builder_column type=&#8221;1_1&#8243; layout=&#8221;1_1&#8243; background_position=&#8221;left top&#8221; background_color=&#8221;&#8221; border_size=&#8221;&#8221; border_color=&#8221;&#8221; border_style=&#8221;solid&#8221; border_position=&#8221;all&#8221; spacing=&#8221;yes&#8221; background_image=&#8221;&#8221; background_repeat=&#8221;no-repeat&#8221; padding_top=&#8221;&#8221; padding_right=&#8221;&#8221; padding_bottom=&#8221;&#8221; padding_left=&#8221;&#8221; margin_top=&#8221;0px&#8221; margin_bottom=&#8221;0px&#8221; class=&#8221;&#8221; id=&#8221;&#8221; animation_type=&#8221;&#8221; animation_speed=&#8221;0.3&#8243; animation_direction=&#8221;left&#8221; hide_on_mobile=&#8221;small-visibility,medium-visibility,large-visibility&#8221; center_content=&#8221;no&#8221; last=&#8221;no&#8221; min_height=&#8221;&#8221; hover_type=&#8221;none&#8221; link=&#8221;&#8221;][fusion_text]<\/p>\n<p>REDACCI\u00d3N<\/p>\n<p class=\"x_MsoNormal\">Rodrigo De La Cadena encabeza una propuesta \u00fanica que abarca la historia musical de todos los \u00e9xitos que surgieron en el Festival de la Canci\u00f3n de la OTI (Organizaci\u00f3n de la Televisi\u00f3n Iberoamericana), un encuentro sin precedentes del cual nacieron algunos de los m\u00e1s destacados autores, compositores, arreglistas, directores, m\u00fasicos e int\u00e9rpretes como Roberto Cantoral, Gualberto Castro, Yuri, Napole\u00f3n, Felipe Gil, Sergio Esquivel, Mar\u00eda Medina, Mario Pintor, Imelda Miller, Estela N\u00fa\u00f1ez, Lupita D\u2019Alessio, Yoshio, Jos\u00e9 Jos\u00e9 o Enrique Guzm\u00e1n.<\/p>\n<p class=\"x_MsoNormal\">El actual espect\u00e1culo cuenta con el formato orquestal y arreglos originales de maestros como Chucho Ferrer, Eduardo Magallanes, Chucho Zarzoza o Jos\u00e9 sobre Marroqu\u00edn, mientras que el acompa\u00f1amiento vocal corre a cargo de Los Miranda, evocando al otrora ensamble coral de los Hermanos Zavala.<\/p>\n<p class=\"x_MsoNormal\">\u00c9xitos hist\u00f3ricos desde la primera edici\u00f3n del festival en 1972, hace exactamente 50 a\u00f1os, confirman esta apoteosis esc\u00e9nica.<\/p>\n<p class=\"x_MsoNormal\"><b><span lang=\"ES-TRAD\">\u00danica Funci\u00f3n:\u00a0<\/span><\/b>Domingo 20 de febrero 18:00 h<\/p>\n<p class=\"x_MsoNormal\"><b>Costo:<\/b>\u00a0Luneta $1,500, Primer Piso Central $1000 Primer Piso Lateral $750, Anfiteatro$ 500 y Galer\u00eda $250<\/p>\n<p class=\"x_MsoNormal\"><b>Lugar:\u00a0<\/b>Teatro de la Ciudad Esperanza Iris<\/p>\n<p class=\"x_MsoNormal\"><b>Ubicaci\u00f3n:<\/b>\u00a0Donceles 36 Col Centro<\/p>\n<p class=\"x_MsoNormal\">Cupo limitado. Aforo al 75% de la capacidad de p\u00fablico del Teatro.<\/p>\n<p>[\/fusion_text][fusion_imageframe image_id=&#8221;42747|medium&#8221; max_width=&#8221;&#8221; style_type=&#8221;&#8221; blur=&#8221;&#8221; stylecolor=&#8221;&#8221; hover_type=&#8221;none&#8221; bordersize=&#8221;&#8221; bordercolor=&#8221;&#8221; borderradius=&#8221;&#8221; align=&#8221;none&#8221; lightbox=&#8221;no&#8221; gallery_id=&#8221;&#8221; lightbox_image=&#8221;&#8221; lightbox_image_id=&#8221;&#8221; alt=&#8221;&#8221; link=&#8221;&#8221; linktarget=&#8221;_self&#8221; hide_on_mobile=&#8221;small-visibility,medium-visibility,large-visibility&#8221; class=&#8221;&#8221; id=&#8221;&#8221; animation_type=&#8221;&#8221; animation_direction=&#8221;left&#8221; animation_speed=&#8221;0.3&#8243; animation_offset=&#8221;&#8221;]https:\/\/www.bitacoracdmx.com\/wp-content\/uploads\/2022\/01\/descargar-2022-01-25T213334.879-216&#215;300.png[\/fusion_imageframe][\/fusion_builder_column][\/fusion_builder_row][\/fusion_builder_container]<\/p>\n","protected":false},"excerpt":{"rendered":"<p>[fusion_builder_container hundred_percent=&#8221;no&#8221; equal_height_columns=&#8221;no&#8221; menu_anchor=&#8221;&#8221; hide_on_mobile=&#8221;small-visibility,medium-visibility,large-visibility&#8221; class=&#8221;&#8221; id=&#8221;&#8221; background_color=&#8221;&#8221; background_image=&#8221;&#8221; background_position=&#8221;center center&#8221; background_repeat=&#8221;no-repeat&#8221; fade=&#8221;no&#8221; background_parallax=&#8221;none&#8221; parallax_speed=&#8221;0.3&#8243; video_mp4=&#8221;&#8221; video_webm=&#8221;&#8221; video_ogv=&#8221;&#8221; video_url=&#8221;&#8221; video_aspect_ratio=&#8221;16:9&#8243; video_loop=&#8221;yes&#8221; video_mute=&#8221;yes&#8221; overlay_color=&#8221;&#8221; video_preview_image=&#8221;&#8221; border_size=&#8221;&#8221; border_color=&#8221;&#8221; border_style=&#8221;solid&#8221; padding_top=&#8221;&#8221; padding_bottom=&#8221;&#8221; padding_left=&#8221;&#8221; padding_right=&#8221;&#8221;][fusion_builder_row][fusion_builder_column type=&#8221;1_1&#8243; layout=&#8221;1_1&#8243; background_position=&#8221;left top&#8221; background_color=&#8221;&#8221; border_size=&#8221;&#8221; border_color=&#8221;&#8221; border_style=&#8221;solid&#8221; border_position=&#8221;all&#8221; spacing=&#8221;yes&#8221; background_image=&#8221;&#8221; background_repeat=&#8221;no-repeat&#8221; padding_top=&#8221;&#8221; padding_right=&#8221;&#8221; padding_bottom=&#8221;&#8221; padding_left=&#8221;&#8221; margin_top=&#8221;0px&#8221; margin_bottom=&#8221;0px&#8221; class=&#8221;&#8221; id=&#8221;&#8221; animation_type=&#8221;&#8221; animation_speed=&#8221;0.3&#8243; animation_direction=&#8221;left&#8221; hide_on_mobile=&#8221;small-visibility,medium-visibility,large-visibility&#8221; center_content=&#8221;no&#8221; last=&#8221;no&#8221; min_height=&#8221;&#8221; hover_type=&#8221;none&#8221; link=&#8221;&#8221;][fusion_text] REDACCI\u00d3N Rodrigo De La Cadena encabeza una propuesta \u00fanica que abarca la historia musical de todos los \u00e9xitos que surgieron en el Festival de la Canci\u00f3n de la OTI (Organizaci\u00f3n de la Televisi\u00f3n Iberoamericana), un encuentro sin precedentes del cual [&hellip;]<\/p>\n","protected":false},"author":1,"featured_media":42747,"comment_status":"open","ping_status":"open","sticky":false,"template":"","format":"standard","meta":{"footnotes":""},"categories":[9,11],"tags":[],"_links":{"self":[{"href":"https:\/\/www.bitacoracdmx.com\/index.php?rest_route=\/wp\/v2\/posts\/42746"}],"collection":[{"href":"https:\/\/www.bitacoracdmx.com\/index.php?rest_route=\/wp\/v2\/posts"}],"about":[{"href":"https:\/\/www.bitacoracdmx.com\/index.php?rest_route=\/wp\/v2\/types\/post"}],"author":[{"embeddable":true,"href":"https:\/\/www.bitacoracdmx.com\/index.php?rest_route=\/wp\/v2\/users\/1"}],"replies":[{"embeddable":true,"href":"https:\/\/www.bitacoracdmx.com\/index.php?rest_route=%2Fwp%2Fv2%2Fcomments&post=42746"}],"version-history":[{"count":2,"href":"https:\/\/www.bitacoracdmx.com\/index.php?rest_route=\/wp\/v2\/posts\/42746\/revisions"}],"predecessor-version":[{"id":42749,"href":"https:\/\/www.bitacoracdmx.com\/index.php?rest_route=\/wp\/v2\/posts\/42746\/revisions\/42749"}],"wp:featuredmedia":[{"embeddable":true,"href":"https:\/\/www.bitacoracdmx.com\/index.php?rest_route=\/wp\/v2\/media\/42747"}],"wp:attachment":[{"href":"https:\/\/www.bitacoracdmx.com\/index.php?rest_route=%2Fwp%2Fv2%2Fmedia&parent=42746"}],"wp:term":[{"taxonomy":"category","embeddable":true,"href":"https:\/\/www.bitacoracdmx.com\/index.php?rest_route=%2Fwp%2Fv2%2Fcategories&post=42746"},{"taxonomy":"post_tag","embeddable":true,"href":"https:\/\/www.bitacoracdmx.com\/index.php?rest_route=%2Fwp%2Fv2%2Ftags&post=42746"}],"curies":[{"name":"wp","href":"https:\/\/api.w.org\/{rel}","templated":true}]}}