{"id":42769,"date":"2022-01-27T03:57:12","date_gmt":"2022-01-27T03:57:12","guid":{"rendered":"https:\/\/www.bitacoracdmx.com\/?p=42769"},"modified":"2022-01-27T03:57:12","modified_gmt":"2022-01-27T03:57:12","slug":"nace-alianza-entre-chivas-y-psv-eindhoven","status":"publish","type":"post","link":"https:\/\/www.bitacoracdmx.com\/?p=42769","title":{"rendered":"Nace alianza entre Chivas y PSV Eindhoven ."},"content":{"rendered":"<p>[fusion_builder_container hundred_percent=&#8221;no&#8221; equal_height_columns=&#8221;no&#8221; menu_anchor=&#8221;&#8221; hide_on_mobile=&#8221;small-visibility,medium-visibility,large-visibility&#8221; class=&#8221;&#8221; id=&#8221;&#8221; background_color=&#8221;&#8221; background_image=&#8221;&#8221; background_position=&#8221;center center&#8221; background_repeat=&#8221;no-repeat&#8221; fade=&#8221;no&#8221; background_parallax=&#8221;none&#8221; parallax_speed=&#8221;0.3&#8243; video_mp4=&#8221;&#8221; video_webm=&#8221;&#8221; video_ogv=&#8221;&#8221; video_url=&#8221;&#8221; video_aspect_ratio=&#8221;16:9&#8243; video_loop=&#8221;yes&#8221; video_mute=&#8221;yes&#8221; overlay_color=&#8221;&#8221; video_preview_image=&#8221;&#8221; border_size=&#8221;&#8221; border_color=&#8221;&#8221; border_style=&#8221;solid&#8221; padding_top=&#8221;&#8221; padding_bottom=&#8221;&#8221; padding_left=&#8221;&#8221; padding_right=&#8221;&#8221;][fusion_builder_row][fusion_builder_column type=&#8221;1_1&#8243; layout=&#8221;1_1&#8243; background_position=&#8221;left top&#8221; background_color=&#8221;&#8221; border_size=&#8221;&#8221; border_color=&#8221;&#8221; border_style=&#8221;solid&#8221; border_position=&#8221;all&#8221; spacing=&#8221;yes&#8221; background_image=&#8221;&#8221; background_repeat=&#8221;no-repeat&#8221; padding_top=&#8221;&#8221; padding_right=&#8221;&#8221; padding_bottom=&#8221;&#8221; padding_left=&#8221;&#8221; margin_top=&#8221;0px&#8221; margin_bottom=&#8221;0px&#8221; class=&#8221;&#8221; id=&#8221;&#8221; animation_type=&#8221;&#8221; animation_speed=&#8221;0.3&#8243; animation_direction=&#8221;left&#8221; hide_on_mobile=&#8221;small-visibility,medium-visibility,large-visibility&#8221; center_content=&#8221;no&#8221; last=&#8221;no&#8221; min_height=&#8221;&#8221; hover_type=&#8221;none&#8221; link=&#8221;&#8221;][fusion_text]<\/p>\n<p>REDACCI\u00d3N<\/p>\n<p>Una de las misiones globales del\u00a0<strong>Club Deportivo Guadalajara<\/strong>\u00a0es procurar estar a la vanguardia siempre, tanto en el \u00e1mbito deportivo como en el rubro de marca, para lo cual es fundamental crear lazos con instituciones de renombre y prestigio internacional afines, y qu\u00e9 mejor que establecer un v\u00ednculo directo con otro club rojiblanco, en este caso el\u00a0<strong>PSV Eindhoven<\/strong>.<br aria-hidden=\"true\" \/><br aria-hidden=\"true\" \/>A partir de hoy y durante los pr\u00f3ximos 2 a\u00f1os, el\u00a0<em>&#8216;Reba\u00f1o Sagrado&#8217;<\/em>\u00a0y los\u00a0<em>&#8216;Granjeros&#8217;<\/em>\u00a0trabajar\u00e1n de la mano en busca del desarrollo mutuo, pues compartir\u00e1n pr\u00e1cticas para el crecimiento de su talento dentro y fuera del campo en varios niveles, as\u00ed como en la labor comercial.<br aria-hidden=\"true\" \/><br aria-hidden=\"true\" \/>Para formalizar el acuerdo, los clubes organizaron una reuni\u00f3n virtual, cuyo anfitri\u00f3n fue\u00a0<strong>Joost de Wit<\/strong>, l\u00edder de alianzas internacionales del PSV, en la que estuvieron presentes\u00a0<strong>Amaury Vergara<\/strong>, presidente de Chivas;\u00a0<strong>Ricardo Pel\u00e1ez<\/strong>, director deportivo de Chivas;\u00a0<strong>Mariano Varela<\/strong>, delegado deportivo de Chivas, y\u00a0<strong>Marcelo Michel<\/strong>, entrenador del Primer Equipo de Chivas, mientras que por los neerlandeses intervinieron\u00a0<strong>Toon Gerbrands<\/strong>, gerente general del PSV, y\u00a0<strong>Ernest Faber<\/strong>, director de fuerzas b\u00e1sicas del PSV, junto con los representantes legales de ambas partes.<\/p>\n<p>Entre las actividades conjuntas que se realizar\u00e1n, tanto en M\u00e9xico como en Estados Unidos, estar\u00e1 el\u00a0<strong>intercambio de jugadores y entrenadores<\/strong>\u00a0en niveles formativos, como experiencia internacional de las 2 partes.<br aria-hidden=\"true\" \/><br aria-hidden=\"true\" \/>Ambos clubes se fortalecer\u00e1n entre s\u00ed en el \u00e1rea deportiva al\u00a0<strong>disputar torneos juntos<\/strong>,\u00a0<strong>compartir instalaciones durante campamentos de futbol<\/strong>\u00a0y\u00a0<strong>jugar partidos amistosos entre los equipos mayores y los juveniles<\/strong>.<br aria-hidden=\"true\" \/>PSV Eindhoven\u00a0y Chivas tendr\u00e1n acceso al conocimiento, metodolog\u00eda y pr\u00e1cticas de las\u00a0<strong>Fuerzas B\u00e1sicas<\/strong>\u00a0de cada uno, as\u00ed como en el rubro de marca y negocio, para que los dos clubes puedan mejorar en dichos segmentos.<br aria-hidden=\"true\" \/>Adem\u00e1s, lanzar\u00e1n programas sociales y comunitarios conjuntos.<br aria-hidden=\"true\" \/><br aria-hidden=\"true\" \/>Cabe mencionar que el PSV Eindhoven tendr\u00e1\u00a0<strong>preferencia en el fichaje de jugadores de Chivas<\/strong>\u00a0y a su vez el\u00a0<em>&#8216;Reba\u00f1o&#8217;<\/em>\u00a0participar\u00e1 completamente en el proceso de transferencia en caso de que uno de sus jugadores sea vendido a un tercer club.<\/p>\n<p>Entre las actividades conjuntas que se realizar\u00e1n, tanto en M\u00e9xico como en Estados Unidos, estar\u00e1 el\u00a0<strong>intercambio de jugadores y entrenadores<\/strong>\u00a0en niveles formativos, como experiencia internacional de las 2 partes.<br aria-hidden=\"true\" \/><br aria-hidden=\"true\" \/>Ambos clubes se fortalecer\u00e1n entre s\u00ed en el \u00e1rea deportiva al\u00a0<strong>disputar torneos juntos<\/strong>,\u00a0<strong>compartir instalaciones durante campamentos de futbol<\/strong>\u00a0y\u00a0<strong>jugar partidos amistosos entre los equipos mayores y los juveniles<\/strong>.<br aria-hidden=\"true\" \/>PSV Eindhoven\u00a0y Chivas tendr\u00e1n acceso al conocimiento, metodolog\u00eda y pr\u00e1cticas de las\u00a0<strong>Fuerzas B\u00e1sicas<\/strong>\u00a0de cada uno, as\u00ed como en el rubro de marca y negocio, para que los dos clubes puedan mejorar en dichos segmentos.<br aria-hidden=\"true\" \/>Adem\u00e1s, lanzar\u00e1n programas sociales y comunitarios conjuntos.<br aria-hidden=\"true\" \/><br aria-hidden=\"true\" \/>Cabe mencionar que el PSV Eindhoven tendr\u00e1\u00a0<strong>preferencia en el fichaje de jugadores de Chivas<\/strong>\u00a0y a su vez el\u00a0<em>&#8216;Reba\u00f1o&#8217;<\/em>\u00a0participar\u00e1 completamente en el proceso de transferencia en caso de que uno de sus jugadores sea vendido a un tercer club.<\/p>\n<p><strong><em>\u201cPara nosotros, la internacionalizaci\u00f3n es clave dentro de nuestra misi\u00f3n y visi\u00f3n como club, de ah\u00ed parte esta alianza. Queremos poner al PSV en el mapa mundial.<br aria-hidden=\"true\" \/>Chivas es un club grande y de mucha jerarqu\u00eda, adem\u00e1s de que goza de una tremenda popularidad en M\u00e9xico y Estados Unidos con alrededor de 40 millones de seguidores.<br aria-hidden=\"true\" \/>Estamos convencidos de que esta colaboraci\u00f3n nos har\u00e1 aumentar considerablemente el potencial de ambos clubes\u201d<\/em><\/strong>, mencion\u00f3\u00a0<strong>Toon Gerbrands<\/strong>, gerente general del PSV Eindhoven, al respecto.<br aria-hidden=\"true\" \/><br aria-hidden=\"true\" \/><strong><em>\u201cEstamos muy emocionados por esta alianza. Chivas se encuentra en un proceso de evoluci\u00f3n muy importante, hemos trabajado muy duro durante el \u00faltimo par de a\u00f1os para construir una nueva organizaci\u00f3n y objetivos, adem\u00e1s de una nueva visi\u00f3n de c\u00f3mo queremos trabajar con distintos clubes alrededor del mundo.<br aria-hidden=\"true\" \/>El hecho de que este acuerdo se concrete en el inicio de esta nueva era de Chivas es muy especial para nosotros, sobre todo por tratarse del PSV, un club \u00fanico y de mucha tradici\u00f3n, el equipo m\u00e1s mexicano de Europa.<br aria-hidden=\"true\" \/>Queremos unir esfuerzos con clubes con los que nos sintamos identificados, con los que compartamos fuertes valores y que quieran construir con base en ellos en busca de un mejor futuro para ambas instituciones, con una gran oportunidad de crecimiento mutuo, como sabemos que ser\u00e1 de aqu\u00ed en adelante con el PSV\u201d<\/em><\/strong>, coment\u00f3 Amaury Vergara, presidente de Chivas.<\/p>\n<p>[\/fusion_text][fusion_imageframe image_id=&#8221;42770|medium&#8221; max_width=&#8221;&#8221; style_type=&#8221;&#8221; blur=&#8221;&#8221; stylecolor=&#8221;&#8221; hover_type=&#8221;none&#8221; bordersize=&#8221;&#8221; bordercolor=&#8221;&#8221; borderradius=&#8221;&#8221; align=&#8221;none&#8221; lightbox=&#8221;no&#8221; gallery_id=&#8221;&#8221; lightbox_image=&#8221;&#8221; lightbox_image_id=&#8221;&#8221; alt=&#8221;&#8221; link=&#8221;&#8221; linktarget=&#8221;_self&#8221; hide_on_mobile=&#8221;small-visibility,medium-visibility,large-visibility&#8221; class=&#8221;&#8221; id=&#8221;&#8221; animation_type=&#8221;&#8221; animation_direction=&#8221;left&#8221; animation_speed=&#8221;0.3&#8243; animation_offset=&#8221;&#8221;]https:\/\/www.bitacoracdmx.com\/wp-content\/uploads\/2022\/01\/5795fe1e-90a7-61e7-a397-fe2df428a715-300&#215;300.jpeg[\/fusion_imageframe][\/fusion_builder_column][\/fusion_builder_row][\/fusion_builder_container]<\/p>\n","protected":false},"excerpt":{"rendered":"<p>[fusion_builder_container hundred_percent=&#8221;no&#8221; equal_height_columns=&#8221;no&#8221; menu_anchor=&#8221;&#8221; hide_on_mobile=&#8221;small-visibility,medium-visibility,large-visibility&#8221; class=&#8221;&#8221; id=&#8221;&#8221; background_color=&#8221;&#8221; background_image=&#8221;&#8221; background_position=&#8221;center center&#8221; background_repeat=&#8221;no-repeat&#8221; fade=&#8221;no&#8221; background_parallax=&#8221;none&#8221; parallax_speed=&#8221;0.3&#8243; video_mp4=&#8221;&#8221; video_webm=&#8221;&#8221; video_ogv=&#8221;&#8221; video_url=&#8221;&#8221; video_aspect_ratio=&#8221;16:9&#8243; video_loop=&#8221;yes&#8221; video_mute=&#8221;yes&#8221; overlay_color=&#8221;&#8221; video_preview_image=&#8221;&#8221; border_size=&#8221;&#8221; border_color=&#8221;&#8221; border_style=&#8221;solid&#8221; padding_top=&#8221;&#8221; padding_bottom=&#8221;&#8221; padding_left=&#8221;&#8221; padding_right=&#8221;&#8221;][fusion_builder_row][fusion_builder_column type=&#8221;1_1&#8243; layout=&#8221;1_1&#8243; background_position=&#8221;left top&#8221; background_color=&#8221;&#8221; border_size=&#8221;&#8221; border_color=&#8221;&#8221; border_style=&#8221;solid&#8221; border_position=&#8221;all&#8221; spacing=&#8221;yes&#8221; background_image=&#8221;&#8221; background_repeat=&#8221;no-repeat&#8221; padding_top=&#8221;&#8221; padding_right=&#8221;&#8221; padding_bottom=&#8221;&#8221; padding_left=&#8221;&#8221; margin_top=&#8221;0px&#8221; margin_bottom=&#8221;0px&#8221; class=&#8221;&#8221; id=&#8221;&#8221; animation_type=&#8221;&#8221; animation_speed=&#8221;0.3&#8243; animation_direction=&#8221;left&#8221; hide_on_mobile=&#8221;small-visibility,medium-visibility,large-visibility&#8221; center_content=&#8221;no&#8221; last=&#8221;no&#8221; min_height=&#8221;&#8221; hover_type=&#8221;none&#8221; link=&#8221;&#8221;][fusion_text] REDACCI\u00d3N Una de las misiones globales del\u00a0Club Deportivo Guadalajara\u00a0es procurar estar a la vanguardia siempre, tanto en el \u00e1mbito deportivo como en el rubro de marca, para lo cual es fundamental crear lazos con instituciones de renombre y prestigio internacional [&hellip;]<\/p>\n","protected":false},"author":1,"featured_media":42770,"comment_status":"open","ping_status":"open","sticky":false,"template":"","format":"standard","meta":{"footnotes":""},"categories":[6,9],"tags":[],"_links":{"self":[{"href":"https:\/\/www.bitacoracdmx.com\/index.php?rest_route=\/wp\/v2\/posts\/42769"}],"collection":[{"href":"https:\/\/www.bitacoracdmx.com\/index.php?rest_route=\/wp\/v2\/posts"}],"about":[{"href":"https:\/\/www.bitacoracdmx.com\/index.php?rest_route=\/wp\/v2\/types\/post"}],"author":[{"embeddable":true,"href":"https:\/\/www.bitacoracdmx.com\/index.php?rest_route=\/wp\/v2\/users\/1"}],"replies":[{"embeddable":true,"href":"https:\/\/www.bitacoracdmx.com\/index.php?rest_route=%2Fwp%2Fv2%2Fcomments&post=42769"}],"version-history":[{"count":1,"href":"https:\/\/www.bitacoracdmx.com\/index.php?rest_route=\/wp\/v2\/posts\/42769\/revisions"}],"predecessor-version":[{"id":42771,"href":"https:\/\/www.bitacoracdmx.com\/index.php?rest_route=\/wp\/v2\/posts\/42769\/revisions\/42771"}],"wp:featuredmedia":[{"embeddable":true,"href":"https:\/\/www.bitacoracdmx.com\/index.php?rest_route=\/wp\/v2\/media\/42770"}],"wp:attachment":[{"href":"https:\/\/www.bitacoracdmx.com\/index.php?rest_route=%2Fwp%2Fv2%2Fmedia&parent=42769"}],"wp:term":[{"taxonomy":"category","embeddable":true,"href":"https:\/\/www.bitacoracdmx.com\/index.php?rest_route=%2Fwp%2Fv2%2Fcategories&post=42769"},{"taxonomy":"post_tag","embeddable":true,"href":"https:\/\/www.bitacoracdmx.com\/index.php?rest_route=%2Fwp%2Fv2%2Ftags&post=42769"}],"curies":[{"name":"wp","href":"https:\/\/api.w.org\/{rel}","templated":true}]}}