{"id":42773,"date":"2022-01-27T04:01:15","date_gmt":"2022-01-27T04:01:15","guid":{"rendered":"https:\/\/www.bitacoracdmx.com\/?p=42773"},"modified":"2022-01-27T04:01:15","modified_gmt":"2022-01-27T04:01:15","slug":"blanco-y-nego-en-concierto-sera-una-nueva-produccion-de-la-filarmonica-de-las-artes-para-celebrar-al-amor-y-la-amistad","status":"publish","type":"post","link":"https:\/\/www.bitacoracdmx.com\/?p=42773","title":{"rendered":"\u201cBlanco y Nego en concierto\u201d ser\u00e1 una nueva producci\u00f3n de la Filarm\u00f3nica de las Artes para celebrar al Amor y la Amistad."},"content":{"rendered":"<p>[fusion_builder_container hundred_percent=&#8221;no&#8221; equal_height_columns=&#8221;no&#8221; menu_anchor=&#8221;&#8221; hide_on_mobile=&#8221;small-visibility,medium-visibility,large-visibility&#8221; class=&#8221;&#8221; id=&#8221;&#8221; background_color=&#8221;&#8221; background_image=&#8221;&#8221; background_position=&#8221;center center&#8221; background_repeat=&#8221;no-repeat&#8221; fade=&#8221;no&#8221; background_parallax=&#8221;none&#8221; parallax_speed=&#8221;0.3&#8243; video_mp4=&#8221;&#8221; video_webm=&#8221;&#8221; video_ogv=&#8221;&#8221; video_url=&#8221;&#8221; video_aspect_ratio=&#8221;16:9&#8243; video_loop=&#8221;yes&#8221; video_mute=&#8221;yes&#8221; overlay_color=&#8221;&#8221; video_preview_image=&#8221;&#8221; border_size=&#8221;&#8221; border_color=&#8221;&#8221; border_style=&#8221;solid&#8221; padding_top=&#8221;&#8221; padding_bottom=&#8221;&#8221; padding_left=&#8221;&#8221; padding_right=&#8221;&#8221;][fusion_builder_row][fusion_builder_column type=&#8221;1_1&#8243; layout=&#8221;1_1&#8243; background_position=&#8221;left top&#8221; background_color=&#8221;&#8221; border_size=&#8221;&#8221; border_color=&#8221;&#8221; border_style=&#8221;solid&#8221; border_position=&#8221;all&#8221; spacing=&#8221;yes&#8221; background_image=&#8221;&#8221; background_repeat=&#8221;no-repeat&#8221; padding_top=&#8221;&#8221; padding_right=&#8221;&#8221; padding_bottom=&#8221;&#8221; padding_left=&#8221;&#8221; margin_top=&#8221;0px&#8221; margin_bottom=&#8221;0px&#8221; class=&#8221;&#8221; id=&#8221;&#8221; animation_type=&#8221;&#8221; animation_speed=&#8221;0.3&#8243; animation_direction=&#8221;left&#8221; hide_on_mobile=&#8221;small-visibility,medium-visibility,large-visibility&#8221; center_content=&#8221;no&#8221; last=&#8221;no&#8221; min_height=&#8221;&#8221; hover_type=&#8221;none&#8221; link=&#8221;&#8221;][fusion_text]<\/p>\n<p>REDACCI\u00d3N<\/p>\n<p class=\"x_MsoNormal\">\u2022 \u2018Blanco y Negro en concierto\u2019, nuevo espect\u00e1culo en formato de c\u00e1mara, con m\u00fasica a dos pianos.<\/p>\n<p class=\"x_MsoNormal\">\u2022 En tiempos dif\u00edciles lo que nos rescata es el amor y la m\u00fasica.<\/p>\n<p class=\"x_MsoNormal\">A la Filarm\u00f3nica de las Artes la ha caracterizado siempre la manera en c\u00f3mo celebra las fechas especiales de forma m\u00e1gica, creando y siempre con un apapacho a trav\u00e9s de su m\u00fasica para con sus diversos tipos de audiencia de forma profesional y con su sello que los caracteriza, esta ocasi\u00f3n, el d\u00eda de San Valent\u00edn, no es la excepci\u00f3n, el s\u00e1bado 12 de febrero en el Teatro \u00c1ngela Peralta de la Ciudad de M\u00e9xico se podr\u00e1 presenciar por primera vez \u00a0<b>\u201cBlanco y Negro en concierto\u201d<\/b>\u00a0un espect\u00e1culo en formato de c\u00e1mara, con m\u00fasica a dos pianos.<\/p>\n<p class=\"x_MsoNormal\">\u00a0\u201cBlanco y Negro en concierto\u201d, contar\u00e1 con la participaci\u00f3n de Samantha Alc\u00e1zar y Gustavo Jauregui en los pianos, Marisol Meneses y Silvia Duhart en las voces, Ximena Constantino en el saxof\u00f3n y Antonio Camacho en el viol\u00edn.<\/p>\n<p class=\"x_MsoNormal\">El repertorio abarca diferentes g\u00e9neros como m\u00fasica cl\u00e1sica, popular, comercial, entre otros; se incluir\u00e1n algunas de las siguientes obras:\u00a0<b>Huapango<\/b>\u00a0de J. P. Moncayo,\u00a0<b>Intermezzo<\/b>\u00a0de M. M. Ponce,\u00a0<b>Claro de Luna y Para Elisa<\/b>\u00a0de L. v. Beethoven,\u00a0<b>O mio Babbino Caro, Habanera<\/b>\u00a0de la \u00f3pera Carmen,\u00a0<b>Memory<\/b>\u00a0del musical Cats<b>, I will survive, This will be<\/b>\u00a0y temas mexicanos de compositores como\u00a0<b>Francisco Gabilondo Soler Cri-Cri, Emma Elena Valdelamar, Armando Manzanero y Jos\u00e9 Alfredo Jim\u00e9nez, entre otros.<\/b><\/p>\n<p class=\"x_MsoNormal\">Los arreglos y adaptaciones musicales son realizados por Emmanuel V\u00e1zquez y Gustavo Jauregui, as\u00ed como la producci\u00f3n se encuentra a cargo de Diego Careaga y Abraham V\u00e9lez.<\/p>\n<p class=\"x_MsoNormal\">Con una festividad amorosa, atm\u00f3sfera sofisticada y m\u00fasicos de primer nivel, la Filarm\u00f3nica de la Artes te invita a celebrar el D\u00eda del Amor y la Amistad bajando las estrellas a las butacas del Teatro Angela Peralta con la luz de los celulares.<\/p>\n<p class=\"x_MsoNormal\">El espect\u00e1culo se llevar\u00e1 a cabo el s\u00e1bado 12 de febrero a las 19:00 horas, con un costo de $300 entrada general en el Teatro \u00c1ngela Peralta ubicado dentro del Parque Lincoln en la alcald\u00eda Miguel Hidalgo de la Ciudad de M\u00e9xico. Los boletos est\u00e1n disponibles en la p\u00e1gina de la de la orquesta:\u00a0<a href=\"https:\/\/filarmonicadelasartes.com.mx\/boletos\" target=\"_blank\" rel=\"noopener noreferrer\" data-auth=\"NotApplicable\" data-linkindex=\"3\">https:\/\/filarmonicadelasartes.com.mx\/boletos<\/a><\/p>\n<p>[\/fusion_text][fusion_imageframe image_id=&#8221;42751|medium&#8221; max_width=&#8221;&#8221; style_type=&#8221;&#8221; blur=&#8221;&#8221; stylecolor=&#8221;&#8221; hover_type=&#8221;none&#8221; bordersize=&#8221;&#8221; bordercolor=&#8221;&#8221; borderradius=&#8221;&#8221; align=&#8221;none&#8221; lightbox=&#8221;no&#8221; gallery_id=&#8221;&#8221; lightbox_image=&#8221;&#8221; lightbox_image_id=&#8221;&#8221; alt=&#8221;&#8221; link=&#8221;&#8221; linktarget=&#8221;_self&#8221; hide_on_mobile=&#8221;small-visibility,medium-visibility,large-visibility&#8221; class=&#8221;&#8221; id=&#8221;&#8221; animation_type=&#8221;&#8221; animation_direction=&#8221;left&#8221; animation_speed=&#8221;0.3&#8243; animation_offset=&#8221;&#8221;]https:\/\/www.bitacoracdmx.com\/wp-content\/uploads\/2022\/01\/descargar-2022-01-25T213725.631-250&#215;300.png[\/fusion_imageframe][\/fusion_builder_column][\/fusion_builder_row][\/fusion_builder_container]<\/p>\n","protected":false},"excerpt":{"rendered":"<p>[fusion_builder_container hundred_percent=&#8221;no&#8221; equal_height_columns=&#8221;no&#8221; menu_anchor=&#8221;&#8221; hide_on_mobile=&#8221;small-visibility,medium-visibility,large-visibility&#8221; class=&#8221;&#8221; id=&#8221;&#8221; background_color=&#8221;&#8221; background_image=&#8221;&#8221; background_position=&#8221;center center&#8221; background_repeat=&#8221;no-repeat&#8221; fade=&#8221;no&#8221; background_parallax=&#8221;none&#8221; parallax_speed=&#8221;0.3&#8243; video_mp4=&#8221;&#8221; video_webm=&#8221;&#8221; video_ogv=&#8221;&#8221; video_url=&#8221;&#8221; video_aspect_ratio=&#8221;16:9&#8243; video_loop=&#8221;yes&#8221; video_mute=&#8221;yes&#8221; overlay_color=&#8221;&#8221; video_preview_image=&#8221;&#8221; border_size=&#8221;&#8221; border_color=&#8221;&#8221; border_style=&#8221;solid&#8221; padding_top=&#8221;&#8221; padding_bottom=&#8221;&#8221; padding_left=&#8221;&#8221; padding_right=&#8221;&#8221;][fusion_builder_row][fusion_builder_column type=&#8221;1_1&#8243; layout=&#8221;1_1&#8243; background_position=&#8221;left top&#8221; background_color=&#8221;&#8221; border_size=&#8221;&#8221; border_color=&#8221;&#8221; border_style=&#8221;solid&#8221; border_position=&#8221;all&#8221; spacing=&#8221;yes&#8221; background_image=&#8221;&#8221; background_repeat=&#8221;no-repeat&#8221; padding_top=&#8221;&#8221; padding_right=&#8221;&#8221; padding_bottom=&#8221;&#8221; padding_left=&#8221;&#8221; margin_top=&#8221;0px&#8221; margin_bottom=&#8221;0px&#8221; class=&#8221;&#8221; id=&#8221;&#8221; animation_type=&#8221;&#8221; animation_speed=&#8221;0.3&#8243; animation_direction=&#8221;left&#8221; hide_on_mobile=&#8221;small-visibility,medium-visibility,large-visibility&#8221; center_content=&#8221;no&#8221; last=&#8221;no&#8221; min_height=&#8221;&#8221; hover_type=&#8221;none&#8221; link=&#8221;&#8221;][fusion_text] REDACCI\u00d3N \u2022 \u2018Blanco y Negro en concierto\u2019, nuevo espect\u00e1culo en formato de c\u00e1mara, con m\u00fasica a dos pianos. \u2022 En tiempos dif\u00edciles lo que nos rescata es el amor y la m\u00fasica. A la Filarm\u00f3nica de las Artes la ha [&hellip;]<\/p>\n","protected":false},"author":1,"featured_media":42751,"comment_status":"open","ping_status":"open","sticky":false,"template":"","format":"standard","meta":{"footnotes":""},"categories":[9,11],"tags":[],"_links":{"self":[{"href":"https:\/\/www.bitacoracdmx.com\/index.php?rest_route=\/wp\/v2\/posts\/42773"}],"collection":[{"href":"https:\/\/www.bitacoracdmx.com\/index.php?rest_route=\/wp\/v2\/posts"}],"about":[{"href":"https:\/\/www.bitacoracdmx.com\/index.php?rest_route=\/wp\/v2\/types\/post"}],"author":[{"embeddable":true,"href":"https:\/\/www.bitacoracdmx.com\/index.php?rest_route=\/wp\/v2\/users\/1"}],"replies":[{"embeddable":true,"href":"https:\/\/www.bitacoracdmx.com\/index.php?rest_route=%2Fwp%2Fv2%2Fcomments&post=42773"}],"version-history":[{"count":1,"href":"https:\/\/www.bitacoracdmx.com\/index.php?rest_route=\/wp\/v2\/posts\/42773\/revisions"}],"predecessor-version":[{"id":42774,"href":"https:\/\/www.bitacoracdmx.com\/index.php?rest_route=\/wp\/v2\/posts\/42773\/revisions\/42774"}],"wp:featuredmedia":[{"embeddable":true,"href":"https:\/\/www.bitacoracdmx.com\/index.php?rest_route=\/wp\/v2\/media\/42751"}],"wp:attachment":[{"href":"https:\/\/www.bitacoracdmx.com\/index.php?rest_route=%2Fwp%2Fv2%2Fmedia&parent=42773"}],"wp:term":[{"taxonomy":"category","embeddable":true,"href":"https:\/\/www.bitacoracdmx.com\/index.php?rest_route=%2Fwp%2Fv2%2Fcategories&post=42773"},{"taxonomy":"post_tag","embeddable":true,"href":"https:\/\/www.bitacoracdmx.com\/index.php?rest_route=%2Fwp%2Fv2%2Ftags&post=42773"}],"curies":[{"name":"wp","href":"https:\/\/api.w.org\/{rel}","templated":true}]}}