{"id":42776,"date":"2022-01-28T04:10:43","date_gmt":"2022-01-28T04:10:43","guid":{"rendered":"https:\/\/www.bitacoracdmx.com\/?p=42776"},"modified":"2022-01-28T04:10:43","modified_gmt":"2022-01-28T04:10:43","slug":"damiana-carola-un-thriller-de-amor-filial-que-llenara-de-suspenso-al-foro-la-gruta","status":"publish","type":"post","link":"https:\/\/www.bitacoracdmx.com\/?p=42776","title":{"rendered":"Damiana &#038; Carola, un thriller de amor filial que llenar\u00e1 de suspenso al Foro La Gruta"},"content":{"rendered":"<p>[fusion_builder_container hundred_percent=&#8221;no&#8221; equal_height_columns=&#8221;no&#8221; menu_anchor=&#8221;&#8221; hide_on_mobile=&#8221;small-visibility,medium-visibility,large-visibility&#8221; class=&#8221;&#8221; id=&#8221;&#8221; background_color=&#8221;&#8221; background_image=&#8221;&#8221; background_position=&#8221;center center&#8221; background_repeat=&#8221;no-repeat&#8221; fade=&#8221;no&#8221; background_parallax=&#8221;none&#8221; parallax_speed=&#8221;0.3&#8243; video_mp4=&#8221;&#8221; video_webm=&#8221;&#8221; video_ogv=&#8221;&#8221; video_url=&#8221;&#8221; video_aspect_ratio=&#8221;16:9&#8243; video_loop=&#8221;yes&#8221; video_mute=&#8221;yes&#8221; overlay_color=&#8221;&#8221; video_preview_image=&#8221;&#8221; border_size=&#8221;&#8221; border_color=&#8221;&#8221; border_style=&#8221;solid&#8221; padding_top=&#8221;&#8221; padding_bottom=&#8221;&#8221; padding_left=&#8221;&#8221; padding_right=&#8221;&#8221;][fusion_builder_row][fusion_builder_column type=&#8221;1_1&#8243; layout=&#8221;1_1&#8243; background_position=&#8221;left top&#8221; background_color=&#8221;&#8221; border_size=&#8221;&#8221; border_color=&#8221;&#8221; border_style=&#8221;solid&#8221; border_position=&#8221;all&#8221; spacing=&#8221;yes&#8221; background_image=&#8221;&#8221; background_repeat=&#8221;no-repeat&#8221; padding_top=&#8221;&#8221; padding_right=&#8221;&#8221; padding_bottom=&#8221;&#8221; padding_left=&#8221;&#8221; margin_top=&#8221;0px&#8221; margin_bottom=&#8221;0px&#8221; class=&#8221;&#8221; id=&#8221;&#8221; animation_type=&#8221;&#8221; animation_speed=&#8221;0.3&#8243; animation_direction=&#8221;left&#8221; hide_on_mobile=&#8221;small-visibility,medium-visibility,large-visibility&#8221; center_content=&#8221;no&#8221; last=&#8221;no&#8221; min_height=&#8221;&#8221; hover_type=&#8221;none&#8221; link=&#8221;&#8221;][fusion_text]<\/p>\n<p>REDACCI\u00d3N<\/p>\n<p>\u2022 La obra se estren\u00f3 en 2018 en el Teatro La Capilla y fue nominada a Mejor direcci\u00f3n y Mejor dramaturgia en los Premios ACPT, 2019<br aria-hidden=\"true\" \/>\u2022 Una producci\u00f3n de Los Bocanegra y Gaudeamus Arte y Entretenimiento<br aria-hidden=\"true\" \/><br aria-hidden=\"true\" \/>\u2022 Preventa del 50% hasta el 8 de febrero<\/p>\n<div><em>Honrar\u00e1s a tu padre ya tu madre.\u00a0No matar\u00e1s.\u00a0A menos que sea por la persona que amas<\/em><\/div>\n<div><br aria-hidden=\"true\" \/><em>Damiana &amp; Carola<\/em>\u00a0, escrita y dirigida por Sergio L\u00f3pez Vigueras \u2014ganador del Premio Nacional de Dramaturgia Joven Gerardo Mancebo del Castillo Trejo 2017\u2014, llega al Hel\u00e9nico con la gu\u00eda de Los Bocanegra y Gaudeamus Arte y Entretenimiento.\u00a0La puesta se realizar\u00e1 los martes del 8 de febrero al 26 de abril, a las 20:00 horas, en el Foro La Gruta.<br aria-hidden=\"true\" \/><br aria-hidden=\"true\" \/>Es un montaje que integra en su elenco a dos potentes actrices: Michelle Betancourt y Ver\u00f3nica Bravo, as\u00ed como al reconocido actor Federico Zapata;\u00a0a esto se suman el trabajo de Abigail Cinco en el dise\u00f1o de escenograf\u00eda y vestuario;\u00a0Yayo Villegas en el dise\u00f1o sonoro;\u00a0y el propio L\u00f3pez Vigueras en el dise\u00f1o de iluminaci\u00f3n.<br aria-hidden=\"true\" \/><br aria-hidden=\"true\" \/><em>damiana y carola<\/em>es una obra de suspenso.\u00a0Cuenta la historia de dos hermanas que planean asesinar a sus padres.\u00a0Ellas arman un elaborado plan para librarse de ellos, pero, m\u00e1s pronto de lo esperado, falla su t\u00e1ctica;\u00a0\u00bfLograr\u00e1n su objetivo?\u00a0\u00bfQu\u00e9 consecuencias tendr\u00e1n sus acciones?<br aria-hidden=\"true\" \/><br aria-hidden=\"true\" \/>Manteniendo la tensi\u00f3n al l\u00edmite, la obra de L\u00f3pez Vigueras no conceder\u00e1 descanso al espectador. Asimismo, es tambi\u00e9n una investigaci\u00f3n sobre la oscuridad en el amor filial.\u00a0\u00bfHasta d\u00f3nde ser\u00e1n capaces de llegar las protagonistas con tal de quedarse al lado de quien m\u00e1s aman?\u00a0\u00bfQu\u00e9 sacrificios estar\u00e1n dispuestos a hacer?<br aria-hidden=\"true\" \/><br aria-hidden=\"true\" \/>Esta obra es un poema esc\u00e9nico, su ritmo no brindar\u00e1 un \u00e1pice para la distracci\u00f3n. El dise\u00f1o sonoro conducir\u00e1 al espectador por los senderos de la perversi\u00f3n y el asesinato.\u00a0Este\u00a0<em>thriller\u00a0<strong>\u2014<\/strong><\/em>con un tempo sensible al aumento de la tensi\u00f3n\u2014 proponer al imperio de la palabra como el salvamento de la inminente debacle.<br aria-hidden=\"true\" \/><br aria-hidden=\"true\" \/>El dise\u00f1o esc\u00e9nico parte del jard\u00edn como \u00e1mbito del inconsciente, y permitir\u00e1 que las y los espectadores se zambullan en las ra\u00edces m\u00edticas del relato. Al centro de este espacio dominar\u00e1 un espejo de agua: el humeante espejo negro de Tezcatlipoca, que subyuga la pieza como un sacrificio ritual.\u00a0En el fondo, un ciclorama de pl\u00e1stico: membrana, himen y frontera.\u00a0Otro pl\u00e1stico descender\u00e1 sobre los actores a medida que avance el drama, hasta formar una pared que los empuje a proscenio, asfixi\u00e1ndolos conforme a la tensi\u00f3n aumento.<br aria-hidden=\"true\" \/><br aria-hidden=\"true\" \/><strong><em>Damiana &amp; Carola<\/em><\/strong>\u00a0es una producci\u00f3n de Los Bocanegra y Gaudeamus Arte y Entretenimiento,<strong>se mantendr\u00e1 los martes del 8 de febrero al 26 de abril, a las 20:00 horas,<\/strong>\u00a0en el\u00a0<strong>Foro La Gruta<\/strong>\u00a0.\u00a0El costo del boleto es de $205.\u00a0Actualmente hay una\u00a0<strong>preventa del 50%<\/strong>\u00a0de descuento v\u00e1lida,\u00a0<strong>hasta el 8 de febrero<\/strong>\u00a0.\u00a0Las localidades pueden adquirirse en las taquillas del Centro Cultural Hel\u00e9nico, ubicado en avenida Revoluci\u00f3n 1500, o en la p\u00e1gina:\u00a0<strong>helenico.gob.mx<\/strong>\u00a0.<br aria-hidden=\"true\" \/><br aria-hidden=\"true\" \/>Se le recuerda al p\u00fablico que las funciones est\u00e1n supeditadas al sem\u00e1foro epidemiol\u00f3gico de la Ciudad de M\u00e9xico. Se exhorta a las y los espectadores a acudir con responsabilidad y quedarse en casa si presentan alg\u00fan s\u00edntoma (dolor de cabeza, garganta o temperatura superior a 37,5 grados).<br aria-hidden=\"true\" \/><\/div>\n<p>[\/fusion_text][fusion_imageframe image_id=&#8221;42778|medium&#8221; max_width=&#8221;&#8221; style_type=&#8221;&#8221; blur=&#8221;&#8221; stylecolor=&#8221;&#8221; hover_type=&#8221;none&#8221; bordersize=&#8221;&#8221; bordercolor=&#8221;&#8221; borderradius=&#8221;&#8221; align=&#8221;none&#8221; lightbox=&#8221;no&#8221; gallery_id=&#8221;&#8221; lightbox_image=&#8221;&#8221; lightbox_image_id=&#8221;&#8221; alt=&#8221;&#8221; link=&#8221;&#8221; linktarget=&#8221;_self&#8221; hide_on_mobile=&#8221;small-visibility,medium-visibility,large-visibility&#8221; class=&#8221;&#8221; id=&#8221;&#8221; animation_type=&#8221;&#8221; animation_direction=&#8221;left&#8221; animation_speed=&#8221;0.3&#8243; animation_offset=&#8221;&#8221;]https:\/\/www.bitacoracdmx.com\/wp-content\/uploads\/2022\/01\/Damiana-y-Carola-300&#215;300.jpeg[\/fusion_imageframe][\/fusion_builder_column][\/fusion_builder_row][\/fusion_builder_container]<\/p>\n","protected":false},"excerpt":{"rendered":"<p>[fusion_builder_container hundred_percent=&#8221;no&#8221; equal_height_columns=&#8221;no&#8221; menu_anchor=&#8221;&#8221; hide_on_mobile=&#8221;small-visibility,medium-visibility,large-visibility&#8221; class=&#8221;&#8221; id=&#8221;&#8221; background_color=&#8221;&#8221; background_image=&#8221;&#8221; background_position=&#8221;center center&#8221; background_repeat=&#8221;no-repeat&#8221; fade=&#8221;no&#8221; background_parallax=&#8221;none&#8221; parallax_speed=&#8221;0.3&#8243; video_mp4=&#8221;&#8221; video_webm=&#8221;&#8221; video_ogv=&#8221;&#8221; video_url=&#8221;&#8221; video_aspect_ratio=&#8221;16:9&#8243; video_loop=&#8221;yes&#8221; video_mute=&#8221;yes&#8221; overlay_color=&#8221;&#8221; video_preview_image=&#8221;&#8221; border_size=&#8221;&#8221; border_color=&#8221;&#8221; border_style=&#8221;solid&#8221; padding_top=&#8221;&#8221; padding_bottom=&#8221;&#8221; padding_left=&#8221;&#8221; padding_right=&#8221;&#8221;][fusion_builder_row][fusion_builder_column type=&#8221;1_1&#8243; layout=&#8221;1_1&#8243; background_position=&#8221;left top&#8221; background_color=&#8221;&#8221; border_size=&#8221;&#8221; border_color=&#8221;&#8221; border_style=&#8221;solid&#8221; border_position=&#8221;all&#8221; spacing=&#8221;yes&#8221; background_image=&#8221;&#8221; background_repeat=&#8221;no-repeat&#8221; padding_top=&#8221;&#8221; padding_right=&#8221;&#8221; padding_bottom=&#8221;&#8221; padding_left=&#8221;&#8221; margin_top=&#8221;0px&#8221; margin_bottom=&#8221;0px&#8221; class=&#8221;&#8221; id=&#8221;&#8221; animation_type=&#8221;&#8221; animation_speed=&#8221;0.3&#8243; animation_direction=&#8221;left&#8221; hide_on_mobile=&#8221;small-visibility,medium-visibility,large-visibility&#8221; center_content=&#8221;no&#8221; last=&#8221;no&#8221; min_height=&#8221;&#8221; hover_type=&#8221;none&#8221; link=&#8221;&#8221;][fusion_text] REDACCI\u00d3N \u2022 La obra se estren\u00f3 en 2018 en el Teatro La Capilla y fue nominada a Mejor direcci\u00f3n y Mejor dramaturgia en los Premios ACPT, 2019\u2022 Una producci\u00f3n de Los Bocanegra y Gaudeamus Arte y Entretenimiento\u2022 Preventa del 50% [&hellip;]<\/p>\n","protected":false},"author":1,"featured_media":42778,"comment_status":"open","ping_status":"open","sticky":false,"template":"","format":"standard","meta":{"footnotes":""},"categories":[9,14],"tags":[],"_links":{"self":[{"href":"https:\/\/www.bitacoracdmx.com\/index.php?rest_route=\/wp\/v2\/posts\/42776"}],"collection":[{"href":"https:\/\/www.bitacoracdmx.com\/index.php?rest_route=\/wp\/v2\/posts"}],"about":[{"href":"https:\/\/www.bitacoracdmx.com\/index.php?rest_route=\/wp\/v2\/types\/post"}],"author":[{"embeddable":true,"href":"https:\/\/www.bitacoracdmx.com\/index.php?rest_route=\/wp\/v2\/users\/1"}],"replies":[{"embeddable":true,"href":"https:\/\/www.bitacoracdmx.com\/index.php?rest_route=%2Fwp%2Fv2%2Fcomments&post=42776"}],"version-history":[{"count":1,"href":"https:\/\/www.bitacoracdmx.com\/index.php?rest_route=\/wp\/v2\/posts\/42776\/revisions"}],"predecessor-version":[{"id":42779,"href":"https:\/\/www.bitacoracdmx.com\/index.php?rest_route=\/wp\/v2\/posts\/42776\/revisions\/42779"}],"wp:featuredmedia":[{"embeddable":true,"href":"https:\/\/www.bitacoracdmx.com\/index.php?rest_route=\/wp\/v2\/media\/42778"}],"wp:attachment":[{"href":"https:\/\/www.bitacoracdmx.com\/index.php?rest_route=%2Fwp%2Fv2%2Fmedia&parent=42776"}],"wp:term":[{"taxonomy":"category","embeddable":true,"href":"https:\/\/www.bitacoracdmx.com\/index.php?rest_route=%2Fwp%2Fv2%2Fcategories&post=42776"},{"taxonomy":"post_tag","embeddable":true,"href":"https:\/\/www.bitacoracdmx.com\/index.php?rest_route=%2Fwp%2Fv2%2Ftags&post=42776"}],"curies":[{"name":"wp","href":"https:\/\/api.w.org\/{rel}","templated":true}]}}