{"id":42798,"date":"2022-02-04T02:47:33","date_gmt":"2022-02-04T02:47:33","guid":{"rendered":"https:\/\/www.bitacoracdmx.com\/?p=42798"},"modified":"2022-02-04T02:47:33","modified_gmt":"2022-02-04T02:47:33","slug":"la-kasquivana-presenta-su-nuevo-sencillo-todos-somos-punks-junto-a-vomito-nuclear","status":"publish","type":"post","link":"https:\/\/www.bitacoracdmx.com\/?p=42798","title":{"rendered":"LA KASQUIVANA presenta su nuevo sencillo \u201cTODOS SOMOS PUNKS\u201d junto a V\u00d3MITO NUCLEAR."},"content":{"rendered":"<p>[fusion_builder_container hundred_percent=&#8221;no&#8221; equal_height_columns=&#8221;no&#8221; menu_anchor=&#8221;&#8221; hide_on_mobile=&#8221;small-visibility,medium-visibility,large-visibility&#8221; class=&#8221;&#8221; id=&#8221;&#8221; background_color=&#8221;&#8221; background_image=&#8221;&#8221; background_position=&#8221;center center&#8221; background_repeat=&#8221;no-repeat&#8221; fade=&#8221;no&#8221; background_parallax=&#8221;none&#8221; parallax_speed=&#8221;0.3&#8243; video_mp4=&#8221;&#8221; video_webm=&#8221;&#8221; video_ogv=&#8221;&#8221; video_url=&#8221;&#8221; video_aspect_ratio=&#8221;16:9&#8243; video_loop=&#8221;yes&#8221; video_mute=&#8221;yes&#8221; overlay_color=&#8221;&#8221; video_preview_image=&#8221;&#8221; border_size=&#8221;&#8221; border_color=&#8221;&#8221; border_style=&#8221;solid&#8221; padding_top=&#8221;&#8221; padding_bottom=&#8221;&#8221; padding_left=&#8221;&#8221; padding_right=&#8221;&#8221;][fusion_builder_row][fusion_builder_column type=&#8221;1_1&#8243; layout=&#8221;1_1&#8243; background_position=&#8221;left top&#8221; background_color=&#8221;&#8221; border_size=&#8221;&#8221; border_color=&#8221;&#8221; border_style=&#8221;solid&#8221; border_position=&#8221;all&#8221; spacing=&#8221;yes&#8221; background_image=&#8221;&#8221; background_repeat=&#8221;no-repeat&#8221; padding_top=&#8221;&#8221; padding_right=&#8221;&#8221; padding_bottom=&#8221;&#8221; padding_left=&#8221;&#8221; margin_top=&#8221;0px&#8221; margin_bottom=&#8221;0px&#8221; class=&#8221;&#8221; id=&#8221;&#8221; animation_type=&#8221;&#8221; animation_speed=&#8221;0.3&#8243; animation_direction=&#8221;left&#8221; hide_on_mobile=&#8221;small-visibility,medium-visibility,large-visibility&#8221; center_content=&#8221;no&#8221; last=&#8221;no&#8221; min_height=&#8221;&#8221; hover_type=&#8221;none&#8221; link=&#8221;&#8221;][fusion_text]<\/p>\n<p>REDACCI\u00d3N<\/p>\n<p>Con la meta de poner el alma sobre los escenarios y marcar \u00e9poca en esta generaci\u00f3n de fans, La Kasquivana sigue haciendo historia preparando ya el lanzamiento de \u201cInvadimos el Sistema\u201d hecho en tiempos de pandemia, luego del exitoso segundo disco \u201cRebeld\u00eda Radikal\u201d y cuyos temas inclu\u00edan colaboraciones de Dr. Kr\u00e1pula, La Oveja Negra Y Los Garc\u00eda, Sekta Core y Lady B\u00fafalo, entre otras, llevando su ska punk al siguiente nivel. El nuevo sencillo de este material se llama \u201cTodos somos punks\u201d es un homenaje p\u00f3stumo a Ferm\u00edn Espinosa, l\u00edder de V\u00f3mito Nuclear recientemente fallecido.<\/p>\n<p>La Kasquivana est\u00e1 conformada por Israel Garc\u00eda (bater\u00eda), Emanuel Santos (bajo), Alberto Blake (guitarra), C\u00e9sar Ram\u00edrez(guitarra), Alberto Cravioto (teclados), Jorge Cort\u00e9s (saxof\u00f3n), Juventino Nava (tromb\u00f3n) y Efra\u00edn Mart\u00ednez (voz). Sus letras retratan el sentir de las clases bajas, pero tambi\u00e9n le hablan al amor y desamor, algo con lo que todos sus fans se sienten identificados.<\/p>\n<p>El sonido del grupo est\u00e1 m\u00e1s orientado al ska punk de bandas espa\u00f1olas como Ska-P, Negu Gorriak, Kortatu o Skalariak. \u201cRebeld\u00eda Radikal\u201d fue lanzado por Discos Intolerancia, sali\u00f3 en formato CD y se encuentra a la venta en Mix Up, adem\u00e1s de su versi\u00f3n digital, disponible en las principales plataformas como Spotify, iTunes, Google Play, Claro M\u00fasica y m\u00e1s.<\/p>\n<p>En 2012 lanzan su primera producci\u00f3n titulada \u201cY Venimos A Inundar Las Calles\u201d, que obtuvo afortunadas colaboraciones de PulPul de Ska-P, Que Payasos, Sol Pereyra, Manueloko de La Tremenda Korte, Francisco Barrios \u201cEl Mastuerzo\u201d y Ram\u00f3n A Go-Go de Yucat\u00e1n A Go-Go.<\/p>\n<p>Amantes de la justicia social, son considerados banda insignia de movimientos sociales importantes, como el de los padres de los desaparecidos de Ayotzinapa, con quienes realizaron un mega concierto en la explanada del Estadio Azteca en 2016 y dos presentaciones m\u00e1s en la Alameda Central de la Ciudad de M\u00e9xico, los a\u00f1os 2017 y 2018.<\/p>\n<p>Dos giras internacionales en 2017 y 2018, la han llevado a triunfar en Vancouver Canad\u00e1, en donde adem\u00e1s, lograron llegar al tercer lugar en la lista de los m\u00e1s escuchados en la estaci\u00f3n de Radio CITR 101.9 FM, misma que no hab\u00eda tenido un artista latino por m\u00e1s de 30 a\u00f1os. El grupo inicia el camino hacia un nuevo decenio y mantiene la frescura de los primeros a\u00f1os listos ya para ocupar su lugar de privilegio en la escena nacional ahora con este nuevo sencillo con el que rinden homenaje a V\u00f3mito Nuclear.<\/p>\n<p>FACEBOOK: La Kasquivana<\/p>\n<p>INSTAGRAM: La-kasquivana<\/p>\n<p>YOUTUBE: La Kasquivana<\/p>\n<p>[\/fusion_text][fusion_imageframe image_id=&#8221;42799|medium&#8221; max_width=&#8221;&#8221; style_type=&#8221;&#8221; blur=&#8221;&#8221; stylecolor=&#8221;&#8221; hover_type=&#8221;none&#8221; bordersize=&#8221;&#8221; bordercolor=&#8221;&#8221; borderradius=&#8221;&#8221; align=&#8221;none&#8221; lightbox=&#8221;no&#8221; gallery_id=&#8221;&#8221; lightbox_image=&#8221;&#8221; lightbox_image_id=&#8221;&#8221; alt=&#8221;&#8221; link=&#8221;&#8221; linktarget=&#8221;_self&#8221; hide_on_mobile=&#8221;small-visibility,medium-visibility,large-visibility&#8221; class=&#8221;&#8221; id=&#8221;&#8221; animation_type=&#8221;&#8221; animation_direction=&#8221;left&#8221; animation_speed=&#8221;0.3&#8243; animation_offset=&#8221;&#8221;]https:\/\/www.bitacoracdmx.com\/wp-content\/uploads\/2022\/02\/KASQUIVANA-FEB-2022-FOTO1-300&#215;300.jpg[\/fusion_imageframe][\/fusion_builder_column][\/fusion_builder_row][\/fusion_builder_container]<\/p>\n","protected":false},"excerpt":{"rendered":"<p>[fusion_builder_container hundred_percent=&#8221;no&#8221; equal_height_columns=&#8221;no&#8221; menu_anchor=&#8221;&#8221; hide_on_mobile=&#8221;small-visibility,medium-visibility,large-visibility&#8221; class=&#8221;&#8221; id=&#8221;&#8221; background_color=&#8221;&#8221; background_image=&#8221;&#8221; background_position=&#8221;center center&#8221; background_repeat=&#8221;no-repeat&#8221; fade=&#8221;no&#8221; background_parallax=&#8221;none&#8221; parallax_speed=&#8221;0.3&#8243; video_mp4=&#8221;&#8221; video_webm=&#8221;&#8221; video_ogv=&#8221;&#8221; video_url=&#8221;&#8221; video_aspect_ratio=&#8221;16:9&#8243; video_loop=&#8221;yes&#8221; video_mute=&#8221;yes&#8221; overlay_color=&#8221;&#8221; video_preview_image=&#8221;&#8221; border_size=&#8221;&#8221; border_color=&#8221;&#8221; border_style=&#8221;solid&#8221; padding_top=&#8221;&#8221; padding_bottom=&#8221;&#8221; padding_left=&#8221;&#8221; padding_right=&#8221;&#8221;][fusion_builder_row][fusion_builder_column type=&#8221;1_1&#8243; layout=&#8221;1_1&#8243; background_position=&#8221;left top&#8221; background_color=&#8221;&#8221; border_size=&#8221;&#8221; border_color=&#8221;&#8221; border_style=&#8221;solid&#8221; border_position=&#8221;all&#8221; spacing=&#8221;yes&#8221; background_image=&#8221;&#8221; background_repeat=&#8221;no-repeat&#8221; padding_top=&#8221;&#8221; padding_right=&#8221;&#8221; padding_bottom=&#8221;&#8221; padding_left=&#8221;&#8221; margin_top=&#8221;0px&#8221; margin_bottom=&#8221;0px&#8221; class=&#8221;&#8221; id=&#8221;&#8221; animation_type=&#8221;&#8221; animation_speed=&#8221;0.3&#8243; animation_direction=&#8221;left&#8221; hide_on_mobile=&#8221;small-visibility,medium-visibility,large-visibility&#8221; center_content=&#8221;no&#8221; last=&#8221;no&#8221; min_height=&#8221;&#8221; hover_type=&#8221;none&#8221; link=&#8221;&#8221;][fusion_text] REDACCI\u00d3N Con la meta de poner el alma sobre los escenarios y marcar \u00e9poca en esta generaci\u00f3n de fans, La Kasquivana sigue haciendo historia preparando ya el lanzamiento de \u201cInvadimos el Sistema\u201d hecho en tiempos de pandemia, luego del exitoso [&hellip;]<\/p>\n","protected":false},"author":1,"featured_media":42799,"comment_status":"open","ping_status":"open","sticky":false,"template":"","format":"standard","meta":{"footnotes":""},"categories":[9,11],"tags":[],"_links":{"self":[{"href":"https:\/\/www.bitacoracdmx.com\/index.php?rest_route=\/wp\/v2\/posts\/42798"}],"collection":[{"href":"https:\/\/www.bitacoracdmx.com\/index.php?rest_route=\/wp\/v2\/posts"}],"about":[{"href":"https:\/\/www.bitacoracdmx.com\/index.php?rest_route=\/wp\/v2\/types\/post"}],"author":[{"embeddable":true,"href":"https:\/\/www.bitacoracdmx.com\/index.php?rest_route=\/wp\/v2\/users\/1"}],"replies":[{"embeddable":true,"href":"https:\/\/www.bitacoracdmx.com\/index.php?rest_route=%2Fwp%2Fv2%2Fcomments&post=42798"}],"version-history":[{"count":1,"href":"https:\/\/www.bitacoracdmx.com\/index.php?rest_route=\/wp\/v2\/posts\/42798\/revisions"}],"predecessor-version":[{"id":42800,"href":"https:\/\/www.bitacoracdmx.com\/index.php?rest_route=\/wp\/v2\/posts\/42798\/revisions\/42800"}],"wp:featuredmedia":[{"embeddable":true,"href":"https:\/\/www.bitacoracdmx.com\/index.php?rest_route=\/wp\/v2\/media\/42799"}],"wp:attachment":[{"href":"https:\/\/www.bitacoracdmx.com\/index.php?rest_route=%2Fwp%2Fv2%2Fmedia&parent=42798"}],"wp:term":[{"taxonomy":"category","embeddable":true,"href":"https:\/\/www.bitacoracdmx.com\/index.php?rest_route=%2Fwp%2Fv2%2Fcategories&post=42798"},{"taxonomy":"post_tag","embeddable":true,"href":"https:\/\/www.bitacoracdmx.com\/index.php?rest_route=%2Fwp%2Fv2%2Ftags&post=42798"}],"curies":[{"name":"wp","href":"https:\/\/api.w.org\/{rel}","templated":true}]}}