{"id":42801,"date":"2022-02-04T02:59:29","date_gmt":"2022-02-04T02:59:29","guid":{"rendered":"https:\/\/www.bitacoracdmx.com\/?p=42801"},"modified":"2022-02-04T02:59:29","modified_gmt":"2022-02-04T02:59:29","slug":"yael-meyer-la-artista-que-marca-pauta-internacional-lanza-su-nuevo-single-technicolor","status":"publish","type":"post","link":"https:\/\/www.bitacoracdmx.com\/?p=42801","title":{"rendered":"YAEL MEYER, la artista que marca pauta internacional, lanza su nuevo single \u201cTECHNICOLOR\u201d"},"content":{"rendered":"<p>[fusion_builder_container hundred_percent=&#8221;no&#8221; equal_height_columns=&#8221;no&#8221; menu_anchor=&#8221;&#8221; hide_on_mobile=&#8221;small-visibility,medium-visibility,large-visibility&#8221; class=&#8221;&#8221; id=&#8221;&#8221; background_color=&#8221;&#8221; background_image=&#8221;&#8221; background_position=&#8221;center center&#8221; background_repeat=&#8221;no-repeat&#8221; fade=&#8221;no&#8221; background_parallax=&#8221;none&#8221; parallax_speed=&#8221;0.3&#8243; video_mp4=&#8221;&#8221; video_webm=&#8221;&#8221; video_ogv=&#8221;&#8221; video_url=&#8221;&#8221; video_aspect_ratio=&#8221;16:9&#8243; video_loop=&#8221;yes&#8221; video_mute=&#8221;yes&#8221; overlay_color=&#8221;&#8221; video_preview_image=&#8221;&#8221; border_size=&#8221;&#8221; border_color=&#8221;&#8221; border_style=&#8221;solid&#8221; padding_top=&#8221;&#8221; padding_bottom=&#8221;&#8221; padding_left=&#8221;&#8221; padding_right=&#8221;&#8221;][fusion_builder_row][fusion_builder_column type=&#8221;1_1&#8243; layout=&#8221;1_1&#8243; background_position=&#8221;left top&#8221; background_color=&#8221;&#8221; border_size=&#8221;&#8221; border_color=&#8221;&#8221; border_style=&#8221;solid&#8221; border_position=&#8221;all&#8221; spacing=&#8221;yes&#8221; background_image=&#8221;&#8221; background_repeat=&#8221;no-repeat&#8221; padding_top=&#8221;&#8221; padding_right=&#8221;&#8221; padding_bottom=&#8221;&#8221; padding_left=&#8221;&#8221; margin_top=&#8221;0px&#8221; margin_bottom=&#8221;0px&#8221; class=&#8221;&#8221; id=&#8221;&#8221; animation_type=&#8221;&#8221; animation_speed=&#8221;0.3&#8243; animation_direction=&#8221;left&#8221; hide_on_mobile=&#8221;small-visibility,medium-visibility,large-visibility&#8221; center_content=&#8221;no&#8221; last=&#8221;no&#8221; min_height=&#8221;&#8221; hover_type=&#8221;none&#8221; link=&#8221;&#8221;][fusion_text]<\/p>\n<p>REDACCI\u00d3N<\/p>\n<p>Escuchada en Corea y en medio planeta, l\u00edder de la industria audiovisual musicalizando proyectos para grandes estudios, reconocida por los especialistas y creadora de espacios para mujeres y m\u00fasicos independientes en el mercado internacional, Yael Meyer nos presenta su reciente trabajo titulado \u201cTechnicolor\u201d, una canci\u00f3n fresca, ideal para el verano latino, es la nueva entrega de la m\u00fasica, productora y compositora chilena. \u201cTechnicolor\u201d es el tercer corte de su EP pr\u00f3ximo a lanzarse el 31 de marzo. Compuesta en conjunto con la artista guatemalteca Gaby Moreno, ganadora del Latin Grammy como Mejor Artista Nueva en 2013.<\/p>\n<p>\u201cTechnicolor\u201d es, en sus propias palabras, \u201cuna canci\u00f3n alegre, llena de energ\u00eda y color. Una invitaci\u00f3n a ver la vida de forma juguetona, dar lo mejor de uno y disfrutar cada instante\u201c. En \u201cTechnicolor\u201d, Yael trabaj\u00f3 cada uno de los detalles, pero fue m\u00e1s all\u00e1 de aspectos netamente musicales, pues esta vez dirigi\u00f3 el videoclip, montaje y arm\u00f3 toda la historia junto a Sebasti\u00e1n Soto Chac\u00f3n, quien tambi\u00e9n ha trabajado con las artistas chilenas Francisca Valenzuela y Mon Laferte. \u201cEs dif\u00edcil a veces dirigir o dise\u00f1ar cada aspecto de mis propuestas, pero disfruto much\u00edsimo creando ya sea m\u00fasica, shows en vivo o videoclips\u201d, confiesa.<\/p>\n<p>Y cuenta que trabaja siempre en equipo, con todos los m\u00fasicos y artistas incre\u00edbles que hacen esto posible. \u201cSi bien la visi\u00f3n y el empuje nace de uno, todo ese intercambio humano y el amor que hay en ponerle toda la creatividad, tiempo, poder y ganas a algo es uno de los aspectos que m\u00e1s me gusta de crear y hacer arte\u201d.<\/p>\n<p>Producida por Bill Lefler, productor estadounidense con quien Yael colabora hace ya m\u00e1s de 12 a\u00f1os y con quien tambi\u00e9n trabaj\u00f3 sus discos anteriores \u201cEverything Will Be Alright\u201d (2011) y \u201cWarrior Heart\u201d (2014), \u201cTechnicolor\u201d ser\u00e1 el \u00faltimo adelanto del primer EP exclusivamente en idioma espa\u00f1ol, titulado \u201cHurac\u00e1n\u201d, de los cuales Yael ya ha compartido los singles \u201cQue M\u00e1s Queda Por Hacer\u201d,\u00a0 el cual figur\u00f3 como uno de los temas principales de \u201cSoltera Otra Vez 3\u201d, y el single \u201cHurac\u00e1n\u201d, estrenado hace tan solo 2 meses y que ya cuenta con miles de reproducciones en plataformas y un video clip estilo cortometraje dirigido tambi\u00e9n por la misma artista.<\/p>\n<p>La trayectoria de Yael Meyer es reconocida por sus anteriores producciones musicales, su presencia en importantes eventos y festivales internacionales como Lollapalooza y por ser parte primordial de diversas bandas sonoras de reconocidas series como The Rain (Netflix &#8211; Dinamarca),\u00a0 Reign (CW &#8211; EEUU), Parenthood (EEUU) e incluso en la televisi\u00f3n coreana participando de series como Queen For Seven Days y Healer, transform\u00e1ndose as\u00ed en la cantante chilena de mayor presencia en la plataforma Netflix.<\/p>\n<p>Con m\u00e1s de 15 a\u00f1os de carrera independiente. Se ha presentado en escenarios en EEUU, Hungr\u00eda, Alemania, Argentina, Cuba y Chile participando en festivales como Lollapalooza, Pulsar, Gustock, Fiis, C\/O Pop, SXSW y Sziget.<\/p>\n<p>Sus discos &#8220;Common Ground&#8221;, &#8220;Everything Will Be Alright&#8221; y &#8220;Warrior Heart&#8221; destacaron entre los mejores discos del a\u00f1o en diversas listas de medios y portales especializados. Su m\u00fasica suena en las principales radios chilenas y universitarias de EEUU, apareciendo adem\u00e1s en pel\u00edculas, TV y campa\u00f1as publicitarias para marcas como Ralph Lauren y Massimo Dutti y debut\u00f3 son dos singles en el #2 y #3 del ranking Pop local coreano.<\/p>\n<p>Con KLI Records su propio sello, agencia de sincronizaciones y editorial musical representa a autores, compositores, productores y artistas de diversos g\u00e9neros para sincronizaci\u00f3n de fonogramas y derechos autorales en televisi\u00f3n, cine y publicidad en Chile, EEUU y el resto del mundo. Ha dictado charlas y participado en paneles de expertos en mercados internacionales de m\u00fasica como Canadian Music Week, Pulsar, Midem LATAM, VAM y su alma mater Berklee College of Music. Y \u201cTecnicolor\u201d es, al momento, su nuevo hit a tomar en cuenta.<\/p>\n<p>[\/fusion_text][fusion_imageframe image_id=&#8221;42802|medium&#8221; max_width=&#8221;&#8221; style_type=&#8221;&#8221; blur=&#8221;&#8221; stylecolor=&#8221;&#8221; hover_type=&#8221;none&#8221; bordersize=&#8221;&#8221; bordercolor=&#8221;&#8221; borderradius=&#8221;&#8221; align=&#8221;none&#8221; lightbox=&#8221;no&#8221; gallery_id=&#8221;&#8221; lightbox_image=&#8221;&#8221; lightbox_image_id=&#8221;&#8221; alt=&#8221;&#8221; link=&#8221;&#8221; linktarget=&#8221;_self&#8221; hide_on_mobile=&#8221;small-visibility,medium-visibility,large-visibility&#8221; class=&#8221;&#8221; id=&#8221;&#8221; animation_type=&#8221;&#8221; animation_direction=&#8221;left&#8221; animation_speed=&#8221;0.3&#8243; animation_offset=&#8221;&#8221;]https:\/\/www.bitacoracdmx.com\/wp-content\/uploads\/2022\/02\/YAEL-MEYER-FEB-2022-FOTO1-300&#215;200.jpg[\/fusion_imageframe][\/fusion_builder_column][\/fusion_builder_row][\/fusion_builder_container]<\/p>\n","protected":false},"excerpt":{"rendered":"<p>[fusion_builder_container hundred_percent=&#8221;no&#8221; equal_height_columns=&#8221;no&#8221; menu_anchor=&#8221;&#8221; hide_on_mobile=&#8221;small-visibility,medium-visibility,large-visibility&#8221; class=&#8221;&#8221; id=&#8221;&#8221; background_color=&#8221;&#8221; background_image=&#8221;&#8221; background_position=&#8221;center center&#8221; background_repeat=&#8221;no-repeat&#8221; fade=&#8221;no&#8221; background_parallax=&#8221;none&#8221; parallax_speed=&#8221;0.3&#8243; video_mp4=&#8221;&#8221; video_webm=&#8221;&#8221; video_ogv=&#8221;&#8221; video_url=&#8221;&#8221; video_aspect_ratio=&#8221;16:9&#8243; video_loop=&#8221;yes&#8221; video_mute=&#8221;yes&#8221; overlay_color=&#8221;&#8221; video_preview_image=&#8221;&#8221; border_size=&#8221;&#8221; border_color=&#8221;&#8221; border_style=&#8221;solid&#8221; padding_top=&#8221;&#8221; padding_bottom=&#8221;&#8221; padding_left=&#8221;&#8221; padding_right=&#8221;&#8221;][fusion_builder_row][fusion_builder_column type=&#8221;1_1&#8243; layout=&#8221;1_1&#8243; background_position=&#8221;left top&#8221; background_color=&#8221;&#8221; border_size=&#8221;&#8221; border_color=&#8221;&#8221; border_style=&#8221;solid&#8221; border_position=&#8221;all&#8221; spacing=&#8221;yes&#8221; background_image=&#8221;&#8221; background_repeat=&#8221;no-repeat&#8221; padding_top=&#8221;&#8221; padding_right=&#8221;&#8221; padding_bottom=&#8221;&#8221; padding_left=&#8221;&#8221; margin_top=&#8221;0px&#8221; margin_bottom=&#8221;0px&#8221; class=&#8221;&#8221; id=&#8221;&#8221; animation_type=&#8221;&#8221; animation_speed=&#8221;0.3&#8243; animation_direction=&#8221;left&#8221; hide_on_mobile=&#8221;small-visibility,medium-visibility,large-visibility&#8221; center_content=&#8221;no&#8221; last=&#8221;no&#8221; min_height=&#8221;&#8221; hover_type=&#8221;none&#8221; link=&#8221;&#8221;][fusion_text] REDACCI\u00d3N Escuchada en Corea y en medio planeta, l\u00edder de la industria audiovisual musicalizando proyectos para grandes estudios, reconocida por los especialistas y creadora de espacios para mujeres y m\u00fasicos independientes en el mercado internacional, Yael Meyer nos presenta su [&hellip;]<\/p>\n","protected":false},"author":1,"featured_media":42802,"comment_status":"open","ping_status":"open","sticky":false,"template":"","format":"standard","meta":{"footnotes":""},"categories":[9,11],"tags":[],"_links":{"self":[{"href":"https:\/\/www.bitacoracdmx.com\/index.php?rest_route=\/wp\/v2\/posts\/42801"}],"collection":[{"href":"https:\/\/www.bitacoracdmx.com\/index.php?rest_route=\/wp\/v2\/posts"}],"about":[{"href":"https:\/\/www.bitacoracdmx.com\/index.php?rest_route=\/wp\/v2\/types\/post"}],"author":[{"embeddable":true,"href":"https:\/\/www.bitacoracdmx.com\/index.php?rest_route=\/wp\/v2\/users\/1"}],"replies":[{"embeddable":true,"href":"https:\/\/www.bitacoracdmx.com\/index.php?rest_route=%2Fwp%2Fv2%2Fcomments&post=42801"}],"version-history":[{"count":1,"href":"https:\/\/www.bitacoracdmx.com\/index.php?rest_route=\/wp\/v2\/posts\/42801\/revisions"}],"predecessor-version":[{"id":42803,"href":"https:\/\/www.bitacoracdmx.com\/index.php?rest_route=\/wp\/v2\/posts\/42801\/revisions\/42803"}],"wp:featuredmedia":[{"embeddable":true,"href":"https:\/\/www.bitacoracdmx.com\/index.php?rest_route=\/wp\/v2\/media\/42802"}],"wp:attachment":[{"href":"https:\/\/www.bitacoracdmx.com\/index.php?rest_route=%2Fwp%2Fv2%2Fmedia&parent=42801"}],"wp:term":[{"taxonomy":"category","embeddable":true,"href":"https:\/\/www.bitacoracdmx.com\/index.php?rest_route=%2Fwp%2Fv2%2Fcategories&post=42801"},{"taxonomy":"post_tag","embeddable":true,"href":"https:\/\/www.bitacoracdmx.com\/index.php?rest_route=%2Fwp%2Fv2%2Ftags&post=42801"}],"curies":[{"name":"wp","href":"https:\/\/api.w.org\/{rel}","templated":true}]}}