{"id":42807,"date":"2022-02-04T03:21:47","date_gmt":"2022-02-04T03:21:47","guid":{"rendered":"https:\/\/www.bitacoracdmx.com\/?p=42807"},"modified":"2022-02-04T03:21:47","modified_gmt":"2022-02-04T03:21:47","slug":"ilegales-celebran-4-decadas-al-grito-de-la-lucha-por-la-vida-nombre-de-su-nuevo-disco","status":"publish","type":"post","link":"https:\/\/www.bitacoracdmx.com\/?p=42807","title":{"rendered":"ILEGALES celebran 4 d\u00e9cadas al grito de \u201cLA LUCHA POR LA VIDA\u201c, nombre de su nuevo disco."},"content":{"rendered":"<p>[fusion_builder_container hundred_percent=&#8221;no&#8221; equal_height_columns=&#8221;no&#8221; menu_anchor=&#8221;&#8221; hide_on_mobile=&#8221;small-visibility,medium-visibility,large-visibility&#8221; class=&#8221;&#8221; id=&#8221;&#8221; background_color=&#8221;&#8221; background_image=&#8221;&#8221; background_position=&#8221;center center&#8221; background_repeat=&#8221;no-repeat&#8221; fade=&#8221;no&#8221; background_parallax=&#8221;none&#8221; parallax_speed=&#8221;0.3&#8243; video_mp4=&#8221;&#8221; video_webm=&#8221;&#8221; video_ogv=&#8221;&#8221; video_url=&#8221;&#8221; video_aspect_ratio=&#8221;16:9&#8243; video_loop=&#8221;yes&#8221; video_mute=&#8221;yes&#8221; overlay_color=&#8221;&#8221; video_preview_image=&#8221;&#8221; border_size=&#8221;&#8221; border_color=&#8221;&#8221; border_style=&#8221;solid&#8221; padding_top=&#8221;&#8221; padding_bottom=&#8221;&#8221; padding_left=&#8221;&#8221; padding_right=&#8221;&#8221;][fusion_builder_row][fusion_builder_column type=&#8221;1_1&#8243; layout=&#8221;1_1&#8243; background_position=&#8221;left top&#8221; background_color=&#8221;&#8221; border_size=&#8221;&#8221; border_color=&#8221;&#8221; border_style=&#8221;solid&#8221; border_position=&#8221;all&#8221; spacing=&#8221;yes&#8221; background_image=&#8221;&#8221; background_repeat=&#8221;no-repeat&#8221; padding_top=&#8221;&#8221; padding_right=&#8221;&#8221; padding_bottom=&#8221;&#8221; padding_left=&#8221;&#8221; margin_top=&#8221;0px&#8221; margin_bottom=&#8221;0px&#8221; class=&#8221;&#8221; id=&#8221;&#8221; animation_type=&#8221;&#8221; animation_speed=&#8221;0.3&#8243; animation_direction=&#8221;left&#8221; hide_on_mobile=&#8221;small-visibility,medium-visibility,large-visibility&#8221; center_content=&#8221;no&#8221; last=&#8221;no&#8221; min_height=&#8221;&#8221; hover_type=&#8221;none&#8221; link=&#8221;&#8221;][fusion_text]<\/p>\n<p>REDACCI\u00d3N<\/p>\n<p>En tanto llega la fecha de publicaci\u00f3n del \u00e1lbum &#8220;La lucha por la vida&#8221;, que aparecer\u00e1 el pr\u00f3ximo 25 de febrero en formatos LP, CD y digital, la agrupaci\u00f3n Ilegales ir\u00e1n develando algunos de los temas de este nuevo disco que coincide con el 40\u00ba Aniversario del grupo, contando para ello con la colaboraci\u00f3n de diversos artistas de primera fila. En esta ocasi\u00f3n y para el mercado mexicano han llegado dos sencillos que seguramente volver\u00e1n a ser un hit m\u00e1s en su abultada carrera, partiendo del lanzamiento de \u201cMi Copa y Yo\u201d al lado de Andr\u00e9s Calamaro y \u201c\u00c1ngel Exterminador\u201d junto a Enrique Bunbury.<\/p>\n<p>&#8220;Mi copa y yo&#8221; hab\u00eda sido grabada para el \u00e1lbum &#8220;Rebeli\u00f3n&#8221; con una versi\u00f3n distinta y es hora de que esta disruptiva canci\u00f3n explote con todo gracias a que ahora cuenta con un aire de tango indisimulable y muy a tono con el artista invitado. En 2022, el grupo iniciar\u00e1 una nueva gira en Espa\u00f1a, que despu\u00e9s pasar\u00e1 a Am\u00e9rica, donde tambi\u00e9n cuentan con gran cantidad de seguidores, desde la frontera de Canad\u00e1 hasta la Patagonia, con la cual celebran 4 d\u00e9cadas de trayectoria desde la publicaci\u00f3n de su primer trabajo discogr\u00e1fico y que con las colaboraciones contenidas en \u201cLa lucha por la vida\u201d marcar\u00e1n un nuevo hito en su historia con ayuda de varios personajes destacados del rock, que colaboraron a manera de duetos.<\/p>\n<p>Estos invitados especiales son muy diferentes entre s\u00ed, pero todos ellos son caras conocidas de g\u00e9neros musicales tan diversos que van desde el pop hasta el punk, entre los cuales est\u00e1n Enrique Bunbury, M Clan, Andr\u00e9s Calamaro, Coque Malla, Loquillo, Evaristo P\u00e1ramos de La Polla Records, Luz Casal, entre otros. Es el caso de \u201c\u00c1ngel Exterminador\u201d, a dueto con Enrique Bunbury y que se estrena en simult\u00e1neo en M\u00e9xico junto al tema de Calamaro, una canci\u00f3n antibelicista, grabado inicialmente como reggae en una maqueta de Los Met\u00e1licos, un grupo que precedi\u00f3 a Ilegales y que Jorge fund\u00f3 al regreso de su servicio militar, a finales de la d\u00e9cada de los setenta. Este tema se ha sumado a \u201cTantas veces me he jugado el coraz\u00f3n que lo he perdido\u201d, grabada con Loquillo y que tambi\u00e9n ya ha sido estrenada, junto a \u201cDivino Imb\u00e9cil\u201d con M-Clan.<\/p>\n<p>Y es que la gracia de Ilegales ha estado siempre ah\u00ed: es un culto al exceso, a los momentos delirantes, a los bajos instintos, a la crudeza y la iron\u00eda en su m\u00e1xima expresi\u00f3n \u00e1cida y contundente. Su carrera ha estado llena de \u00e9xitos, de temas que se han vuelto no solo fundamentales en el rock en castellano, sino en el rock mundial. Ah\u00ed estaban cuando la ca\u00edda del muro, cuando cambi\u00f3 a la eurozona, cuando Franco dej\u00f3 libre el rock para que la gente hiciese lo que quisiera a partir de \u00e9se momento y, desde entonces, ya los Ilegales eran de las bandas m\u00e1s genuinas que existiesen jam\u00e1s. Entre discos de oro, llenazos en estadios de todo el mundo y reconocimientos de toda clase, han logrado colocarse entre los diez mejores grupos espa\u00f1oles del siglo XX que les ha colgado revistas como Rolling Stone, TVE, Rockdeluxe, Musical Express y Antena 3, entre otros, habla por s\u00ed mismo.<\/p>\n<p>En 1977, Jorge Mart\u00ednez, Juan Carlos Mart\u00ednez y David Alonso forman el tr\u00edo Madson en Oviedo, Espa\u00f1a y comenzaron a experimentar sonidos, que m\u00e1s tarde en 1979 dar\u00eda origen a Los Met\u00e1licos que arrastrar\u00edan a much\u00edsima gente en Asturias. A finales de 1980, Juan Carlos Mart\u00ednez -hermano de Jorge- sale del grupo y es reemplazado por \u00cd\u00f1igo Ayestar\u00e1n en el bajo. Ese mismo a\u00f1o bautizaron a la banda con el nombre de Ilegales. \u00cd\u00f1igo abandona el grupo en 1981, y entra David Alonso quien inscribe al grupo en el concurso Villa de Oviedo, el cual ganaron para as\u00ed obtiener el derecho a grabar dos canciones para un disco recopilatorio, pero gracias a la insistencia del p\u00fablico se graban tres temas: \u201cEuropa ha muerto\u201d, \u201cLa fiesta\u201d y \u201cPrincesa Equivocada\u201d con los cuales inician oficialmente su trayectoria.<\/p>\n<p>Ese mismo a\u00f1o, Ilegales publica el single \u201cRevuelta juvenil en Mongolia\u201d (Discos Arrebato) que los levant\u00f3 ya como un grupo s\u00f3lido en la escena rockera ib\u00e9rica. Luego de la gesti\u00f3n del famoso cantautor espa\u00f1ol Victor Manuel, qui\u00e9n llev\u00f3 a Ilegales a Epic Records, sale al mercado en 1984 el disco \u201cAgotados de Esperar el fin\u201d, el cual fu\u00e9 un rotundo \u00e9xito y con \u00e9l Ilegales no par\u00f3 de actuar por toda Espa\u00f1a. \u201cTodos est\u00e1n muertos\u201d es producido en su totalidad por Jorge Mart\u00ednez en 1985 y con \u00e9l se vienen los elogios y m\u00e1s giras, que los llevan por toda Europa y Sudam\u00e9rica, present\u00e1ndose y llenando estadios repletos. De regreso a Espa\u00f1a, ILEGALES no par\u00f3 de hacer presentaciones mientras que preparaban su nuevo disco \u201cChicos P\u00e1lidos para la m\u00e1quina\u201d, que apareci\u00f3 en 1988. Ese mismo a\u00f1o Ilegales estuvo tocando en Berl\u00edn, en un festival indie en el teatro Metropol, abriendo la vena rockera alemana una vez que el rock dej\u00f3 de estar proscrito en \u00e9sa zona. Grabar\u00edan a continuaci\u00f3n \u201cA la luz o a la sombra todo est\u00e1 permitido\u201d en 1990 y para 1991 \u201cRegreso al sexo qu\u00edmicamente puro\u201d. En 1995 firman con Avispa y sale al mercado el disco \u201cEl coraz\u00f3n es un animal extra\u00f1o\u201d, tal vez el disco m\u00e1s oscuro de la banda, pero uno de los favoritos de los seguidores, destacando la canci\u00f3n que le pone el nombre al disco y la versi\u00f3n de \u201cEl loco soy yo\u201d.<\/p>\n<p>Luego de un largo descanso, en 1998 el grupo vuelve con su noveno disco \u201cEl ap\u00f3stol de la lujuria\u201d, una provocaci\u00f3n en forma de doce temas que despliegan el mejor rock and roll de principio a fin. Doce temas c\u00e1usticos donde los haya, demoledores, \u00e1cidos y crudos en la m\u00e1s pura l\u00ednea de su l\u00edder y compositor de siempre, Jorge Mart\u00ednez. \u201cHe regresado\u201d, su primer single, apareci\u00f3 como avanzadilla contundente y alcanz\u00f3 los mejores puestos en las listas de \u00e9xitos nacionales. \u201cHe decidido comportarme\u201d es la segunda entrega de comienzos de 1999, un single rebosante de mensajes sarc\u00e1sticos y en el que su nivel sube sin parar. Su rock puro, caracter\u00edstico e ilegal est\u00e1 garantizado en todo momento. Graban el video clip de \u201cHe regresado\u201d y arrasan con las peticiones en los canales de video . En Agosto del 2001 la banda regresa de nuevo a Sudam\u00e9rica, ofreciendo varios conciertos m\u00edticos en Ecuador, Puerto Rico y Colombia y una vez de regreso a Espa\u00f1a, sale al mercado la recopilaci\u00f3n \u201cSomos unos Macarras\u201d, un doble CD con los singles primitivos de la banda y los 3 primeros discos remasterizados.<\/p>\n<p>En 2002 de nuevo la banda es contratada para regresar a Sudam\u00e9rica y hace una minigira por varias ciudades de Ecuador. Ese mismo a\u00f1o, realizan un excelente recital en Santiago de Chile y en septiembre Jorge Mart\u00ednez se encarga de contactar a todos los miembros que han pasado por la banda para conmemorar los 20 a\u00f1os de carrera musical de Ilegales, en un concierto realizado en la plaza de la catedral de Oviedo ante m\u00e1s de 30,000 personas y cuyo resultado se resume en un doble CD y un DVD del evento. En marzo de 2003 Ilegales regresa a Am\u00e9rica, m\u00e1s exactamente a Colombia, y realiza un memorable concierto en la ciudad de Medell\u00edn, e inmediatamente se encaminan de nuevo a Ecuador para ofrecer dos recitales en la Ciudad de Guayaquil. Al regresar a Espa\u00f1a, la banda termina una agotadora gira, para concentrarse en la grabaci\u00f3n del nuevo disco que sale al mercado en noviembre con el nombre \u201cSi la muerte me mira de frente me pongo de lao\u201d y de inmediato entra en las listas de los discos m\u00e1s vendidos de Espa\u00f1a, obteniendo nuevamente disco de oro. Adem\u00e1s de continuar haciendo ruido en diferentes comunidades del estado espa\u00f1ol, en el 2008 arribaron por primera vez a M\u00e9xico ofreciendo conciertos que nunca bajaron de cinco mil personas.<\/p>\n<p>En diciembre de 2009 se pone a la venta una caja llamada 126 canciones ilegales que recoge sus 9 discos en estudio hasta la fecha, adem\u00e1s de tomas in\u00e9ditas de \u201cStick de jockey\u201d, \u201c\u00c1ngel exterminador\u201d y \u201cEl piloto\u201d grabadas en 1979; los singles \u201cRevuelta juvenil en Mongolia\u201d, \u201cLa pasta en la mano\u201d, \u201cLa fiesta\u201d, \u201cEuropa ha muerto\u201d y \u201cPrincesa equivocada\u201d, m\u00e1s 10 canciones in\u00e9ditas. A finales de 2010 aparecen 11 canciones ilegales en el sistema ITunes y en formato LP. El disco contiene los 10 temas in\u00e9ditos grabados para la caja con la discograf\u00eda completa del grupo, aparecida en 2009, adem\u00e1s de una versi\u00f3n del tema \u201cI Should Have Known Better\u201d, inclu\u00edda en un disco homenaje al 50 aniversario de The V\u00e9tales.<\/p>\n<p>Con estos antecedentes, el grupo ib\u00e9rico Ilegales retorna a M\u00e9xico para presentar dos sencillos simult\u00e1neos \u201cMi Copa y Yo\u201d al lado de Andr\u00e9s Calamaro y \u201c\u00c1ngel Exterminador\u201d junto a Enrique Bunbury, previo a una gira que los regresar\u00e1 con sus fans mexicanos y que los mostrar\u00e1 en toda su ilustre grandeza.<\/p>\n<p>[\/fusion_text][fusion_imageframe image_id=&#8221;42808|medium&#8221; max_width=&#8221;&#8221; style_type=&#8221;&#8221; blur=&#8221;&#8221; stylecolor=&#8221;&#8221; hover_type=&#8221;none&#8221; bordersize=&#8221;&#8221; bordercolor=&#8221;&#8221; borderradius=&#8221;&#8221; align=&#8221;none&#8221; lightbox=&#8221;no&#8221; gallery_id=&#8221;&#8221; lightbox_image=&#8221;&#8221; lightbox_image_id=&#8221;&#8221; alt=&#8221;&#8221; link=&#8221;&#8221; linktarget=&#8221;_self&#8221; hide_on_mobile=&#8221;small-visibility,medium-visibility,large-visibility&#8221; class=&#8221;&#8221; id=&#8221;&#8221; animation_type=&#8221;&#8221; animation_direction=&#8221;left&#8221; animation_speed=&#8221;0.3&#8243; animation_offset=&#8221;&#8221;]https:\/\/www.bitacoracdmx.com\/wp-content\/uploads\/2022\/02\/ILEGALES-FEB-2022-COVER-BUNBURY-300&#215;300.jpg[\/fusion_imageframe][\/fusion_builder_column][\/fusion_builder_row][\/fusion_builder_container]<\/p>\n","protected":false},"excerpt":{"rendered":"<p>[fusion_builder_container hundred_percent=&#8221;no&#8221; equal_height_columns=&#8221;no&#8221; menu_anchor=&#8221;&#8221; hide_on_mobile=&#8221;small-visibility,medium-visibility,large-visibility&#8221; class=&#8221;&#8221; id=&#8221;&#8221; background_color=&#8221;&#8221; background_image=&#8221;&#8221; background_position=&#8221;center center&#8221; background_repeat=&#8221;no-repeat&#8221; fade=&#8221;no&#8221; background_parallax=&#8221;none&#8221; parallax_speed=&#8221;0.3&#8243; video_mp4=&#8221;&#8221; video_webm=&#8221;&#8221; video_ogv=&#8221;&#8221; video_url=&#8221;&#8221; video_aspect_ratio=&#8221;16:9&#8243; video_loop=&#8221;yes&#8221; video_mute=&#8221;yes&#8221; overlay_color=&#8221;&#8221; video_preview_image=&#8221;&#8221; border_size=&#8221;&#8221; border_color=&#8221;&#8221; border_style=&#8221;solid&#8221; padding_top=&#8221;&#8221; padding_bottom=&#8221;&#8221; padding_left=&#8221;&#8221; padding_right=&#8221;&#8221;][fusion_builder_row][fusion_builder_column type=&#8221;1_1&#8243; layout=&#8221;1_1&#8243; background_position=&#8221;left top&#8221; background_color=&#8221;&#8221; border_size=&#8221;&#8221; border_color=&#8221;&#8221; border_style=&#8221;solid&#8221; border_position=&#8221;all&#8221; spacing=&#8221;yes&#8221; background_image=&#8221;&#8221; background_repeat=&#8221;no-repeat&#8221; padding_top=&#8221;&#8221; padding_right=&#8221;&#8221; padding_bottom=&#8221;&#8221; padding_left=&#8221;&#8221; margin_top=&#8221;0px&#8221; margin_bottom=&#8221;0px&#8221; class=&#8221;&#8221; id=&#8221;&#8221; animation_type=&#8221;&#8221; animation_speed=&#8221;0.3&#8243; animation_direction=&#8221;left&#8221; hide_on_mobile=&#8221;small-visibility,medium-visibility,large-visibility&#8221; center_content=&#8221;no&#8221; last=&#8221;no&#8221; min_height=&#8221;&#8221; hover_type=&#8221;none&#8221; link=&#8221;&#8221;][fusion_text] REDACCI\u00d3N En tanto llega la fecha de publicaci\u00f3n del \u00e1lbum &#8220;La lucha por la vida&#8221;, que aparecer\u00e1 el pr\u00f3ximo 25 de febrero en formatos LP, CD y digital, la agrupaci\u00f3n Ilegales ir\u00e1n develando algunos de los temas de este nuevo [&hellip;]<\/p>\n","protected":false},"author":1,"featured_media":42808,"comment_status":"open","ping_status":"open","sticky":false,"template":"","format":"standard","meta":{"footnotes":""},"categories":[9,11],"tags":[],"_links":{"self":[{"href":"https:\/\/www.bitacoracdmx.com\/index.php?rest_route=\/wp\/v2\/posts\/42807"}],"collection":[{"href":"https:\/\/www.bitacoracdmx.com\/index.php?rest_route=\/wp\/v2\/posts"}],"about":[{"href":"https:\/\/www.bitacoracdmx.com\/index.php?rest_route=\/wp\/v2\/types\/post"}],"author":[{"embeddable":true,"href":"https:\/\/www.bitacoracdmx.com\/index.php?rest_route=\/wp\/v2\/users\/1"}],"replies":[{"embeddable":true,"href":"https:\/\/www.bitacoracdmx.com\/index.php?rest_route=%2Fwp%2Fv2%2Fcomments&post=42807"}],"version-history":[{"count":1,"href":"https:\/\/www.bitacoracdmx.com\/index.php?rest_route=\/wp\/v2\/posts\/42807\/revisions"}],"predecessor-version":[{"id":42809,"href":"https:\/\/www.bitacoracdmx.com\/index.php?rest_route=\/wp\/v2\/posts\/42807\/revisions\/42809"}],"wp:featuredmedia":[{"embeddable":true,"href":"https:\/\/www.bitacoracdmx.com\/index.php?rest_route=\/wp\/v2\/media\/42808"}],"wp:attachment":[{"href":"https:\/\/www.bitacoracdmx.com\/index.php?rest_route=%2Fwp%2Fv2%2Fmedia&parent=42807"}],"wp:term":[{"taxonomy":"category","embeddable":true,"href":"https:\/\/www.bitacoracdmx.com\/index.php?rest_route=%2Fwp%2Fv2%2Fcategories&post=42807"},{"taxonomy":"post_tag","embeddable":true,"href":"https:\/\/www.bitacoracdmx.com\/index.php?rest_route=%2Fwp%2Fv2%2Ftags&post=42807"}],"curies":[{"name":"wp","href":"https:\/\/api.w.org\/{rel}","templated":true}]}}