{"id":42939,"date":"2022-02-17T02:32:04","date_gmt":"2022-02-17T02:32:04","guid":{"rendered":"https:\/\/www.bitacoracdmx.com\/?p=42939"},"modified":"2022-02-17T02:32:04","modified_gmt":"2022-02-17T02:32:04","slug":"la-mutilacion-genital-tema-de-la-obra-cuttin-it","status":"publish","type":"post","link":"https:\/\/www.bitacoracdmx.com\/?p=42939","title":{"rendered":"La mutilaci\u00f3n genital, tema de la obra Cuttin\u2019 It"},"content":{"rendered":"<p>[fusion_builder_container hundred_percent=&#8221;no&#8221; equal_height_columns=&#8221;no&#8221; menu_anchor=&#8221;&#8221; hide_on_mobile=&#8221;small-visibility,medium-visibility,large-visibility&#8221; class=&#8221;&#8221; id=&#8221;&#8221; background_color=&#8221;&#8221; background_image=&#8221;&#8221; background_position=&#8221;center center&#8221; background_repeat=&#8221;no-repeat&#8221; fade=&#8221;no&#8221; background_parallax=&#8221;none&#8221; parallax_speed=&#8221;0.3&#8243; video_mp4=&#8221;&#8221; video_webm=&#8221;&#8221; video_ogv=&#8221;&#8221; video_url=&#8221;&#8221; video_aspect_ratio=&#8221;16:9&#8243; video_loop=&#8221;yes&#8221; video_mute=&#8221;yes&#8221; overlay_color=&#8221;&#8221; video_preview_image=&#8221;&#8221; border_size=&#8221;&#8221; border_color=&#8221;&#8221; border_style=&#8221;solid&#8221; padding_top=&#8221;&#8221; padding_bottom=&#8221;&#8221; padding_left=&#8221;&#8221; padding_right=&#8221;&#8221;][fusion_builder_row][fusion_builder_column type=&#8221;1_1&#8243; layout=&#8221;1_1&#8243; background_position=&#8221;left top&#8221; background_color=&#8221;&#8221; border_size=&#8221;&#8221; border_color=&#8221;&#8221; border_style=&#8221;solid&#8221; border_position=&#8221;all&#8221; spacing=&#8221;yes&#8221; background_image=&#8221;&#8221; background_repeat=&#8221;no-repeat&#8221; padding_top=&#8221;&#8221; padding_right=&#8221;&#8221; padding_bottom=&#8221;&#8221; padding_left=&#8221;&#8221; margin_top=&#8221;0px&#8221; margin_bottom=&#8221;0px&#8221; class=&#8221;&#8221; id=&#8221;&#8221; animation_type=&#8221;&#8221; animation_speed=&#8221;0.3&#8243; animation_direction=&#8221;left&#8221; hide_on_mobile=&#8221;small-visibility,medium-visibility,large-visibility&#8221; center_content=&#8221;no&#8221; last=&#8221;no&#8221; min_height=&#8221;&#8221; hover_type=&#8221;none&#8221; link=&#8221;&#8221;][fusion_text]<\/p>\n<p>REDACCI\u00d3N<\/p>\n<p class=\"x_gmail-MsoListParagraphCxSpFirst\"><span class=\"x_gmail-bumpedfont15\">\u00b7 <\/span><span class=\"x_gmail-bumpedfont15\"><b>Escrita por la brit\u00e1nica Charlene James, se escenificar\u00e1 en el Foro A Poco No, del 23 al 27 de febrero, bajo la direcci\u00f3n de Mayra Vargas<\/b><\/span><\/p>\n<p class=\"x_gmail-MsoListParagraphCxSpMiddle\"><span class=\"x_gmail-bumpedfont15\">\u00b7 <\/span><span class=\"x_gmail-bumpedfont15\"><b>En el marco del ciclo Nosotras Somos Memoria<\/b><\/span><\/p>\n<p class=\"x_MsoNormal\">En 2014 la escritora brit\u00e1nica Charlene James, interesada en abordar tem\u00e1ticas acerca de los j\u00f3venes, cre\u00f3 el texto dram\u00e1tico\u00a0<b><i>Cuttin\u2019 It<\/i>\u00a0<\/b>y movi\u00f3 a la reflexi\u00f3n de la mutilaci\u00f3n genital femenina, una problem\u00e1tica sin fronteras que conlleva una grave violencia de g\u00e9nero.<\/p>\n<p class=\"x_MsoNormal\">La compa\u00f1\u00eda\u00a0<b>Teatro Mexicano Monterrey<\/b>, en conjunci\u00f3n con la propia autora y un equipo creativo asentado en el norte del pa\u00eds (Nuevo Le\u00f3n), lleva a escena la versi\u00f3n mexicana de dicho texto bajo la direcci\u00f3n de Mayra Vargas y la actuaci\u00f3n de Debby B\u00e1ez y Yesica Silva.<\/p>\n<p class=\"x_MsoNormal\">La propuesta se escenificar\u00e1 cinco \u00fanicas funciones del 23 al 27 de febrero, con funciones de mi\u00e9rcoles a domingo, en el\u00a0<b>Foro A Poco No<\/b>, en el marco del ciclo\u00a0<b>Nosotras Somos Memoria<\/b>.<\/p>\n<p class=\"x_MsoNormal\"><b><i>Cuttin\u2019 It<\/i><\/b>\u00a0\u2013dice la directora Mayra Vargas\u2013 \u201cnos aleja de una falsa y melodram\u00e1tica compasi\u00f3n y nos ubica en espacios subjetivos, a veces po\u00e9ticos, desde donde, a trav\u00e9s de la historia de dos chicas nos habla de dolor, de tradiciones, de migraci\u00f3n, de refugiados, de violencia de g\u00e9nero y de dignidad humana\u201d.<\/p>\n<p class=\"x_MsoNormal\">Es la historia de Iqra y Muna, dos adolescentes de origen somal\u00ed que han migrado con sus familias al Reino Unido. Iqra ha perdido a toda su familia en la guerra, estigma que limita sus relaciones personales, y Muna ha migrado con su madre y hermana, y parece adaptarse bien a la cultura occidental. Ambas comparten un doloroso secreto: se les ha practicado la mutilaci\u00f3n genital, una violencia de g\u00e9nero que resuena en ciertos espacios de la cultura africana, pero que se practica tambi\u00e9n en ese pa\u00eds europeo.<\/p>\n<p class=\"x_MsoNormal\">Mientras Iqra mantiene la postura en favor de esta tradici\u00f3n, Muna la rechaza con vehemencia e intenta impedir que su hermana menor sea sometida a ese procedimiento. Los personajes viven dentro de una tradici\u00f3n, una manera de entender los preceptos de lo que debiese ser lo femenino y lo que se espera de una mujer por parte de algunos sectores practicantes de la religi\u00f3n musulmana, a\u00fan en el hemisferio occidental.<\/p>\n<p class=\"x_MsoNormal\">Con la traducci\u00f3n del ingl\u00e9s de Roberto Cavazos y dramaturgista Elvira Popova en la creaci\u00f3n del concepto de puesta en escena de\u00a0<b><i>Cuttin\u2019 It<\/i><\/b>, el texto se aborda desde lo testimonial, e incorpora t\u00e9cnicas del teatro documental (investigaci\u00f3n, intervenci\u00f3n de multimedia y entrevistas), pero sin da\u00f1ar lo entra\u00f1able de las historias humanas, con minimalismo de objetos y un espacio subjetivo-po\u00e9tico, dice la directora de escena.<\/p>\n<p class=\"x_MsoNormal\">Mayra Vargas recurre tambi\u00e9n a la utilizaci\u00f3n del circuito cerrado: c\u00e1maras, proyectores y textiles como pantalla. Tambi\u00e9n, una mesa como elemento escenogr\u00e1fico, donde se colocan de manera ordenada, como de peritaje, varios objetos que forman parte del cuadro de la tradici\u00f3n de Mutilaci\u00f3n Genital Femenina (MGF).<\/p>\n<p class=\"x_MsoNormal\">Uno de los elementos primordiales es el textil como una referencia a la MGF; por lo tanto, detr\u00e1s de las actrices est\u00e1 colgado un ciclorama de pedazos de telas y en el centro del proscenio hay una peque\u00f1a alfombra. Sobre ella una tiara de juguete, importante s\u00edmbolo de la fragilidad de los sue\u00f1os para un futuro diferente.<\/p>\n<p class=\"x_MsoNormal\">Cabe destacar que el proyecto de puesta en escena gan\u00f3 la primera convocatoria Taking The Stage del Consejo Brit\u00e1nico (M\u00e9xico, 2019), y fue seleccionado para participar en la 41 Muestra Nacional de Teatro (Ciudad de M\u00e9xico, 2021) y en el Circuito Nacional de Artes Esc\u00e9nicas en Espacios Independientes (Proyecto Chapultepec, Naturaleza y Cultura) e hizo una gira nacional por varios estados del norte de M\u00e9xico.<\/p>\n<p class=\"x_MsoNormal\"><b><i>Cuttin\u2019 It<\/i><\/b>\u00a0<b><i>(C\u00f3rtalo)<\/i>\u00a0<\/b>se escenificar\u00e1 del 23 al 27 de febrero, con funciones mi\u00e9rcoles, jueves y viernes a las 20:00 horas, s\u00e1bado a las 19:00 y domingo a las 18:00 horas, en el\u00a0<b>Foro A Poco No<\/b>\u00a0(Rep\u00fablica de Cuba 49, Centro Hist\u00f3rico, cerca del Metro Allende), con respeto a\u00a0las\u00a0disposiciones del sem\u00e1foro epidemiol\u00f3gico vigente: uso permanente de cubre-bocas, gel anti-bacterial y registro de c\u00f3digo QR por parte tanto del personal del teatro como de los espectadores.<\/p>\n<p class=\"x_MsoNormal\"><b>Localidades:\u00a0<\/b>entrada general, $187.00. Cupo limitado al 50% de la capacidad de p\u00fablico del Teatro.\u00a0Los boletos se pueden adquirir en la taquilla del teatro y en\u00a0las plataformas digitales de Ticketmaster.<\/p>\n<p class=\"x_MsoNormal\">Para conocer la programaci\u00f3n de la\u00a0<b>Direcci\u00f3n del Sistema de Teatros de la Ciudad de M\u00e9xico<\/b>, visite la p\u00e1gina:\u00a0<span lang=\"EN-US\"><a href=\"http:\/\/www.teatros.cultura.cdmx.gob.mx\/\" target=\"_blank\" rel=\"noopener noreferrer\" data-auth=\"NotApplicable\" data-linkindex=\"1\"><i><span lang=\"ES-MX\">www.teatros.cultura.cdmx.gob.mx<\/span><\/i><\/a><\/span>\u00a0o la aplicaci\u00f3n\u00a0<b>TeatrosCDMX<\/b>, disponible en los sistemas operativos Android e IOS y en las\u00a0redes sociales: Facebook @TeatrosCdMexico, Twitter @TeatrosCdMexico e Instagram @teatroscdmexico.<\/p>\n<p class=\"x_MsoNormal\">\u00a0Siga a la\u00a0<strong>Secretar\u00eda de Cultura de la Ciudad de M\u00e9xico<\/strong>\u00a0a trav\u00e9s de su p\u00e1gina oficial (<span lang=\"EN-US\"><a href=\"https:\/\/cultura.cdmx.gob.mx\/\" target=\"_blank\" rel=\"noopener noreferrer\" data-auth=\"NotApplicable\" data-linkindex=\"2\"><span lang=\"ES-MX\">https:\/\/cultura.cdmx.gob.mx\/<\/span><\/a><\/span>), sus redes sociales (<span lang=\"EN-US\"><a href=\"https:\/\/www.facebook.com\/Cultura.Ciudad.de.Mexico\" target=\"_blank\" rel=\"noopener noreferrer\" data-auth=\"NotApplicable\" data-linkindex=\"3\"><span lang=\"ES-MX\">Facebook<\/span><\/a><\/span>,\u00a0<span lang=\"EN-US\"><a href=\"https:\/\/twitter.com\/CulturaCiudadMx\" target=\"_blank\" rel=\"noopener noreferrer\" data-auth=\"NotApplicable\" data-linkindex=\"4\"><span lang=\"ES-MX\">Twitter<\/span><\/a><\/span>,\u00a0<span lang=\"EN-US\"><a href=\"https:\/\/www.instagram.com\/culturaciudadmx\/?hl=es-la\" target=\"_blank\" rel=\"noopener noreferrer\" data-auth=\"NotApplicable\" data-linkindex=\"5\"><span lang=\"ES-MX\">Instagram<\/span><\/a><\/span>\u00a0y\u00a0<span lang=\"EN-US\"><a href=\"https:\/\/www.youtube.com\/user\/culturamadf\" target=\"_blank\" rel=\"noopener noreferrer\" data-auth=\"NotApplicable\" data-linkindex=\"6\"><span lang=\"ES-MX\">YouTube<\/span><\/a><\/span>) y en la plataforma digital\u00a0<span lang=\"EN-US\"><a href=\"http:\/\/www.capitalculturalennuestracasa.cdmx.gob.mx\/\" target=\"_blank\" rel=\"noopener noreferrer\" data-auth=\"NotApplicable\" data-linkindex=\"7\"><i><span lang=\"ES-MX\">Capital Cultural en Nuestra Casa<\/span><\/i><\/a><\/span>.<\/p>\n<p>[\/fusion_text][fusion_imageframe image_id=&#8221;42940|medium&#8221; max_width=&#8221;&#8221; style_type=&#8221;&#8221; blur=&#8221;&#8221; stylecolor=&#8221;&#8221; hover_type=&#8221;none&#8221; bordersize=&#8221;&#8221; bordercolor=&#8221;&#8221; borderradius=&#8221;&#8221; align=&#8221;none&#8221; lightbox=&#8221;no&#8221; gallery_id=&#8221;&#8221; lightbox_image=&#8221;&#8221; lightbox_image_id=&#8221;&#8221; alt=&#8221;&#8221; link=&#8221;&#8221; linktarget=&#8221;_self&#8221; hide_on_mobile=&#8221;small-visibility,medium-visibility,large-visibility&#8221; class=&#8221;&#8221; id=&#8221;&#8221; animation_type=&#8221;&#8221; animation_direction=&#8221;left&#8221; animation_speed=&#8221;0.3&#8243; animation_offset=&#8221;&#8221;]https:\/\/www.bitacoracdmx.com\/wp-content\/uploads\/2022\/02\/CUTTIN-IT-ECARD-2022-01-218&#215;300.jpg[\/fusion_imageframe][\/fusion_builder_column][\/fusion_builder_row][\/fusion_builder_container]<\/p>\n","protected":false},"excerpt":{"rendered":"<p>[fusion_builder_container hundred_percent=&#8221;no&#8221; equal_height_columns=&#8221;no&#8221; menu_anchor=&#8221;&#8221; hide_on_mobile=&#8221;small-visibility,medium-visibility,large-visibility&#8221; class=&#8221;&#8221; id=&#8221;&#8221; background_color=&#8221;&#8221; background_image=&#8221;&#8221; background_position=&#8221;center center&#8221; background_repeat=&#8221;no-repeat&#8221; fade=&#8221;no&#8221; background_parallax=&#8221;none&#8221; parallax_speed=&#8221;0.3&#8243; video_mp4=&#8221;&#8221; video_webm=&#8221;&#8221; video_ogv=&#8221;&#8221; video_url=&#8221;&#8221; video_aspect_ratio=&#8221;16:9&#8243; video_loop=&#8221;yes&#8221; video_mute=&#8221;yes&#8221; overlay_color=&#8221;&#8221; video_preview_image=&#8221;&#8221; border_size=&#8221;&#8221; border_color=&#8221;&#8221; border_style=&#8221;solid&#8221; padding_top=&#8221;&#8221; padding_bottom=&#8221;&#8221; padding_left=&#8221;&#8221; padding_right=&#8221;&#8221;][fusion_builder_row][fusion_builder_column type=&#8221;1_1&#8243; layout=&#8221;1_1&#8243; background_position=&#8221;left top&#8221; background_color=&#8221;&#8221; border_size=&#8221;&#8221; border_color=&#8221;&#8221; border_style=&#8221;solid&#8221; border_position=&#8221;all&#8221; spacing=&#8221;yes&#8221; background_image=&#8221;&#8221; background_repeat=&#8221;no-repeat&#8221; padding_top=&#8221;&#8221; padding_right=&#8221;&#8221; padding_bottom=&#8221;&#8221; padding_left=&#8221;&#8221; margin_top=&#8221;0px&#8221; margin_bottom=&#8221;0px&#8221; class=&#8221;&#8221; id=&#8221;&#8221; animation_type=&#8221;&#8221; animation_speed=&#8221;0.3&#8243; animation_direction=&#8221;left&#8221; hide_on_mobile=&#8221;small-visibility,medium-visibility,large-visibility&#8221; center_content=&#8221;no&#8221; last=&#8221;no&#8221; min_height=&#8221;&#8221; hover_type=&#8221;none&#8221; link=&#8221;&#8221;][fusion_text] REDACCI\u00d3N \u00b7 Escrita por la brit\u00e1nica Charlene James, se escenificar\u00e1 en el Foro A Poco No, del 23 al 27 de febrero, bajo la direcci\u00f3n de Mayra Vargas \u00b7 En el marco del ciclo Nosotras Somos Memoria En 2014 la [&hellip;]<\/p>\n","protected":false},"author":1,"featured_media":42940,"comment_status":"open","ping_status":"open","sticky":false,"template":"","format":"standard","meta":{"footnotes":""},"categories":[9,14],"tags":[],"_links":{"self":[{"href":"https:\/\/www.bitacoracdmx.com\/index.php?rest_route=\/wp\/v2\/posts\/42939"}],"collection":[{"href":"https:\/\/www.bitacoracdmx.com\/index.php?rest_route=\/wp\/v2\/posts"}],"about":[{"href":"https:\/\/www.bitacoracdmx.com\/index.php?rest_route=\/wp\/v2\/types\/post"}],"author":[{"embeddable":true,"href":"https:\/\/www.bitacoracdmx.com\/index.php?rest_route=\/wp\/v2\/users\/1"}],"replies":[{"embeddable":true,"href":"https:\/\/www.bitacoracdmx.com\/index.php?rest_route=%2Fwp%2Fv2%2Fcomments&post=42939"}],"version-history":[{"count":1,"href":"https:\/\/www.bitacoracdmx.com\/index.php?rest_route=\/wp\/v2\/posts\/42939\/revisions"}],"predecessor-version":[{"id":42941,"href":"https:\/\/www.bitacoracdmx.com\/index.php?rest_route=\/wp\/v2\/posts\/42939\/revisions\/42941"}],"wp:featuredmedia":[{"embeddable":true,"href":"https:\/\/www.bitacoracdmx.com\/index.php?rest_route=\/wp\/v2\/media\/42940"}],"wp:attachment":[{"href":"https:\/\/www.bitacoracdmx.com\/index.php?rest_route=%2Fwp%2Fv2%2Fmedia&parent=42939"}],"wp:term":[{"taxonomy":"category","embeddable":true,"href":"https:\/\/www.bitacoracdmx.com\/index.php?rest_route=%2Fwp%2Fv2%2Fcategories&post=42939"},{"taxonomy":"post_tag","embeddable":true,"href":"https:\/\/www.bitacoracdmx.com\/index.php?rest_route=%2Fwp%2Fv2%2Ftags&post=42939"}],"curies":[{"name":"wp","href":"https:\/\/api.w.org\/{rel}","templated":true}]}}