{"id":42954,"date":"2022-02-17T03:26:44","date_gmt":"2022-02-17T03:26:44","guid":{"rendered":"https:\/\/www.bitacoracdmx.com\/?p=42954"},"modified":"2022-02-17T03:26:44","modified_gmt":"2022-02-17T03:26:44","slug":"las-mujeres-abordan-sus-realidades-y-reflexiones-a-traves-de-las-artes-escenicas-en-nosotras-somos-memoria","status":"publish","type":"post","link":"https:\/\/www.bitacoracdmx.com\/?p=42954","title":{"rendered":"Las mujeres abordan sus realidades y reflexiones, a trav\u00e9s de las artes esc\u00e9nicas en Nosotras Somos Memoria"},"content":{"rendered":"<p>[fusion_builder_container hundred_percent=&#8221;no&#8221; equal_height_columns=&#8221;no&#8221; menu_anchor=&#8221;&#8221; hide_on_mobile=&#8221;small-visibility,medium-visibility,large-visibility&#8221; class=&#8221;&#8221; id=&#8221;&#8221; background_color=&#8221;&#8221; background_image=&#8221;&#8221; background_position=&#8221;center center&#8221; background_repeat=&#8221;no-repeat&#8221; fade=&#8221;no&#8221; background_parallax=&#8221;none&#8221; parallax_speed=&#8221;0.3&#8243; video_mp4=&#8221;&#8221; video_webm=&#8221;&#8221; video_ogv=&#8221;&#8221; video_url=&#8221;&#8221; video_aspect_ratio=&#8221;16:9&#8243; video_loop=&#8221;yes&#8221; video_mute=&#8221;yes&#8221; overlay_color=&#8221;&#8221; video_preview_image=&#8221;&#8221; border_size=&#8221;&#8221; border_color=&#8221;&#8221; border_style=&#8221;solid&#8221; padding_top=&#8221;&#8221; padding_bottom=&#8221;&#8221; padding_left=&#8221;&#8221; padding_right=&#8221;&#8221;][fusion_builder_row][fusion_builder_column type=&#8221;1_1&#8243; layout=&#8221;1_1&#8243; background_position=&#8221;left top&#8221; background_color=&#8221;&#8221; border_size=&#8221;&#8221; border_color=&#8221;&#8221; border_style=&#8221;solid&#8221; border_position=&#8221;all&#8221; spacing=&#8221;yes&#8221; background_image=&#8221;&#8221; background_repeat=&#8221;no-repeat&#8221; padding_top=&#8221;&#8221; padding_right=&#8221;&#8221; padding_bottom=&#8221;&#8221; padding_left=&#8221;&#8221; margin_top=&#8221;0px&#8221; margin_bottom=&#8221;0px&#8221; class=&#8221;&#8221; id=&#8221;&#8221; animation_type=&#8221;&#8221; animation_speed=&#8221;0.3&#8243; animation_direction=&#8221;left&#8221; hide_on_mobile=&#8221;small-visibility,medium-visibility,large-visibility&#8221; center_content=&#8221;no&#8221; last=&#8221;no&#8221; min_height=&#8221;&#8221; hover_type=&#8221;none&#8221; link=&#8221;&#8221;][fusion_text]<\/p>\n<p>REDACCI\u00d3N<\/p>\n<ul>\n<li aria-level=\"1\"><b>Participar\u00e1n Cecilia Toussaint, Astrid Hadad, Vivir Quintana, Alexis de Anda, Alejandra Ley, la Orquesta Filarm\u00f3nica de la Ciudad de M\u00e9xico, Jaramar, la Banda Femenil Regional Mujeres del Viento Florido y Alejandra Robles \u201cLa Morena\u201d, entre muchas otras<\/b><\/li>\n<\/ul>\n<ul>\n<li aria-level=\"1\"><b>Durante tres meses se ofrecer\u00e1n 21 propuestas esc\u00e9nicas que subrayan la lucha hist\u00f3rica feminista y el reconocimiento de sus derechos<\/b><\/li>\n<\/ul>\n<ul>\n<li aria-level=\"1\"><b>Algunas de los espect\u00e1culos ser\u00e1n transmitidos en vivo por Capital 21<\/b><\/li>\n<\/ul>\n<p><span style=\"font-weight: 400;\">La <\/span><b>Secretar\u00eda de Cultura de la Ciudad de M\u00e9xico<\/b><span style=\"font-weight: 400;\">, a trav\u00e9s de la <\/span><b>Direcci\u00f3n del Sistema de Teatros<\/b><span style=\"font-weight: 400;\">, presenta <\/span><b><i>Nosotras Somos Memoria<\/i><\/b><span style=\"font-weight: 400;\">, ciclo de artes esc\u00e9nicas integrado por 21 espect\u00e1culos que se presentar\u00e1n durante los meses de febrero, marzo y abril en los cuatro recintos de la instituci\u00f3n (<\/span><b>Teatro de la Ciudad Esperanza Iris, Teatro Benito Ju\u00e1rez, Teatro Sergio Maga\u00f1a, Teatro del Pueblo <\/b><span style=\"font-weight: 400;\">y <\/span><b>Foro A Poco No<\/b><span style=\"font-weight: 400;\">), as\u00ed como en la virtualidad y en la televisi\u00f3n.<\/span><\/p>\n<p><span style=\"font-weight: 400;\">Por primera vez se llevar\u00e1 a cabo e incluye espect\u00e1culos de teatro, danza, m\u00fasica, multidisciplina, cabaret, propuestas para ni\u00f1as y ni\u00f1os, as\u00ed como de <\/span><i><span style=\"font-weight: 400;\">stand up<\/span><\/i><span style=\"font-weight: 400;\">, que subrayan la lucha hist\u00f3rica de las mujeres y el reconocimiento de sus derechos como son la libre expresi\u00f3n, la equidad, la justicia social y la libertad.<\/span><\/p>\n<p><span style=\"font-weight: 400;\">Durante estos tres meses se presentar\u00e1n artistas y agrupaciones como Cecilia Toussaint, Astrid Hadad, Vivir Quintana, Alexis de Anda, Alejandra Ley, la Orquesta Filarm\u00f3nica de la Ciudad de M\u00e9xico, Jaramar, la Banda Femenil Regional Mujeres del Viento Florido y Alejandra Robles \u201cLa Morena\u201d, entre muchas otras.<\/span><\/p>\n<p><span style=\"font-weight: 400;\">El recinto de Donceles recibir\u00e1 el viernes 4 de marzo <\/span><b><i>Urdimbre<\/i><\/b><span style=\"font-weight: 400;\">, de Khamsa Dance Project bajo la direcci\u00f3n de Aline del Castillo P\u00e9rez, un espect\u00e1culo multidisciplinario que se acerca al arte textil y mostrar c\u00f3mo el ma\u00edz, el fuego, el agua, el algod\u00f3n y las flores se volvieron hilos, m\u00fasica y danza.<\/span><\/p>\n<p><span style=\"font-weight: 400;\">Al d\u00eda siguiente, s\u00e1bado 5, subir\u00e1n al escenario la Banda Femenil Regional Mujeres del Viento Florido y Alejandra Robles \u201cLa Morena\u201d para recordar, cantar y bailar <\/span><b><i>Por las que nunca tendr\u00e1n voz<\/i><\/b><span style=\"font-weight: 400;\">. El domingo 6, Alejandra Ley, acompa\u00f1ada de varias amigas artistas, ofrecer\u00e1n una <\/span><b><i>Verbena Sorora<\/i><\/b><span style=\"font-weight: 400;\">, una fiesta llena de arte.<\/span><\/p>\n<p><span style=\"font-weight: 400;\">El s\u00e1bado 12 de marzo, la <\/span><b>Orquesta Filarm\u00f3nica de la Ciudad de M\u00e9xico <\/b><span style=\"font-weight: 400;\">ofrecer\u00e1 un concierto extraordinario, acompa\u00f1ada por tres reconocidas cantantes y compositoras: <\/span><b>Cecilia Toussaint, Vivir Quintana <\/b><span style=\"font-weight: 400;\">y <\/span><b>Leiden<\/b><span style=\"font-weight: 400;\">, quienes har\u00e1n una conversaci\u00f3n musical entre generaciones, estilos y procesos.<\/span><\/p>\n<p><b>Jaramar <\/b><span style=\"font-weight: 400;\">presentar\u00e1 su nuevo proyecto, <\/span><i><span style=\"font-weight: 400;\">Todas las naves del mundo<\/span><\/i><span style=\"font-weight: 400;\">, el domingo 13. Una aventura que recorre el camino del mestizaje, un viaje por la geograf\u00eda, el tiempo y la memoria.\u00a0<\/span><\/p>\n<p><b>Astrid Hadad <\/b><span style=\"font-weight: 400;\">subir\u00e1 al escenario del Teatro de la Ciudad Esperanza Iris el s\u00e1bado 19 de marzo con el espect\u00e1culo <\/span><i><span style=\"font-weight: 400;\">La Pluma o la espada<\/span><\/i><span style=\"font-weight: 400;\">, el cual describe la vida de dos mujeres transgresoras que rompieron las cadenas de su tiempo: Sor Juana In\u00e9s de la Cruz y la Monja Alf\u00e9rez.\u00a0<\/span><\/p>\n<p><span style=\"font-weight: 400;\">Para <\/span><b><i>Vivir, nac\u00ed cantando. Vivir Quintana en concierto<\/i><\/b><span style=\"font-weight: 400;\">, que se realizar\u00e1 el viernes 25,\u00a0 es la oportunidad de escuchar en vivo a la artista mexicana que hace una fusi\u00f3n de la m\u00fasica folk, regional y ranchera.\u00a0<\/span><\/p>\n<p><span style=\"font-weight: 400;\">Patrimonio Cultural Vivo de la Ciudad de M\u00e9xico, <\/span><b>Cecilia Toussaint <\/b><span style=\"font-weight: 400;\">ofrecer\u00e1, el s\u00e1bado 26 de marzo: <\/span><b><i>El lado sur de mi coraz\u00f3n. CROM\u00c1TICO<\/i><\/b><span style=\"font-weight: 400;\">, un recorrido musical que retoma los m\u00e1s recientes proyectos que ha realizado la artista. Al d\u00eda siguiente, domingo 27, se presentar\u00e1 <\/span><b><i>Viajando con Alexis de Anda<\/i><\/b><span style=\"font-weight: 400;\">, en el cual la <\/span><i><span style=\"font-weight: 400;\">standupera<\/span><\/i><span style=\"font-weight: 400;\"> tocar\u00e1 fibras y emociones en este viaje de espiritualidad y comedia.<\/span><\/p>\n<p><b><i>Cuttin\u2019 it de Charlene James<\/i><\/b><span style=\"font-weight: 400;\">, bajo la direcci\u00f3n de Mayra Vargas, tendr\u00e1 cinco \u00fanicas funciones en el <\/span><b>Foro A Poco No<\/b><span style=\"font-weight: 400;\">, donde se hablar\u00e1 del dolor, las tradiciones, la migraci\u00f3n, los refugiados, la violencia de g\u00e9nero y la dignidad humana. En el mismo espacio, pero del 3 al 13 de marzo, se presentar\u00e1 <\/span><b><i>ECO<\/i><\/b><span style=\"font-weight: 400;\">, autor\u00eda de Patricia Loranca y direcci\u00f3n de Micaela Gramajo, \u201cun viaje de reconciliaci\u00f3n con mi idea de ser mujer, y es tambi\u00e9n una b\u00fasqueda por existir en un pa\u00eds que se empe\u00f1a en silenciarnos\u201d, afirman las artistas.<\/span><\/p>\n<p><span style=\"font-weight: 400;\">Del 17 al 27 de marzo, <\/span><b><i>30+1 (obra para una actriz y un radio)<\/i><\/b><span style=\"font-weight: 400;\">, autor\u00eda de Lucio Peregrino y direcci\u00f3n de Diego Montero, muestra a una mujer que se enfrenta a sus primeros momentos del retiro, con los cuales construir\u00e1 lo que siempre ha querido hacer. Asimismo, del 31 de marzo al 10 de abril, <\/span><b><i>Oliva Olivo, adicta a los patantes <\/i><\/b><span style=\"font-weight: 400;\">ofrecer\u00e1 una propuesta de cabaret, autor\u00eda de Paulina Guisa Romero y direcci\u00f3n de Andrea Tirado Maliachi, en la que una mujer decide abrir un grupo de personas adictas a las relaciones t\u00f3xicas.<\/span><\/p>\n<p><span style=\"font-weight: 400;\">En el <\/span><b>Teatro Benito Ju\u00e1rez<\/b><span style=\"font-weight: 400;\">, del 19 de febrero al 13 de marzo, para ni\u00f1as y ni\u00f1os se presentar\u00e1 <\/span><b><i>Katsumi y El Drag\u00f3n<\/i><\/b><span style=\"font-weight: 400;\">, direcci\u00f3n de Andrea Salgado, que muestra a una ni\u00f1a que se enfrentar\u00e1 a diferentes pruebas y obst\u00e1culos para convertirse en la primera gran guerrera samur\u00e1i de su naci\u00f3n. Del 17 al 27, direcci\u00f3n de Alejandra Aguilar, se escenificar\u00e1 <\/span><b><i>La certeza del amanecer, <\/i><\/b><span style=\"font-weight: 400;\">la cual presenta a Nina y Elizabeth, quienes \u201cse extrav\u00edan detr\u00e1s de los velos que esbozan sus cuerpos femeninos\u201d.<\/span><\/p>\n<p><span style=\"font-weight: 400;\">Del 17 al 27 de febrero, el <\/span><b>Teatro Sergio Maga\u00f1a <\/b><span style=\"font-weight: 400;\">presentar\u00e1 <\/span><b><i>Deshuesadero Suite<\/i><\/b><span style=\"font-weight: 400;\">, autor\u00eda y direcci\u00f3n de Carolina Pimentel Alfredo Romero y Daniel Loyola, un espect\u00e1culo no verbal musical para m\u00e1scaras y objetos inspirado en la desaparici\u00f3n forzada y el tr\u00e1fico humano.<\/span><\/p>\n<p><b><i>Melisa y Ojos Lindos<\/i><\/b><span style=\"font-weight: 400;\">, de la compa\u00f1\u00eda Ahuehuete Teatro, del 26 de febrero al 20 de marzo, mostrar\u00e1 a una peque\u00f1a que crea su mundo lleno de juegos y fantas\u00edas para comprender porqu\u00e9 su mam\u00e1 est\u00e1 enojada con ella. Del 3 al 13 de marzo, autor\u00eda y direcci\u00f3n de Marisa G\u00f3mez, <\/span><b><i>Gertrude<\/i><\/b><span style=\"font-weight: 400;\"> da voz a la reina de Dinamarca, a la esposa, madre, viuda,\u00a0 monarca y mujer que vive en la tragedia de <\/span><i><span style=\"font-weight: 400;\">Hamlet<\/span><\/i><span style=\"font-weight: 400;\">.<\/span><\/p>\n<p><b><i>Bioluminiscencia<\/i><\/b><span style=\"font-weight: 400;\">, autor\u00eda de Anita \u00c1ngeles Reyes Butr\u00f3n, aborda, del 17 al 27 de marzo, el tema de la trata de personas a trav\u00e9s de la historia de dos amigas de la infancia: A\u00edda y Susi. Del 31 de marzo al 10 de abril se presentar\u00e1 <\/span><b><i>La Alacena, documental miniatura sobre Mar\u00eda Izquierdo<\/i><\/b><span style=\"font-weight: 400;\">, direcci\u00f3n de Aurora G\u00f3mez Meza, que se interna en la vida y obra de la pintora mexicana.<\/span><\/p>\n<p><span style=\"font-weight: 400;\">Del 22 de marzo al 12 de abril, todos los martes, en el <\/span><b>Teatro del Pueblo<\/b><span style=\"font-weight: 400;\"> se ofrecer\u00e1 <\/span><b><i>La muerte chiquita<\/i><\/b><span style=\"font-weight: 400;\">, un espect\u00e1culo que se interna en un programa de televisi\u00f3n, en el que tres mujeres de distintas procedencias han sido nominadas para concursar por el premio mayor: conocer a la \u00fanica, original y s\u00faper sensual Muerte Chiquita.\u00a0<\/span><\/p>\n<p><span style=\"font-weight: 400;\">Propuesta de la Cartelera virtual, <\/span><b><i>Por temor a que cantemos libres<\/i><\/b><span style=\"font-weight: 400;\">, direcci\u00f3n de Nora Manneck, se presentar\u00e1 el martes 8 de marzo, D\u00eda Internacional de la Mujer. Una cantante contar\u00e1 la historia de cinco personas que huyeron de las prisiones, conventos, tribunales, casas paternas y lugares de cautiverio para decidir sobre su propia vida.<\/span><\/p>\n<p><span style=\"font-weight: 400;\">El canal de televisi\u00f3n Capital 21 se une al ciclo y ofrecer\u00e1 completamente en vivo algunas de las propuestas que integran la programaci\u00f3n.<\/span><\/p>\n<p><span style=\"font-weight: 400;\">Con las 22 propuestas que integran <\/span><b>Nosotras Somos Memoria <\/b><span style=\"font-weight: 400;\">se busca mostrar el abanico de propuestas que se hacen en la actualidad con relaci\u00f3n a los temas de g\u00e9nero y escuchar a las mujeres abordar sus realidades y reflexiones, a trav\u00e9s de las artes esc\u00e9nicas.<\/span><\/p>\n<p><span style=\"font-weight: 400;\">Para conocer la programaci\u00f3n de la <\/span><b>Direcci\u00f3n del Sistema de Teatros de la Ciudad de M\u00e9xico<\/b><span style=\"font-weight: 400;\"> visite las <\/span><span style=\"font-weight: 400;\">redes sociales: Facebook @TeatrosCdMexico, Twitter @TeatrosCdMexico e Instagram @teatroscdmexico.<\/span><\/p>\n<p><span style=\"font-weight: 400;\">\u00a0<\/span><span style=\"font-weight: 400;\">Siga a la\u00a0<\/span><b>Secretar\u00eda de Cultura de la Ciudad de M\u00e9xico<\/b><span style=\"font-weight: 400;\">\u00a0a trav\u00e9s de su p\u00e1gina oficial (<\/span><a href=\"https:\/\/cultura.cdmx.gob.mx\/\"><span style=\"font-weight: 400;\">https:\/\/cultura.cdmx.gob.mx\/<\/span><\/a><span style=\"font-weight: 400;\">), sus redes sociales (<\/span><a href=\"https:\/\/www.facebook.com\/Cultura.Ciudad.de.Mexico\"><span style=\"font-weight: 400;\">Facebook<\/span><\/a><span style=\"font-weight: 400;\">,\u00a0<\/span><a href=\"https:\/\/twitter.com\/CulturaCiudadMx\"><span style=\"font-weight: 400;\">Twitter<\/span><\/a><span style=\"font-weight: 400;\">,\u00a0<\/span><a href=\"https:\/\/www.instagram.com\/culturaciudadmx\/?hl=es-la\"><span style=\"font-weight: 400;\">Instagram<\/span><\/a><span style=\"font-weight: 400;\">\u00a0y\u00a0<\/span><a href=\"https:\/\/www.youtube.com\/user\/culturamadf\"><span style=\"font-weight: 400;\">YouTube<\/span><\/a><span style=\"font-weight: 400;\">) y en la plataforma digital\u00a0<\/span><a href=\"http:\/\/www.capitalculturalennuestracasa.cdmx.gob.mx\/\"><i><span style=\"font-weight: 400;\">Capital Cultural en Nuestra Casa<\/span><\/i><\/a><span style=\"font-weight: 400;\">.<\/span><\/p>\n<p>[\/fusion_text][fusion_imageframe image_id=&#8221;42955|medium&#8221; max_width=&#8221;&#8221; style_type=&#8221;&#8221; blur=&#8221;&#8221; stylecolor=&#8221;&#8221; hover_type=&#8221;none&#8221; bordersize=&#8221;&#8221; bordercolor=&#8221;&#8221; borderradius=&#8221;&#8221; align=&#8221;none&#8221; lightbox=&#8221;no&#8221; gallery_id=&#8221;&#8221; lightbox_image=&#8221;&#8221; lightbox_image_id=&#8221;&#8221; alt=&#8221;&#8221; link=&#8221;&#8221; linktarget=&#8221;_self&#8221; hide_on_mobile=&#8221;small-visibility,medium-visibility,large-visibility&#8221; class=&#8221;&#8221; id=&#8221;&#8221; animation_type=&#8221;&#8221; animation_direction=&#8221;left&#8221; animation_speed=&#8221;0.3&#8243; animation_offset=&#8221;&#8221;]https:\/\/www.bitacoracdmx.com\/wp-content\/uploads\/2022\/02\/NOSOTRAS-SOMOS-MEMORIA-ECARD-01-276&#215;300.jpg[\/fusion_imageframe][\/fusion_builder_column][\/fusion_builder_row][\/fusion_builder_container]<\/p>\n","protected":false},"excerpt":{"rendered":"<p>[fusion_builder_container hundred_percent=&#8221;no&#8221; equal_height_columns=&#8221;no&#8221; menu_anchor=&#8221;&#8221; hide_on_mobile=&#8221;small-visibility,medium-visibility,large-visibility&#8221; class=&#8221;&#8221; id=&#8221;&#8221; background_color=&#8221;&#8221; background_image=&#8221;&#8221; background_position=&#8221;center center&#8221; background_repeat=&#8221;no-repeat&#8221; fade=&#8221;no&#8221; background_parallax=&#8221;none&#8221; parallax_speed=&#8221;0.3&#8243; video_mp4=&#8221;&#8221; video_webm=&#8221;&#8221; video_ogv=&#8221;&#8221; video_url=&#8221;&#8221; video_aspect_ratio=&#8221;16:9&#8243; video_loop=&#8221;yes&#8221; video_mute=&#8221;yes&#8221; overlay_color=&#8221;&#8221; video_preview_image=&#8221;&#8221; border_size=&#8221;&#8221; border_color=&#8221;&#8221; border_style=&#8221;solid&#8221; padding_top=&#8221;&#8221; padding_bottom=&#8221;&#8221; padding_left=&#8221;&#8221; padding_right=&#8221;&#8221;][fusion_builder_row][fusion_builder_column type=&#8221;1_1&#8243; layout=&#8221;1_1&#8243; background_position=&#8221;left top&#8221; background_color=&#8221;&#8221; border_size=&#8221;&#8221; border_color=&#8221;&#8221; border_style=&#8221;solid&#8221; border_position=&#8221;all&#8221; spacing=&#8221;yes&#8221; background_image=&#8221;&#8221; background_repeat=&#8221;no-repeat&#8221; padding_top=&#8221;&#8221; padding_right=&#8221;&#8221; padding_bottom=&#8221;&#8221; padding_left=&#8221;&#8221; margin_top=&#8221;0px&#8221; margin_bottom=&#8221;0px&#8221; class=&#8221;&#8221; id=&#8221;&#8221; animation_type=&#8221;&#8221; animation_speed=&#8221;0.3&#8243; animation_direction=&#8221;left&#8221; hide_on_mobile=&#8221;small-visibility,medium-visibility,large-visibility&#8221; center_content=&#8221;no&#8221; last=&#8221;no&#8221; min_height=&#8221;&#8221; hover_type=&#8221;none&#8221; link=&#8221;&#8221;][fusion_text] REDACCI\u00d3N Participar\u00e1n Cecilia Toussaint, Astrid Hadad, Vivir Quintana, Alexis de Anda, Alejandra Ley, la Orquesta Filarm\u00f3nica de la Ciudad de M\u00e9xico, Jaramar, la Banda Femenil Regional Mujeres del Viento Florido y Alejandra Robles \u201cLa Morena\u201d, entre muchas otras Durante tres [&hellip;]<\/p>\n","protected":false},"author":1,"featured_media":42955,"comment_status":"open","ping_status":"open","sticky":false,"template":"","format":"standard","meta":{"footnotes":""},"categories":[5,9],"tags":[],"_links":{"self":[{"href":"https:\/\/www.bitacoracdmx.com\/index.php?rest_route=\/wp\/v2\/posts\/42954"}],"collection":[{"href":"https:\/\/www.bitacoracdmx.com\/index.php?rest_route=\/wp\/v2\/posts"}],"about":[{"href":"https:\/\/www.bitacoracdmx.com\/index.php?rest_route=\/wp\/v2\/types\/post"}],"author":[{"embeddable":true,"href":"https:\/\/www.bitacoracdmx.com\/index.php?rest_route=\/wp\/v2\/users\/1"}],"replies":[{"embeddable":true,"href":"https:\/\/www.bitacoracdmx.com\/index.php?rest_route=%2Fwp%2Fv2%2Fcomments&post=42954"}],"version-history":[{"count":1,"href":"https:\/\/www.bitacoracdmx.com\/index.php?rest_route=\/wp\/v2\/posts\/42954\/revisions"}],"predecessor-version":[{"id":42956,"href":"https:\/\/www.bitacoracdmx.com\/index.php?rest_route=\/wp\/v2\/posts\/42954\/revisions\/42956"}],"wp:featuredmedia":[{"embeddable":true,"href":"https:\/\/www.bitacoracdmx.com\/index.php?rest_route=\/wp\/v2\/media\/42955"}],"wp:attachment":[{"href":"https:\/\/www.bitacoracdmx.com\/index.php?rest_route=%2Fwp%2Fv2%2Fmedia&parent=42954"}],"wp:term":[{"taxonomy":"category","embeddable":true,"href":"https:\/\/www.bitacoracdmx.com\/index.php?rest_route=%2Fwp%2Fv2%2Fcategories&post=42954"},{"taxonomy":"post_tag","embeddable":true,"href":"https:\/\/www.bitacoracdmx.com\/index.php?rest_route=%2Fwp%2Fv2%2Ftags&post=42954"}],"curies":[{"name":"wp","href":"https:\/\/api.w.org\/{rel}","templated":true}]}}