{"id":42986,"date":"2022-02-22T02:20:47","date_gmt":"2022-02-22T02:20:47","guid":{"rendered":"https:\/\/www.bitacoracdmx.com\/?p=42986"},"modified":"2022-02-22T02:20:47","modified_gmt":"2022-02-22T02:20:47","slug":"inicia-cuenta-regresiva-para-vivir-el-espectacular-concierto-del-tenor-italiano-andrea-bocelli-en-el-caribe-mexicano","status":"publish","type":"post","link":"https:\/\/www.bitacoracdmx.com\/?p=42986","title":{"rendered":"Inicia cuenta regresiva para vivir el espectacular concierto del tenor italiano Andrea Bocelli en el Caribe Mexicano."},"content":{"rendered":"<p>[fusion_builder_container hundred_percent=&#8221;no&#8221; equal_height_columns=&#8221;no&#8221; menu_anchor=&#8221;&#8221; hide_on_mobile=&#8221;small-visibility,medium-visibility,large-visibility&#8221; class=&#8221;&#8221; id=&#8221;&#8221; background_color=&#8221;&#8221; background_image=&#8221;&#8221; background_position=&#8221;center center&#8221; background_repeat=&#8221;no-repeat&#8221; fade=&#8221;no&#8221; background_parallax=&#8221;none&#8221; parallax_speed=&#8221;0.3&#8243; video_mp4=&#8221;&#8221; video_webm=&#8221;&#8221; video_ogv=&#8221;&#8221; video_url=&#8221;&#8221; video_aspect_ratio=&#8221;16:9&#8243; video_loop=&#8221;yes&#8221; video_mute=&#8221;yes&#8221; overlay_color=&#8221;&#8221; video_preview_image=&#8221;&#8221; border_size=&#8221;&#8221; border_color=&#8221;&#8221; border_style=&#8221;solid&#8221; padding_top=&#8221;&#8221; padding_bottom=&#8221;&#8221; padding_left=&#8221;&#8221; padding_right=&#8221;&#8221;][fusion_builder_row][fusion_builder_column type=&#8221;1_1&#8243; layout=&#8221;1_1&#8243; background_position=&#8221;left top&#8221; background_color=&#8221;&#8221; border_size=&#8221;&#8221; border_color=&#8221;&#8221; border_style=&#8221;solid&#8221; border_position=&#8221;all&#8221; spacing=&#8221;yes&#8221; background_image=&#8221;&#8221; background_repeat=&#8221;no-repeat&#8221; padding_top=&#8221;&#8221; padding_right=&#8221;&#8221; padding_bottom=&#8221;&#8221; padding_left=&#8221;&#8221; margin_top=&#8221;0px&#8221; margin_bottom=&#8221;0px&#8221; class=&#8221;&#8221; id=&#8221;&#8221; animation_type=&#8221;&#8221; animation_speed=&#8221;0.3&#8243; animation_direction=&#8221;left&#8221; hide_on_mobile=&#8221;small-visibility,medium-visibility,large-visibility&#8221; center_content=&#8221;no&#8221; last=&#8221;no&#8221; min_height=&#8221;&#8221; hover_type=&#8221;none&#8221; link=&#8221;&#8221;][fusion_text]<\/p>\n<p>REDACCI\u00d3N<\/p>\n<p style=\"text-align: left;\" align=\"center\"><b><span lang=\"ES\">*Con secciones pr\u00e1cticamente agotadas, los residentes de Quintana Roo quieren ser parte de este hist\u00f3rico recital y han aprovechado el descuento del 25 por ciento en los boletos para asistir este s\u00e1bado 26 de febrero a Playa Maroma Beach Club, en la Riviera Maya<\/span><\/b><b><\/b><\/p>\n<p style=\"text-align: left;\" align=\"center\"><b><span lang=\"ES\">\u00a0<\/span><\/b><b><span lang=\"ES\">* Music Vibe y Global Pear, organizadores del mega concierto, destacaron que para comodidad y tranquilidad de los asistentes el evento cumple y hasta supera los requerimientos sanitarios de las autoridades<\/span><\/b><b><\/b><\/p>\n<p style=\"text-align: left;\" align=\"center\"><b><span lang=\"ES\">\u00a0<\/span><\/b><b><span lang=\"ES\">*Los asistentes podr\u00e1n disfrutar, a partir de las 16 horas, de catas de vino, presentaciones musicales y alimentos y toda clase de bebidas frente a una de las playas m\u00e1s hermosas del mundo<\/span><\/b><b><\/b><\/p>\n<p style=\"text-align: left;\" align=\"center\"><span lang=\"ES\">\u00a0<\/span><span lang=\"ES\">El Caribe Mexicano inici\u00f3 la cuenta regresiva para celebrar el hist\u00f3rico concierto del tenor italiano Andrea Bocelli, un evento \u00fanico y espectacular a celebrarse este s\u00e1bado 26 de febrero pr\u00f3ximo, en un ambiente natural y seguro, en una de las playas m\u00e1s hermosas del mundo, Playa Maroma Beach Club, de la Riviera Maya.<\/span><\/p>\n<p><span lang=\"ES\">La emoci\u00f3n por ser parte de este inigualable acontecimiento musical se ha contagiado entre los residentes de este para\u00edso caribe\u00f1o, quienes se han volcado a adquirir sus boletos aprovechando el descuento de hasta un 25 por ciento que se logr\u00f3 con el respaldo de Music Vibe y Global Pear, organizadores del magno concierto, en conjunto con el Gobierno del Estado y el Ayuntamiento de Solidaridad.<\/span><\/p>\n<p><span lang=\"ES\">Con algunas secciones del recinto pr\u00e1cticamente agotadas, los residentes de Quintana Roo, junto con turistas de diversas partes del pa\u00eds y visitantes extranjeros, se preparan para disfrutar del incomparable talento uno de los mejores y m\u00e1s queridos tenores del mundo, quien presentar\u00e1 lo mejor de su repertorio musical acompa\u00f1ado de invitados especiales como Matteo y Virginia Bocelli, hijos del multipremiado tenor italiano as\u00ed como de la talentosa cantante soprano y actriz mexicana, Susana Zabaleta. Los organizadores anunciaron que por la alta demanda se liberaron nuevos lugares en todas las zonas.<\/span><\/p>\n<p><span lang=\"ES\">Por m\u00e1s de dos horas los asistentes vivir\u00e1n un concierto de clase mundial que combinar\u00e1 las voces de estos grandes artistas en conjunto con la excelsa participaci\u00f3n de la soprano Mar\u00eda Aleida, de la consagrada violinista Carolina Campbel, de la actuaci\u00f3n de los bailarines internacionales Brittany O\u00b4Connor &amp; Paul Barris, as\u00ed como de la Orquesta Sinf\u00f3nica de Yucat\u00e1n, con sus 80 m\u00fasicos.<\/span><\/p>\n<p><span lang=\"ES\">Con una duraci\u00f3n cercana de 3 horas, el tenor italiano iniciar\u00e1 su presentaci\u00f3n a las 20:30 horas, con un primer segmento en los que interpretar\u00e1 grandes \u00e9xitos cl\u00e1sicos, para luego dar paso a canciones m\u00e1s modernas de corte pop, en donde compartir\u00e1 escenario con los artistas invitados.<\/span><\/p>\n<p><span lang=\"ES\">Los organizadores destacaron que el concierto cumple y hasta supera los requerimientos sanitarios de las autoridades y las expectativas de los asistentes. Adem\u00e1s de realizarse en un lugar al aire libre y con un aforo de apenas un 30 por ciento de su capacidad, se motivar\u00e1 la sana distancia, el uso obligatorio del cubrebocas y gracias a que el sem\u00e1foro epidemiol\u00f3gico cambi\u00f3 a verde durante esta semana, no se pedir\u00e1 certificado de vacunaci\u00f3n ni pruebas contra el COVID-19, aunque s\u00ed se realizar\u00e1n pruebas aleatorias en el lugar entre las personas que presenten temperatura de m\u00e1s de 38 grados.<\/span><\/p>\n<p><span lang=\"ES-TRAD\">La empresa Key, l\u00edder a nivel mundial, implementar\u00e1 protocolos de seguridad del m\u00e1s alto nivel mediante un vanguardista sistema de sanitizaci\u00f3n. Asimismo, para\u00a0<\/span><span lang=\"ES\">mayor bienestar de los asistentes habr\u00e1 servicios m\u00e9dicos y ambulancia de presentarse alguna eventualidad.<\/span><\/p>\n<p><span lang=\"ES\">Los organizadores invitaron a vivir toda la experiencia del concierto llegando a partir de las 16:00 horas para disfrutar de una verbena y de las diferentes actividades que se han preparado para esta memorable ocasi\u00f3n, como una cata de vinos de la Bodega Bocelli Family Wines, presentaciones musicales sorpresa y centros de consumo de alimentos y bebidas que estar\u00e1n abiertos hasta la 1 de la ma\u00f1ana.<\/span><\/p>\n<p><span lang=\"ES\">Los asistentes que lleguen con sus veh\u00edculos o abordo de taxis u otro medio de transporte tendr\u00e1n acceso a un estacionamiento privado que se ubicar\u00e1 a pie de carretera. El estacionamiento tendr\u00e1 un costo de 300 pesos por veh\u00edculo y para quienes lleguen en taxi la bah\u00eda de pick up no tendr\u00e1 costo alguno.<\/span><\/p>\n<p><span lang=\"ES\">En ese lugar habr\u00e1 un filtro donde se escanear\u00e1n los boletos, se aplicar\u00e1 gel antibacterial y se tomar\u00e1 la temperatura corporal para luego abordar el shuttle o transporte privado en un recorrido aproximado de 7 minutos hasta el lugar del concierto. El horario m\u00e1ximo de entrada ser\u00e1 a las 19:00 horas y al t\u00e9rmino del concierto, los asistentes ser\u00e1n trasladados por el transporte privado hacia el estacionamiento para abordar sus veh\u00edculos o taxi.<\/span><\/p>\n<p><span lang=\"ES\">El c\u00f3digo de vestir sugerido para varones es ropa casual, con accesorios como lentes, gorra o sombrero as\u00ed como calzado c\u00f3modo como tenis o mocasines. El outfit para las damas es vestido casual de playa y sandalias para disfrutar del concierto en la playa.<\/span><\/p>\n<p><span lang=\"ES\">Finalmente, Music Vibe reiter\u00f3 que continuar\u00e1 esta semana las promociones y de descuentos para los quintanarroenses que compren sus boletos en los puntos de venta f\u00edsicos como son Luxury Avenue y\/o Puerto Canc\u00fan, en Marina Business frente al Restaurante Hiromi. Tambi\u00e9n pueden adquirir sus boletos comprando en l\u00ednea en\u00a0<\/span><span lang=\"ES\"><a href=\"http:\/\/funticket.mx\/\" target=\"_blank\" rel=\"noopener noreferrer\" data-auth=\"NotApplicable\" data-linkindex=\"0\"><span lang=\"ES-TRAD\">funticket.mx<\/span><\/a><\/span><span lang=\"ES-TRAD\">\u00a0con el c\u00f3digo ABQROO o en los tel\u00e9fonos de atenci\u00f3n +52 55 4416 2867 y +52 55 6350 5545.\u00a0<\/span><\/p>\n<p>[\/fusion_text][fusion_imageframe image_id=&#8221;42987|medium&#8221; max_width=&#8221;&#8221; style_type=&#8221;&#8221; blur=&#8221;&#8221; stylecolor=&#8221;&#8221; hover_type=&#8221;none&#8221; bordersize=&#8221;&#8221; bordercolor=&#8221;&#8221; borderradius=&#8221;&#8221; align=&#8221;none&#8221; lightbox=&#8221;no&#8221; gallery_id=&#8221;&#8221; lightbox_image=&#8221;&#8221; lightbox_image_id=&#8221;&#8221; alt=&#8221;&#8221; link=&#8221;&#8221; linktarget=&#8221;_self&#8221; hide_on_mobile=&#8221;small-visibility,medium-visibility,large-visibility&#8221; class=&#8221;&#8221; id=&#8221;&#8221; animation_type=&#8221;&#8221; animation_direction=&#8221;left&#8221; animation_speed=&#8221;0.3&#8243; animation_offset=&#8221;&#8221;]https:\/\/www.bitacoracdmx.com\/wp-content\/uploads\/2022\/02\/descargar-2022-02-21T201902.651-300&#215;300.png[\/fusion_imageframe][\/fusion_builder_column][\/fusion_builder_row][\/fusion_builder_container]<\/p>\n","protected":false},"excerpt":{"rendered":"<p>[fusion_builder_container hundred_percent=&#8221;no&#8221; equal_height_columns=&#8221;no&#8221; menu_anchor=&#8221;&#8221; hide_on_mobile=&#8221;small-visibility,medium-visibility,large-visibility&#8221; class=&#8221;&#8221; id=&#8221;&#8221; background_color=&#8221;&#8221; background_image=&#8221;&#8221; background_position=&#8221;center center&#8221; background_repeat=&#8221;no-repeat&#8221; fade=&#8221;no&#8221; background_parallax=&#8221;none&#8221; parallax_speed=&#8221;0.3&#8243; video_mp4=&#8221;&#8221; video_webm=&#8221;&#8221; video_ogv=&#8221;&#8221; video_url=&#8221;&#8221; video_aspect_ratio=&#8221;16:9&#8243; video_loop=&#8221;yes&#8221; video_mute=&#8221;yes&#8221; overlay_color=&#8221;&#8221; video_preview_image=&#8221;&#8221; border_size=&#8221;&#8221; border_color=&#8221;&#8221; border_style=&#8221;solid&#8221; padding_top=&#8221;&#8221; padding_bottom=&#8221;&#8221; padding_left=&#8221;&#8221; padding_right=&#8221;&#8221;][fusion_builder_row][fusion_builder_column type=&#8221;1_1&#8243; layout=&#8221;1_1&#8243; background_position=&#8221;left top&#8221; background_color=&#8221;&#8221; border_size=&#8221;&#8221; border_color=&#8221;&#8221; border_style=&#8221;solid&#8221; border_position=&#8221;all&#8221; spacing=&#8221;yes&#8221; background_image=&#8221;&#8221; background_repeat=&#8221;no-repeat&#8221; padding_top=&#8221;&#8221; padding_right=&#8221;&#8221; padding_bottom=&#8221;&#8221; padding_left=&#8221;&#8221; margin_top=&#8221;0px&#8221; margin_bottom=&#8221;0px&#8221; class=&#8221;&#8221; id=&#8221;&#8221; animation_type=&#8221;&#8221; animation_speed=&#8221;0.3&#8243; animation_direction=&#8221;left&#8221; hide_on_mobile=&#8221;small-visibility,medium-visibility,large-visibility&#8221; center_content=&#8221;no&#8221; last=&#8221;no&#8221; min_height=&#8221;&#8221; hover_type=&#8221;none&#8221; link=&#8221;&#8221;][fusion_text] REDACCI\u00d3N *Con secciones pr\u00e1cticamente agotadas, los residentes de Quintana Roo quieren ser parte de este hist\u00f3rico recital y han aprovechado el descuento del 25 por ciento en los boletos para asistir este s\u00e1bado 26 de febrero a Playa Maroma Beach [&hellip;]<\/p>\n","protected":false},"author":1,"featured_media":42987,"comment_status":"open","ping_status":"open","sticky":false,"template":"","format":"standard","meta":{"footnotes":""},"categories":[9,11],"tags":[],"_links":{"self":[{"href":"https:\/\/www.bitacoracdmx.com\/index.php?rest_route=\/wp\/v2\/posts\/42986"}],"collection":[{"href":"https:\/\/www.bitacoracdmx.com\/index.php?rest_route=\/wp\/v2\/posts"}],"about":[{"href":"https:\/\/www.bitacoracdmx.com\/index.php?rest_route=\/wp\/v2\/types\/post"}],"author":[{"embeddable":true,"href":"https:\/\/www.bitacoracdmx.com\/index.php?rest_route=\/wp\/v2\/users\/1"}],"replies":[{"embeddable":true,"href":"https:\/\/www.bitacoracdmx.com\/index.php?rest_route=%2Fwp%2Fv2%2Fcomments&post=42986"}],"version-history":[{"count":1,"href":"https:\/\/www.bitacoracdmx.com\/index.php?rest_route=\/wp\/v2\/posts\/42986\/revisions"}],"predecessor-version":[{"id":42988,"href":"https:\/\/www.bitacoracdmx.com\/index.php?rest_route=\/wp\/v2\/posts\/42986\/revisions\/42988"}],"wp:featuredmedia":[{"embeddable":true,"href":"https:\/\/www.bitacoracdmx.com\/index.php?rest_route=\/wp\/v2\/media\/42987"}],"wp:attachment":[{"href":"https:\/\/www.bitacoracdmx.com\/index.php?rest_route=%2Fwp%2Fv2%2Fmedia&parent=42986"}],"wp:term":[{"taxonomy":"category","embeddable":true,"href":"https:\/\/www.bitacoracdmx.com\/index.php?rest_route=%2Fwp%2Fv2%2Fcategories&post=42986"},{"taxonomy":"post_tag","embeddable":true,"href":"https:\/\/www.bitacoracdmx.com\/index.php?rest_route=%2Fwp%2Fv2%2Ftags&post=42986"}],"curies":[{"name":"wp","href":"https:\/\/api.w.org\/{rel}","templated":true}]}}