{"id":42992,"date":"2022-02-22T02:32:55","date_gmt":"2022-02-22T02:32:55","guid":{"rendered":"https:\/\/www.bitacoracdmx.com\/?p=42992"},"modified":"2022-02-22T02:32:55","modified_gmt":"2022-02-22T02:32:55","slug":"el-cuarteto-de-nos-sorprende-con-el-estreno-de-la-ciudad-sin-alma","status":"publish","type":"post","link":"https:\/\/www.bitacoracdmx.com\/?p=42992","title":{"rendered":"El Cuarteto De Nos sorprende con el estreno de \u201cLa Ciudad Sin Alma\u201d"},"content":{"rendered":"<p>[fusion_builder_container hundred_percent=&#8221;no&#8221; equal_height_columns=&#8221;no&#8221; menu_anchor=&#8221;&#8221; hide_on_mobile=&#8221;small-visibility,medium-visibility,large-visibility&#8221; class=&#8221;&#8221; id=&#8221;&#8221; background_color=&#8221;&#8221; background_image=&#8221;&#8221; background_position=&#8221;center center&#8221; background_repeat=&#8221;no-repeat&#8221; fade=&#8221;no&#8221; background_parallax=&#8221;none&#8221; parallax_speed=&#8221;0.3&#8243; video_mp4=&#8221;&#8221; video_webm=&#8221;&#8221; video_ogv=&#8221;&#8221; video_url=&#8221;&#8221; video_aspect_ratio=&#8221;16:9&#8243; video_loop=&#8221;yes&#8221; video_mute=&#8221;yes&#8221; overlay_color=&#8221;&#8221; video_preview_image=&#8221;&#8221; border_size=&#8221;&#8221; border_color=&#8221;&#8221; border_style=&#8221;solid&#8221; padding_top=&#8221;&#8221; padding_bottom=&#8221;&#8221; padding_left=&#8221;&#8221; padding_right=&#8221;&#8221;][fusion_builder_row][fusion_builder_column type=&#8221;1_1&#8243; layout=&#8221;1_1&#8243; background_position=&#8221;left top&#8221; background_color=&#8221;&#8221; border_size=&#8221;&#8221; border_color=&#8221;&#8221; border_style=&#8221;solid&#8221; border_position=&#8221;all&#8221; spacing=&#8221;yes&#8221; background_image=&#8221;&#8221; background_repeat=&#8221;no-repeat&#8221; padding_top=&#8221;&#8221; padding_right=&#8221;&#8221; padding_bottom=&#8221;&#8221; padding_left=&#8221;&#8221; margin_top=&#8221;0px&#8221; margin_bottom=&#8221;0px&#8221; class=&#8221;&#8221; id=&#8221;&#8221; animation_type=&#8221;&#8221; animation_speed=&#8221;0.3&#8243; animation_direction=&#8221;left&#8221; hide_on_mobile=&#8221;small-visibility,medium-visibility,large-visibility&#8221; center_content=&#8221;no&#8221; last=&#8221;no&#8221; min_height=&#8221;&#8221; hover_type=&#8221;none&#8221; link=&#8221;&#8221;][fusion_text]<\/p>\n<p>REDACCI\u00d3N<\/p>\n<p>Los muros de una c\u00e1rcel abandonada de Montevideo (ahora transformada en espacio cultural) \u00a0fueron el magn\u00edfico set de citadino para el estreno sorpresa del\u00a0<strong>nuevo tema de Cuarteto de Nos:\u00a0 \u201cLa Ciudad Sin Alma\u201d.<\/strong><br aria-hidden=\"true\" \/><br aria-hidden=\"true\" \/>Esta canci\u00f3n refleja el momento ca\u00f3tico y de incertidumbre en el que vivimos, pero tambi\u00e9n sugiere que\u00a0<strong>algo nuevo siempre puede renacer<\/strong>. En su letra, se encuentran conceptos como \u201cinfierno zen&#8221; y \u00a0\u201cbienestar violento\u201d, que disparan im\u00e1genes de nuestra propia cotidianidad. La b\u00fasqueda de amor en \u201ccasas abandonadas o las cenas recalentadas\u201d.<br aria-hidden=\"true\" \/><br aria-hidden=\"true\" \/>Una mirada sobre nosotros, sobre las ciudades, sobre qui\u00e9nes le aportan alma o se la quitan.\u00a0<br aria-hidden=\"true\" \/><br aria-hidden=\"true\" \/><strong>\u201cLa Ciudad Sin Alma\u201d es el segundo adelanto del que ser\u00e1 el pr\u00f3ximo disco de El Cuarteto de Nos.<\/strong>\u00a0Este single se distingue tambi\u00e9n por su beat lento, con armon\u00eda nost\u00e1lgica, que desemboca en un estribillo despojado y mel\u00f3dico, y donde casi sobre el final sorprende con un cambio musical m\u00e1s estridente, como suerte de met\u00e1fora sobre el derrumbe y la decadencia de estas metr\u00f3polis desalmadas.<br aria-hidden=\"true\" \/><br aria-hidden=\"true\" \/>El lanzamiento se realiz\u00f3 en el marco de\u00a0<strong>un conversatorio entre los integrantes de El Cuarteto de Nos y el reconocido artista visual y pensador uruguayo Alfredo Ghierra,<\/strong>\u00a0donde hicieron hincapi\u00e9 en las ciudades y sus universos en el EAC en Montevideo (Espacio de Arte Contempor\u00e1neo). Cien asistentes pudieron disfrutar del evento de manera presencial, al tiempo que miles de personas se conectaron desde distintas partes del mundo por el\u00a0<a href=\"https:\/\/www.youtube.com\/channel\/UCHIalb8oZehqMPum16ImmGQ?sub_confirmation=1\" target=\"_blank\" rel=\"noopener noreferrer\" data-auth=\"NotApplicable\" data-linkindex=\"4\">canal oficial de Youtube del Cuarteto de Nos<\/a>.<br aria-hidden=\"true\" \/><br aria-hidden=\"true\" \/><strong>El cierre esperado fue el estreno de de la canci\u00f3n y su videoclip,<\/strong>\u00a0dirigido por Nacho Benedetti &amp; Pedro Carzoglio.<br aria-hidden=\"true\" \/><br aria-hidden=\"true\" \/>Un gui\u00f1o atractivo de este video es su v\u00ednculo\u00a0con el anterior (&#8220;Fiesta en lo del Dr. Hermes&#8221;), marcado tanto por las \u201ccajas grises\u201d devenidas en apartamentos, como por la presencia de \u201clos otros\u201d o \u201cnosotros\u201d, reflejados en quienes aparecen detr\u00e1s de los vidrios, siendo espectadores y a la vez part\u00edcipes de La Ciudad Sin Alma.<br aria-hidden=\"true\" \/><br aria-hidden=\"true\" \/>Hasta el momento, el Cuarteto ha presentado dos videos opuestos en su planteo visual: el primero, s\u00faper cinematogr\u00e1fico, con actuaciones de los integrantes de la banda y con una est\u00e9tica a lo Wes Anderson; mientras en el segundo se presenta una ciudad virtual, donde ellos est\u00e1n recortados cual avatars de una forma artesanal, en una ciudad ilustrada a mano y que evoca al escombro. \u00bfUna ciudad con o sin alma?<br aria-hidden=\"true\" \/><\/p>\n<p>[\/fusion_text][fusion_imageframe image_id=&#8221;42993|medium&#8221; max_width=&#8221;&#8221; style_type=&#8221;&#8221; blur=&#8221;&#8221; stylecolor=&#8221;&#8221; hover_type=&#8221;none&#8221; bordersize=&#8221;&#8221; bordercolor=&#8221;&#8221; borderradius=&#8221;&#8221; align=&#8221;none&#8221; lightbox=&#8221;no&#8221; gallery_id=&#8221;&#8221; lightbox_image=&#8221;&#8221; lightbox_image_id=&#8221;&#8221; alt=&#8221;&#8221; link=&#8221;&#8221; linktarget=&#8221;_self&#8221; hide_on_mobile=&#8221;small-visibility,medium-visibility,large-visibility&#8221; class=&#8221;&#8221; id=&#8221;&#8221; animation_type=&#8221;&#8221; animation_direction=&#8221;left&#8221; animation_speed=&#8221;0.3&#8243; animation_offset=&#8221;&#8221;]https:\/\/www.bitacoracdmx.com\/wp-content\/uploads\/2022\/02\/531e0643-a11c-e2fb-548c-a8957af35503-300&#215;169.jpg[\/fusion_imageframe][\/fusion_builder_column][\/fusion_builder_row][\/fusion_builder_container]<\/p>\n","protected":false},"excerpt":{"rendered":"<p>[fusion_builder_container hundred_percent=&#8221;no&#8221; equal_height_columns=&#8221;no&#8221; menu_anchor=&#8221;&#8221; hide_on_mobile=&#8221;small-visibility,medium-visibility,large-visibility&#8221; class=&#8221;&#8221; id=&#8221;&#8221; background_color=&#8221;&#8221; background_image=&#8221;&#8221; background_position=&#8221;center center&#8221; background_repeat=&#8221;no-repeat&#8221; fade=&#8221;no&#8221; background_parallax=&#8221;none&#8221; parallax_speed=&#8221;0.3&#8243; video_mp4=&#8221;&#8221; video_webm=&#8221;&#8221; video_ogv=&#8221;&#8221; video_url=&#8221;&#8221; video_aspect_ratio=&#8221;16:9&#8243; video_loop=&#8221;yes&#8221; video_mute=&#8221;yes&#8221; overlay_color=&#8221;&#8221; video_preview_image=&#8221;&#8221; border_size=&#8221;&#8221; border_color=&#8221;&#8221; border_style=&#8221;solid&#8221; padding_top=&#8221;&#8221; padding_bottom=&#8221;&#8221; padding_left=&#8221;&#8221; padding_right=&#8221;&#8221;][fusion_builder_row][fusion_builder_column type=&#8221;1_1&#8243; layout=&#8221;1_1&#8243; background_position=&#8221;left top&#8221; background_color=&#8221;&#8221; border_size=&#8221;&#8221; border_color=&#8221;&#8221; border_style=&#8221;solid&#8221; border_position=&#8221;all&#8221; spacing=&#8221;yes&#8221; background_image=&#8221;&#8221; background_repeat=&#8221;no-repeat&#8221; padding_top=&#8221;&#8221; padding_right=&#8221;&#8221; padding_bottom=&#8221;&#8221; padding_left=&#8221;&#8221; margin_top=&#8221;0px&#8221; margin_bottom=&#8221;0px&#8221; class=&#8221;&#8221; id=&#8221;&#8221; animation_type=&#8221;&#8221; animation_speed=&#8221;0.3&#8243; animation_direction=&#8221;left&#8221; hide_on_mobile=&#8221;small-visibility,medium-visibility,large-visibility&#8221; center_content=&#8221;no&#8221; last=&#8221;no&#8221; min_height=&#8221;&#8221; hover_type=&#8221;none&#8221; link=&#8221;&#8221;][fusion_text] REDACCI\u00d3N Los muros de una c\u00e1rcel abandonada de Montevideo (ahora transformada en espacio cultural) \u00a0fueron el magn\u00edfico set de citadino para el estreno sorpresa del\u00a0nuevo tema de Cuarteto de Nos:\u00a0 \u201cLa Ciudad Sin Alma\u201d.Esta canci\u00f3n refleja el momento ca\u00f3tico y [&hellip;]<\/p>\n","protected":false},"author":1,"featured_media":42993,"comment_status":"open","ping_status":"open","sticky":false,"template":"","format":"standard","meta":{"footnotes":""},"categories":[9,11],"tags":[],"_links":{"self":[{"href":"https:\/\/www.bitacoracdmx.com\/index.php?rest_route=\/wp\/v2\/posts\/42992"}],"collection":[{"href":"https:\/\/www.bitacoracdmx.com\/index.php?rest_route=\/wp\/v2\/posts"}],"about":[{"href":"https:\/\/www.bitacoracdmx.com\/index.php?rest_route=\/wp\/v2\/types\/post"}],"author":[{"embeddable":true,"href":"https:\/\/www.bitacoracdmx.com\/index.php?rest_route=\/wp\/v2\/users\/1"}],"replies":[{"embeddable":true,"href":"https:\/\/www.bitacoracdmx.com\/index.php?rest_route=%2Fwp%2Fv2%2Fcomments&post=42992"}],"version-history":[{"count":1,"href":"https:\/\/www.bitacoracdmx.com\/index.php?rest_route=\/wp\/v2\/posts\/42992\/revisions"}],"predecessor-version":[{"id":42994,"href":"https:\/\/www.bitacoracdmx.com\/index.php?rest_route=\/wp\/v2\/posts\/42992\/revisions\/42994"}],"wp:featuredmedia":[{"embeddable":true,"href":"https:\/\/www.bitacoracdmx.com\/index.php?rest_route=\/wp\/v2\/media\/42993"}],"wp:attachment":[{"href":"https:\/\/www.bitacoracdmx.com\/index.php?rest_route=%2Fwp%2Fv2%2Fmedia&parent=42992"}],"wp:term":[{"taxonomy":"category","embeddable":true,"href":"https:\/\/www.bitacoracdmx.com\/index.php?rest_route=%2Fwp%2Fv2%2Fcategories&post=42992"},{"taxonomy":"post_tag","embeddable":true,"href":"https:\/\/www.bitacoracdmx.com\/index.php?rest_route=%2Fwp%2Fv2%2Ftags&post=42992"}],"curies":[{"name":"wp","href":"https:\/\/api.w.org\/{rel}","templated":true}]}}