{"id":42999,"date":"2022-02-23T04:09:39","date_gmt":"2022-02-23T04:09:39","guid":{"rendered":"https:\/\/www.bitacoracdmx.com\/?p=42999"},"modified":"2022-02-23T04:18:20","modified_gmt":"2022-02-23T04:18:20","slug":"mujeres-del-viento-florido-y-alejandra-robles-la-morena-unen-su-musica-por-las-que-nunca-tendran-voz","status":"publish","type":"post","link":"https:\/\/www.bitacoracdmx.com\/?p=42999","title":{"rendered":"\u201cMujeres del Viento Florido\u201d y Alejandra Robles \u201cLa Morena\u201d unen su m\u00fasica Por las que nunca tendr\u00e1n voz."},"content":{"rendered":"<p>[fusion_builder_container hundred_percent=&#8221;no&#8221; equal_height_columns=&#8221;no&#8221; menu_anchor=&#8221;&#8221; hide_on_mobile=&#8221;small-visibility,medium-visibility,large-visibility&#8221; class=&#8221;&#8221; id=&#8221;&#8221; background_color=&#8221;&#8221; background_image=&#8221;&#8221; background_position=&#8221;center center&#8221; background_repeat=&#8221;no-repeat&#8221; fade=&#8221;no&#8221; background_parallax=&#8221;none&#8221; parallax_speed=&#8221;0.3&#8243; video_mp4=&#8221;&#8221; video_webm=&#8221;&#8221; video_ogv=&#8221;&#8221; video_url=&#8221;&#8221; video_aspect_ratio=&#8221;16:9&#8243; video_loop=&#8221;yes&#8221; video_mute=&#8221;yes&#8221; overlay_color=&#8221;&#8221; video_preview_image=&#8221;&#8221; border_size=&#8221;&#8221; border_color=&#8221;&#8221; border_style=&#8221;solid&#8221; padding_top=&#8221;&#8221; padding_bottom=&#8221;&#8221; padding_left=&#8221;&#8221; padding_right=&#8221;&#8221;][fusion_builder_row][fusion_builder_column type=&#8221;1_1&#8243; layout=&#8221;1_1&#8243; background_position=&#8221;left top&#8221; background_color=&#8221;&#8221; border_size=&#8221;&#8221; border_color=&#8221;&#8221; border_style=&#8221;solid&#8221; border_position=&#8221;all&#8221; spacing=&#8221;yes&#8221; background_image=&#8221;&#8221; background_repeat=&#8221;no-repeat&#8221; padding_top=&#8221;&#8221; padding_right=&#8221;&#8221; padding_bottom=&#8221;&#8221; padding_left=&#8221;&#8221; margin_top=&#8221;0px&#8221; margin_bottom=&#8221;0px&#8221; class=&#8221;&#8221; id=&#8221;&#8221; animation_type=&#8221;&#8221; animation_speed=&#8221;0.3&#8243; animation_direction=&#8221;left&#8221; hide_on_mobile=&#8221;small-visibility,medium-visibility,large-visibility&#8221; center_content=&#8221;no&#8221; last=&#8221;no&#8221; min_height=&#8221;&#8221; hover_type=&#8221;none&#8221; link=&#8221;&#8221;][fusion_text]<\/p>\n<p>REDACCI\u00d3N<\/p>\n<p>\u00b7 <b>La propuesta ofrecer\u00e1 una \u00fanica presentaci\u00f3n, en el Teatro de la Ciudad Esperanza Iris, el pr\u00f3ximo s\u00e1bado 5 de marzo<\/b><\/p>\n<p class=\"x_MsoNormal\">Bajo la direcci\u00f3n musical de Leticia Gallardo, la Orquesta Femenil Regional \u201cMujeres del Viento Florido\u201d y la cantante Alejandra Robles \u201cLa Morena\u201d, ofrecer\u00e1n un concierto especial titulado\u00a0<b><i>Por las que nunca tendr\u00e1n voz<\/i><\/b>, el pr\u00f3ximo\u00a0s\u00e1bado 5 de marzo en el\u00a0<b>Teatro de la Ciudad Esperanza Iris de la Direcci\u00f3n del Sistema de Teatros de la Secretar\u00eda de Cultura de la Ciudad de M\u00e9xico<\/b>.<\/p>\n<p class=\"x_MsoNormal\">Dicho concierto es parte del ciclo\u00a0<b>Nosotras Somos Memoria<\/b>, y se trata de un recital\u00a0con sabor a Oaxaca, \u201cdedicado especialmente a aquellas mujeres que murieron en la lucha por la igualdad, pero tambi\u00e9n por las mujeres ind\u00edgenas que por sus usos, costumbres y tradiciones nunca tendr\u00e1n voz\u201d, dice la directora musical Leticia Gallardo.<\/p>\n<p class=\"x_MsoNormal\">Esta ser\u00e1 la primera vez que en la capital del pa\u00eds compartan el escenario la popular banda femenil y la cantante Alejandra Robles, una mujer de origen afrodescendiente que ha dado voz a muchas mujeres silenciadas. La idea es, y juntas, hacer una fiesta para cantar y bailar, pero tambi\u00e9n recordar que \u201cya no estamos todas\u201d.<\/p>\n<p class=\"x_MsoNormal\">Con la direcci\u00f3n esc\u00e9nica de Aline de la Cruz, cuarenta ni\u00f1as y j\u00f3venes mixes har\u00e1n cantar sus saxofones, clarinetes, flautas, trombones y percusiones al ritmo de los sones oaxaque\u00f1os m\u00e1s reconocidos, acompa\u00f1ando la voz de \u201cLa Morena\u201d, quien har\u00e1 gala de su origen de la Costa Chica y de su formaci\u00f3n acad\u00e9mica en Europa.<\/p>\n<p class=\"x_MsoNormal\">El concierto\u00a0<b><i>Por las que nunca tendr\u00e1n voz\u00a0<\/i><\/b>incluir\u00e1 canciones populares como\u00a0<i>Flor de pi\u00f1a<\/i>,\u00a0<i>Mujeres del viento florido<\/i>,\u00a0<i>El feo<\/i>,\u00a0<i>Alingo lingo<\/i>,\u00a0<i>La bruja,<\/i>\u00a0<i>Naila<\/i>\u00a0y, por supuesto,\u00a0<i>La Llorona<\/i>\u00a0y\u00a0<i>Dios nunca muere<\/i>, entre otras piezas musicales que traer\u00e1n la Guelaguetza y la esencia de las tradiciones culturales oaxaque\u00f1as hasta el coraz\u00f3n de la Ciudad de M\u00e9xico.<\/p>\n<p class=\"x_MsoNormal\">La\u00a0Orquesta Femenil Regional \u201cMujeres del Viento Florido\u201d<b>\u00a0<\/b>se form\u00f3 en\u00a02006 por la inquietud de estudiantes del Centro de Capacitaci\u00f3n Musical y Desarrollo de la Cultura Mixe (CECAM), de Santa Mar\u00eda Tlahuitoltepec, Sierra Mixe de Oaxaca, de crear un conjunto municipal que trascendiera en un \u00e1mbito que era exclusivo de los hombres.<\/p>\n<p class=\"x_MsoNormal\">Leticia Gallardo Mart\u00ednez, originaria de Santa Mar\u00eda Tlahuitoltepec e integrante original del grupo, se convirti\u00f3 en maestra y directora de la banda en 2009. En la actualidad la agrupaci\u00f3n re\u00fane a ni\u00f1as y j\u00f3venes de diferentes edades, y su singularidad es haber creado un sonido muy caracter\u00edstico a partir de la mezcla de instrumentos de viento como flautas, clarinetes, trompetas, saxofones, trombones y tubas, adem\u00e1s de percusiones.<\/p>\n<p class=\"x_MsoNormal\">A la fecha, la agrupaci\u00f3n se ha presentado en m\u00faltiples eventos musicales en comunidades de todo Oaxaca, as\u00ed como en ciudades de Puebla, Morelos y la capital del pa\u00eds, entre otras entidades, y acompa\u00f1ado a diferentes cantantes de nivel internacional como Mon Laferte y Lila Downs. Tiene en su haber dos grabaciones:\u00a0<i>Mujeres y Viento florido: homenaje a compositores tradicionales oaxaque\u00f1os<\/i>.<\/p>\n<p class=\"x_MsoNormal\">A lo largo de su historia ha recibido desde j\u00f3venes de 12 a\u00f1os hasta mujeres de 45; desde estudiantes, hasta madres de familia. Y no solo se dedican a los instrumentos, pues muchas de ellas componen y hasta dirigen la banda. Y es que, para ellas, &#8220;el arte sonoro es nuestra esencia&#8221;, asegura Gallardo.<\/p>\n<p class=\"x_MsoNormal\">Y expresa: \u201cNuestra intenci\u00f3n es que la m\u00fasica se mantenga viva, a la par de nuestro idioma ay\u00fc\u00fck y nuestra vestimenta\u201d, aunque entre sus principales logros est\u00e1 el haber logrado \u201cnivelar las condiciones entre los g\u00e9neros, demostr\u00e1ndole a todas las mujeres que ellas tambi\u00e9n tienen derecho a hacer m\u00fasica\u201d.<\/p>\n<p class=\"x_MsoNormal\">Originaria de Oaxaca, Alejandra Robles \u201cLa Morena\u201d es una prol\u00edfica cantante y bailarina. Orgullosa de sus ra\u00edces afro-mexicanas se ha adentrado en los sonidos de su tierra. A los 15 a\u00f1os inici\u00f3 sus estudios de Canto y Danza Contempor\u00e1nea en la Escuela de Bellas Artes de Oaxaca. En 2000, viaj\u00f3 a Francia y asisti\u00f3 al Conservatorio de M\u00fasica de Par\u00eds y se gradu\u00f3 como cantante de \u00d3pera en la Escuela de M\u00fasica de la Universidad Veracruzana. Cuenta con dos discos:\u00a0<i>La Malague\u00f1a\u00a0<\/i>(2005) y\u00a0<i>La Morena<\/i>\u00a0(2008), as\u00ed como ha participado en diversas compilaciones y ha realizado m\u00faltiples colaboraciones art\u00edsticas.<\/p>\n<p class=\"x_MsoNormal\">La propuesta musical se presenta en el marco de la primera edici\u00f3n del ciclo\u00a0<b>Nosotras somos memoria<\/b>, el cual subraya la lucha hist\u00f3rica de las mujeres y el reconocimiento de sus derechos como la libre expresi\u00f3n, equidad, justicia social y libertad.<\/p>\n<p class=\"x_MsoNormal\"><b><i>Por las que nunca tendr\u00e1n voz<\/i><\/b>, concierto a cargo de la\u00a0<b>Orquesta Femenil Regional<\/b>\u00a0<b>\u201cMujeres del Viento Florido\u201d y Alejandra Robles \u201cLa Morena\u201d<\/b>, se llevar\u00e1 a cabo el pr\u00f3ximo\u00a0<b>s\u00e1bado 5 de marzo<\/b>\u00a0a las\u00a0<b>19:00 horas<\/b>\u00a0en el\u00a0<b>Teatro de la Ciudad Esperanza Iris<\/b>\u00a0(Donceles 36, Centro Hist\u00f3rico, Metro Allende), con las\u00a0disposiciones del sem\u00e1foro epidemiol\u00f3gico vigente: cupo limitado al 75 por ciento de la capacidad del recinto y uso permanente de cubre-bocas, gel anti-bacterial y registro de c\u00f3digo QR por parte tanto del personal del teatro como de los espectadores.<\/p>\n<p class=\"x_MsoNormal\"><b>Admisi\u00f3n<\/b>: Luneta y Primer Piso Central, $450; Primer Piso Lateral, $400; Anfiteatro, $300, y Galer\u00eda, $200.\u00a0Los boletos se pueden adquirir en la taquilla del teatro y en\u00a0las plataformas digitales de Ticketmaster.<\/p>\n<p class=\"x_MsoNormal\">Para conocer la programaci\u00f3n de la\u00a0<b>Direcci\u00f3n del Sistema de Teatros de la Ciudad de M\u00e9xico<\/b>\u00a0visite las\u00a0redes sociales: Facebook @TeatrosCdMexico, Twitter @TeatrosCdMexico e Instagram @teatroscdmexico.<\/p>\n<p class=\"x_MsoNormal\">\u00a0Siga a la\u00a0<strong>Secretar\u00eda de Cultura de la Ciudad de M\u00e9xico<\/strong>\u00a0a trav\u00e9s de su p\u00e1gina oficial (<span lang=\"EN-US\"><a href=\"https:\/\/cultura.cdmx.gob.mx\/\" target=\"_blank\" rel=\"noopener noreferrer\" data-auth=\"NotApplicable\" data-linkindex=\"0\"><span lang=\"ES-MX\">https:\/\/cultura.cdmx.gob.mx\/<\/span><\/a><\/span>), sus redes sociales (<span lang=\"EN-US\"><a href=\"https:\/\/www.facebook.com\/Cultura.Ciudad.de.Mexico\" target=\"_blank\" rel=\"noopener noreferrer\" data-auth=\"NotApplicable\" data-linkindex=\"1\"><span lang=\"ES-MX\">Facebook<\/span><\/a><\/span>,\u00a0<span lang=\"EN-US\"><a href=\"https:\/\/twitter.com\/CulturaCiudadMx\" target=\"_blank\" rel=\"noopener noreferrer\" data-auth=\"NotApplicable\" data-linkindex=\"2\"><span lang=\"ES-MX\">Twitter<\/span><\/a><\/span>,\u00a0<span lang=\"EN-US\"><a href=\"https:\/\/www.instagram.com\/culturaciudadmx\/?hl=es-la\" target=\"_blank\" rel=\"noopener noreferrer\" data-auth=\"NotApplicable\" data-linkindex=\"3\"><span lang=\"ES-MX\">Instagram<\/span><\/a><\/span>\u00a0y\u00a0<span lang=\"EN-US\"><a href=\"https:\/\/www.youtube.com\/user\/culturamadf\" target=\"_blank\" rel=\"noopener noreferrer\" data-auth=\"NotApplicable\" data-linkindex=\"4\"><span lang=\"ES-MX\">YouTube<\/span><\/a><\/span>) y en la plataforma digital\u00a0<span lang=\"EN-US\"><a href=\"http:\/\/www.capitalculturalennuestracasa.cdmx.gob.mx\/\" target=\"_blank\" rel=\"noopener noreferrer\" data-auth=\"NotApplicable\" data-linkindex=\"5\"><i><span lang=\"ES-MX\">Capital Cultural en Nuestra Casa<\/span><\/i><\/a><\/span>.<\/p>\n<p>[\/fusion_text][fusion_imageframe image_id=&#8221;43000|medium&#8221; max_width=&#8221;&#8221; style_type=&#8221;&#8221; blur=&#8221;&#8221; stylecolor=&#8221;&#8221; hover_type=&#8221;none&#8221; bordersize=&#8221;&#8221; bordercolor=&#8221;&#8221; borderradius=&#8221;&#8221; align=&#8221;none&#8221; lightbox=&#8221;no&#8221; gallery_id=&#8221;&#8221; lightbox_image=&#8221;&#8221; lightbox_image_id=&#8221;&#8221; alt=&#8221;&#8221; link=&#8221;&#8221; linktarget=&#8221;_self&#8221; hide_on_mobile=&#8221;small-visibility,medium-visibility,large-visibility&#8221; class=&#8221;&#8221; id=&#8221;&#8221; animation_type=&#8221;&#8221; animation_direction=&#8221;left&#8221; animation_speed=&#8221;0.3&#8243; animation_offset=&#8221;&#8221;]https:\/\/www.bitacoracdmx.com\/wp-content\/uploads\/2022\/02\/descargar-2022-02-22T220310.310-216&#215;300.png[\/fusion_imageframe][\/fusion_builder_column][\/fusion_builder_row][\/fusion_builder_container]<\/p>\n","protected":false},"excerpt":{"rendered":"<p>[fusion_builder_container hundred_percent=&#8221;no&#8221; equal_height_columns=&#8221;no&#8221; menu_anchor=&#8221;&#8221; hide_on_mobile=&#8221;small-visibility,medium-visibility,large-visibility&#8221; class=&#8221;&#8221; id=&#8221;&#8221; background_color=&#8221;&#8221; background_image=&#8221;&#8221; background_position=&#8221;center center&#8221; background_repeat=&#8221;no-repeat&#8221; fade=&#8221;no&#8221; background_parallax=&#8221;none&#8221; parallax_speed=&#8221;0.3&#8243; video_mp4=&#8221;&#8221; video_webm=&#8221;&#8221; video_ogv=&#8221;&#8221; video_url=&#8221;&#8221; video_aspect_ratio=&#8221;16:9&#8243; video_loop=&#8221;yes&#8221; video_mute=&#8221;yes&#8221; overlay_color=&#8221;&#8221; video_preview_image=&#8221;&#8221; border_size=&#8221;&#8221; border_color=&#8221;&#8221; border_style=&#8221;solid&#8221; padding_top=&#8221;&#8221; padding_bottom=&#8221;&#8221; padding_left=&#8221;&#8221; padding_right=&#8221;&#8221;][fusion_builder_row][fusion_builder_column type=&#8221;1_1&#8243; layout=&#8221;1_1&#8243; background_position=&#8221;left top&#8221; background_color=&#8221;&#8221; border_size=&#8221;&#8221; border_color=&#8221;&#8221; border_style=&#8221;solid&#8221; border_position=&#8221;all&#8221; spacing=&#8221;yes&#8221; background_image=&#8221;&#8221; background_repeat=&#8221;no-repeat&#8221; padding_top=&#8221;&#8221; padding_right=&#8221;&#8221; padding_bottom=&#8221;&#8221; padding_left=&#8221;&#8221; margin_top=&#8221;0px&#8221; margin_bottom=&#8221;0px&#8221; class=&#8221;&#8221; id=&#8221;&#8221; animation_type=&#8221;&#8221; animation_speed=&#8221;0.3&#8243; animation_direction=&#8221;left&#8221; hide_on_mobile=&#8221;small-visibility,medium-visibility,large-visibility&#8221; center_content=&#8221;no&#8221; last=&#8221;no&#8221; min_height=&#8221;&#8221; hover_type=&#8221;none&#8221; link=&#8221;&#8221;][fusion_text] REDACCI\u00d3N \u00b7 La propuesta ofrecer\u00e1 una \u00fanica presentaci\u00f3n, en el Teatro de la Ciudad Esperanza Iris, el pr\u00f3ximo s\u00e1bado 5 de marzo Bajo la direcci\u00f3n musical de Leticia Gallardo, la Orquesta Femenil Regional \u201cMujeres del Viento Florido\u201d y la cantante [&hellip;]<\/p>\n","protected":false},"author":1,"featured_media":43000,"comment_status":"open","ping_status":"open","sticky":false,"template":"","format":"standard","meta":{"footnotes":""},"categories":[9,11],"tags":[],"_links":{"self":[{"href":"https:\/\/www.bitacoracdmx.com\/index.php?rest_route=\/wp\/v2\/posts\/42999"}],"collection":[{"href":"https:\/\/www.bitacoracdmx.com\/index.php?rest_route=\/wp\/v2\/posts"}],"about":[{"href":"https:\/\/www.bitacoracdmx.com\/index.php?rest_route=\/wp\/v2\/types\/post"}],"author":[{"embeddable":true,"href":"https:\/\/www.bitacoracdmx.com\/index.php?rest_route=\/wp\/v2\/users\/1"}],"replies":[{"embeddable":true,"href":"https:\/\/www.bitacoracdmx.com\/index.php?rest_route=%2Fwp%2Fv2%2Fcomments&post=42999"}],"version-history":[{"count":1,"href":"https:\/\/www.bitacoracdmx.com\/index.php?rest_route=\/wp\/v2\/posts\/42999\/revisions"}],"predecessor-version":[{"id":43001,"href":"https:\/\/www.bitacoracdmx.com\/index.php?rest_route=\/wp\/v2\/posts\/42999\/revisions\/43001"}],"wp:featuredmedia":[{"embeddable":true,"href":"https:\/\/www.bitacoracdmx.com\/index.php?rest_route=\/wp\/v2\/media\/43000"}],"wp:attachment":[{"href":"https:\/\/www.bitacoracdmx.com\/index.php?rest_route=%2Fwp%2Fv2%2Fmedia&parent=42999"}],"wp:term":[{"taxonomy":"category","embeddable":true,"href":"https:\/\/www.bitacoracdmx.com\/index.php?rest_route=%2Fwp%2Fv2%2Fcategories&post=42999"},{"taxonomy":"post_tag","embeddable":true,"href":"https:\/\/www.bitacoracdmx.com\/index.php?rest_route=%2Fwp%2Fv2%2Ftags&post=42999"}],"curies":[{"name":"wp","href":"https:\/\/api.w.org\/{rel}","templated":true}]}}