{"id":43008,"date":"2022-02-24T03:59:34","date_gmt":"2022-02-24T03:59:34","guid":{"rendered":"https:\/\/www.bitacoracdmx.com\/?p=43008"},"modified":"2022-02-24T03:59:34","modified_gmt":"2022-02-24T03:59:34","slug":"el-sendebar-la-cruzada-de-una-femina-ilustrada-llega-al-palacio-de-cultura-de-tlaxcala","status":"publish","type":"post","link":"https:\/\/www.bitacoracdmx.com\/?p=43008","title":{"rendered":"El Sendebar: La cruzada de una f\u00e9mina ilustrada llega al Palacio de Cultura de Tlaxcala"},"content":{"rendered":"<p>[fusion_builder_container hundred_percent=&#8221;no&#8221; equal_height_columns=&#8221;no&#8221; menu_anchor=&#8221;&#8221; hide_on_mobile=&#8221;small-visibility,medium-visibility,large-visibility&#8221; class=&#8221;&#8221; id=&#8221;&#8221; background_color=&#8221;&#8221; background_image=&#8221;&#8221; background_position=&#8221;center center&#8221; background_repeat=&#8221;no-repeat&#8221; fade=&#8221;no&#8221; background_parallax=&#8221;none&#8221; parallax_speed=&#8221;0.3&#8243; video_mp4=&#8221;&#8221; video_webm=&#8221;&#8221; video_ogv=&#8221;&#8221; video_url=&#8221;&#8221; video_aspect_ratio=&#8221;16:9&#8243; video_loop=&#8221;yes&#8221; video_mute=&#8221;yes&#8221; overlay_color=&#8221;&#8221; video_preview_image=&#8221;&#8221; border_size=&#8221;&#8221; border_color=&#8221;&#8221; border_style=&#8221;solid&#8221; padding_top=&#8221;&#8221; padding_bottom=&#8221;&#8221; padding_left=&#8221;&#8221; padding_right=&#8221;&#8221;][fusion_builder_row][fusion_builder_column type=&#8221;1_1&#8243; layout=&#8221;1_1&#8243; background_position=&#8221;left top&#8221; background_color=&#8221;&#8221; border_size=&#8221;&#8221; border_color=&#8221;&#8221; border_style=&#8221;solid&#8221; border_position=&#8221;all&#8221; spacing=&#8221;yes&#8221; background_image=&#8221;&#8221; background_repeat=&#8221;no-repeat&#8221; padding_top=&#8221;&#8221; padding_right=&#8221;&#8221; padding_bottom=&#8221;&#8221; padding_left=&#8221;&#8221; margin_top=&#8221;0px&#8221; margin_bottom=&#8221;0px&#8221; class=&#8221;&#8221; id=&#8221;&#8221; animation_type=&#8221;&#8221; animation_speed=&#8221;0.3&#8243; animation_direction=&#8221;left&#8221; hide_on_mobile=&#8221;small-visibility,medium-visibility,large-visibility&#8221; center_content=&#8221;no&#8221; last=&#8221;no&#8221; min_height=&#8221;&#8221; hover_type=&#8221;none&#8221; link=&#8221;&#8221;][fusion_text]<\/p>\n<p>REDACCI\u00d3N<\/p>\n<p>\u2022 La obra fue escrita y es dirigida por la dramaturga mexicana Mariana Hartas\u00e1nchez<br aria-hidden=\"true\" \/>\u2022 Ser\u00e1n cuatro \u00fanicas presentaciones, dos el 27 de febrero y dos el 6 de marzo, de acceso gratuito, en la sede de\u00a0la Secretar\u00eda de Cultura federal<\/p>\n<p>Como parte de la programaci\u00f3n del Centro Cultural Hel\u00e9nico en Tlaxcala, llega al Palacio de Cultura, sede de la Secretar\u00eda de Cultura federal, la puesta en escena<em>\u00a0El Sendebar: La cruzada de una f\u00e9mina ilustrada<\/em>, con cuatro funciones gratuitas, dos por d\u00eda: los pr\u00f3ximos domingos 27 de febrero y 6 de marzo, en horarios de 12:00 y 14:00 horas.<br aria-hidden=\"true\" \/><br aria-hidden=\"true\" \/>Esta obra pertenece al Carro de Comedias de la Universidad Nacional Aut\u00f3noma de M\u00e9xico (UNAM), en donde los mismos actores arman y desarman su propio escenario, y se realizar\u00e1 bajo la direcci\u00f3n de Mariana Hartas\u00e1nchez, la primera mujer en dirigir esta compa\u00f1\u00eda.<br aria-hidden=\"true\" \/><br aria-hidden=\"true\" \/>Se trata de una producci\u00f3n integral de la Direcci\u00f3n de Teatro UNAM que narra la historia de Enedina, una mujer que, travestida de hombre, encuentra el <em>Sendebar<\/em>\u00a0\u2014un compendio de cuentos surgido en el siglo X, destinado principalmente a ense\u00f1ar a los hombres a cuidarse de las \u201cartima\u00f1as femeninas\u201d\u2014. Al descubrir el contenido de este texto, la protagonista hace todo lo necesario para tenerlo en sus manos y llevarlo con un grupo de c\u00f3micos, con quienes juega a representar los relatos. Su objetivo es demostrar la falsedad de las narraciones, pero un hombre muy atrevido intenta silenciar su voz.<br aria-hidden=\"true\" \/><br aria-hidden=\"true\" \/>Mariana Hartas\u00e1nchez, la autora de <em>El Sendebar: La cruzada de una f\u00e9mina ilustrada<\/em>, opina que su obra es pertinente en esta \u00e9poca porque \u201ces revelador el hecho de que existiera un texto did\u00e1ctico en el que, a trav\u00e9s de la \u00adacci\u00f3n literaria, se les develara a los hombres la peligrosidad de las mujeres. Y quiz\u00e1s, en gran medida, la atroz misoginia que ha determinado las relaciones entre hombres y mujeres debido al miedo que provoca la intuici\u00f3n y el saber femenino. Al darles la vuelta a las historias y demostrar que los prejuicios siguen vigentes, es posible romper con ellos\u201d. De esta forma, la puesta en escena se presenta como una opci\u00f3n para que la risa sea el instrumento ideal que ayude a desmotar los mitos hist\u00f3ricos que recaen sobre la figura de la mujer.<br aria-hidden=\"true\" \/><br aria-hidden=\"true\" \/>El elenco \u2014constituido por Andrea Casta\u00f1eda, Carol Mu\u00f1iz, Thania Luna, Diego Montero, Mario Medina, Omar Betancourt y Zabdi Blanco\u2014 trasladar\u00e1 al p\u00fablico a un universo medieval que cobrar\u00e1 vida gracias al dise\u00f1o escenogr\u00e1fico de Mauricio Ascencio; el vestuario de Giselle Sandiel; la composici\u00f3n musical de Ra\u00fal Zambrano; la direcci\u00f3n musical de Sergio B\u00e1tiz; el combate esc\u00e9nico a cargo de Miguel \u00c1ngel Barrera; y la utiler\u00eda de Antonio Gardu\u00f1o.<br aria-hidden=\"true\" \/><br aria-hidden=\"true\" \/><em>El Sendebar: La cruzada de una f\u00e9mina ilustrada<\/em>\u00a0tendr\u00e1 funciones los domingos 27 de febrero y 6 de marzo, con funciones dobles y gratuitas, con horario de 12:00 y 14:00 horas, en el Palacio de Cultura, sede de la Secretar\u00eda de Cultura federal, ubicado en el Palacio de Cultura de Tlaxcala en avenida Ju\u00e1rez 62, Tlaxcala de Xicoht\u00e9ncatl. Para m\u00e1s informaci\u00f3n se puede consultar la p\u00e1gina: helenico.gob.mx.<br aria-hidden=\"true\" \/><br aria-hidden=\"true\" \/>Se le recuerda al p\u00fablico que las funciones est\u00e1n sujetas al sem\u00e1foro epidemiol\u00f3gico de Tlaxcala, quienes asistan deber\u00e1n seguir los protocolos para el cuidado de la salud, entre los que se encuentran el uso correcto de cubrebocas y el respeto a la sana distancia. Se invita a quedarse en casa si es que se presenta alg\u00fan s\u00edntoma (dolor de cabeza, garganta o temperatura superior a 37.5 grados).<\/p>\n<p>[\/fusion_text][fusion_imageframe image_id=&#8221;43009|medium&#8221; max_width=&#8221;&#8221; style_type=&#8221;&#8221; blur=&#8221;&#8221; stylecolor=&#8221;&#8221; hover_type=&#8221;none&#8221; bordersize=&#8221;&#8221; bordercolor=&#8221;&#8221; borderradius=&#8221;&#8221; align=&#8221;none&#8221; lightbox=&#8221;no&#8221; gallery_id=&#8221;&#8221; lightbox_image=&#8221;&#8221; lightbox_image_id=&#8221;&#8221; alt=&#8221;&#8221; link=&#8221;&#8221; linktarget=&#8221;_self&#8221; hide_on_mobile=&#8221;small-visibility,medium-visibility,large-visibility&#8221; class=&#8221;&#8221; id=&#8221;&#8221; animation_type=&#8221;&#8221; animation_direction=&#8221;left&#8221; animation_speed=&#8221;0.3&#8243; animation_offset=&#8221;&#8221;]https:\/\/www.bitacoracdmx.com\/wp-content\/uploads\/2022\/02\/Fotografia_Jose_Jorge_Carreon_El_Sendebar_8-300&#215;215.jpg[\/fusion_imageframe][\/fusion_builder_column][\/fusion_builder_row][\/fusion_builder_container]<\/p>\n","protected":false},"excerpt":{"rendered":"<p>[fusion_builder_container hundred_percent=&#8221;no&#8221; equal_height_columns=&#8221;no&#8221; menu_anchor=&#8221;&#8221; hide_on_mobile=&#8221;small-visibility,medium-visibility,large-visibility&#8221; class=&#8221;&#8221; id=&#8221;&#8221; background_color=&#8221;&#8221; background_image=&#8221;&#8221; background_position=&#8221;center center&#8221; background_repeat=&#8221;no-repeat&#8221; fade=&#8221;no&#8221; background_parallax=&#8221;none&#8221; parallax_speed=&#8221;0.3&#8243; video_mp4=&#8221;&#8221; video_webm=&#8221;&#8221; video_ogv=&#8221;&#8221; video_url=&#8221;&#8221; video_aspect_ratio=&#8221;16:9&#8243; video_loop=&#8221;yes&#8221; video_mute=&#8221;yes&#8221; overlay_color=&#8221;&#8221; video_preview_image=&#8221;&#8221; border_size=&#8221;&#8221; border_color=&#8221;&#8221; border_style=&#8221;solid&#8221; padding_top=&#8221;&#8221; padding_bottom=&#8221;&#8221; padding_left=&#8221;&#8221; padding_right=&#8221;&#8221;][fusion_builder_row][fusion_builder_column type=&#8221;1_1&#8243; layout=&#8221;1_1&#8243; background_position=&#8221;left top&#8221; background_color=&#8221;&#8221; border_size=&#8221;&#8221; border_color=&#8221;&#8221; border_style=&#8221;solid&#8221; border_position=&#8221;all&#8221; spacing=&#8221;yes&#8221; background_image=&#8221;&#8221; background_repeat=&#8221;no-repeat&#8221; padding_top=&#8221;&#8221; padding_right=&#8221;&#8221; padding_bottom=&#8221;&#8221; padding_left=&#8221;&#8221; margin_top=&#8221;0px&#8221; margin_bottom=&#8221;0px&#8221; class=&#8221;&#8221; id=&#8221;&#8221; animation_type=&#8221;&#8221; animation_speed=&#8221;0.3&#8243; animation_direction=&#8221;left&#8221; hide_on_mobile=&#8221;small-visibility,medium-visibility,large-visibility&#8221; center_content=&#8221;no&#8221; last=&#8221;no&#8221; min_height=&#8221;&#8221; hover_type=&#8221;none&#8221; link=&#8221;&#8221;][fusion_text] REDACCI\u00d3N \u2022 La obra fue escrita y es dirigida por la dramaturga mexicana Mariana Hartas\u00e1nchez\u2022 Ser\u00e1n cuatro \u00fanicas presentaciones, dos el 27 de febrero y dos el 6 de marzo, de acceso gratuito, en la sede de\u00a0la Secretar\u00eda de Cultura [&hellip;]<\/p>\n","protected":false},"author":1,"featured_media":43009,"comment_status":"open","ping_status":"open","sticky":false,"template":"","format":"standard","meta":{"footnotes":""},"categories":[9,14],"tags":[],"_links":{"self":[{"href":"https:\/\/www.bitacoracdmx.com\/index.php?rest_route=\/wp\/v2\/posts\/43008"}],"collection":[{"href":"https:\/\/www.bitacoracdmx.com\/index.php?rest_route=\/wp\/v2\/posts"}],"about":[{"href":"https:\/\/www.bitacoracdmx.com\/index.php?rest_route=\/wp\/v2\/types\/post"}],"author":[{"embeddable":true,"href":"https:\/\/www.bitacoracdmx.com\/index.php?rest_route=\/wp\/v2\/users\/1"}],"replies":[{"embeddable":true,"href":"https:\/\/www.bitacoracdmx.com\/index.php?rest_route=%2Fwp%2Fv2%2Fcomments&post=43008"}],"version-history":[{"count":1,"href":"https:\/\/www.bitacoracdmx.com\/index.php?rest_route=\/wp\/v2\/posts\/43008\/revisions"}],"predecessor-version":[{"id":43010,"href":"https:\/\/www.bitacoracdmx.com\/index.php?rest_route=\/wp\/v2\/posts\/43008\/revisions\/43010"}],"wp:featuredmedia":[{"embeddable":true,"href":"https:\/\/www.bitacoracdmx.com\/index.php?rest_route=\/wp\/v2\/media\/43009"}],"wp:attachment":[{"href":"https:\/\/www.bitacoracdmx.com\/index.php?rest_route=%2Fwp%2Fv2%2Fmedia&parent=43008"}],"wp:term":[{"taxonomy":"category","embeddable":true,"href":"https:\/\/www.bitacoracdmx.com\/index.php?rest_route=%2Fwp%2Fv2%2Fcategories&post=43008"},{"taxonomy":"post_tag","embeddable":true,"href":"https:\/\/www.bitacoracdmx.com\/index.php?rest_route=%2Fwp%2Fv2%2Ftags&post=43008"}],"curies":[{"name":"wp","href":"https:\/\/api.w.org\/{rel}","templated":true}]}}