{"id":43011,"date":"2022-02-25T04:33:56","date_gmt":"2022-02-25T04:33:56","guid":{"rendered":"https:\/\/www.bitacoracdmx.com\/?p=43011"},"modified":"2022-02-25T04:33:56","modified_gmt":"2022-02-25T04:33:56","slug":"la-ruta-del-rock-es-la-muestra-de-la-resistencia-de-la-escena-independiente-en-mexico","status":"publish","type":"post","link":"https:\/\/www.bitacoracdmx.com\/?p=43011","title":{"rendered":"LA RUTA DEL ROCK \u00ae es la muestra de la resistencia de la escena independiente en M\u00e9xico."},"content":{"rendered":"<p>[fusion_builder_container hundred_percent=&#8221;no&#8221; equal_height_columns=&#8221;no&#8221; menu_anchor=&#8221;&#8221; hide_on_mobile=&#8221;small-visibility,medium-visibility,large-visibility&#8221; class=&#8221;&#8221; id=&#8221;&#8221; background_color=&#8221;&#8221; background_image=&#8221;&#8221; background_position=&#8221;center center&#8221; background_repeat=&#8221;no-repeat&#8221; fade=&#8221;no&#8221; background_parallax=&#8221;none&#8221; parallax_speed=&#8221;0.3&#8243; video_mp4=&#8221;&#8221; video_webm=&#8221;&#8221; video_ogv=&#8221;&#8221; video_url=&#8221;&#8221; video_aspect_ratio=&#8221;16:9&#8243; video_loop=&#8221;yes&#8221; video_mute=&#8221;yes&#8221; overlay_color=&#8221;&#8221; video_preview_image=&#8221;&#8221; border_size=&#8221;&#8221; border_color=&#8221;&#8221; border_style=&#8221;solid&#8221; padding_top=&#8221;&#8221; padding_bottom=&#8221;&#8221; padding_left=&#8221;&#8221; padding_right=&#8221;&#8221;][fusion_builder_row][fusion_builder_column type=&#8221;1_1&#8243; layout=&#8221;1_1&#8243; background_position=&#8221;left top&#8221; background_color=&#8221;&#8221; border_size=&#8221;&#8221; border_color=&#8221;&#8221; border_style=&#8221;solid&#8221; border_position=&#8221;all&#8221; spacing=&#8221;yes&#8221; background_image=&#8221;&#8221; background_repeat=&#8221;no-repeat&#8221; padding_top=&#8221;&#8221; padding_right=&#8221;&#8221; padding_bottom=&#8221;&#8221; padding_left=&#8221;&#8221; margin_top=&#8221;0px&#8221; margin_bottom=&#8221;0px&#8221; class=&#8221;&#8221; id=&#8221;&#8221; animation_type=&#8221;&#8221; animation_speed=&#8221;0.3&#8243; animation_direction=&#8221;left&#8221; hide_on_mobile=&#8221;small-visibility,medium-visibility,large-visibility&#8221; center_content=&#8221;no&#8221; last=&#8221;no&#8221; min_height=&#8221;&#8221; hover_type=&#8221;none&#8221; link=&#8221;&#8221;][fusion_text]<\/p>\n<p>REDACCI\u00d3N<\/p>\n<p class=\"x_MsoNormal\"><span lang=\"ES\">LA RUTA DEL ROCK \u00ae\u00a0<\/span>Tiene como objetivo ser un festival rodante de bandas de rock, ante la situaci\u00f3n global que afect\u00f3 la Industria de la M\u00fasica (pandemia) se postergaron las fechas que ya estaban programadas. Por esta raz\u00f3n\u00a0<b>L\u00fadico Producciones<\/b>\u00a0(Casa productora) y\u00a0<b>Elephants<\/b>\u00a0(Contenido audiovisual) han decidido realizar un show \u00edntimo y especial en formato\u00a0<i>Live Session<\/i>\u00a0presencial en donde se llevar\u00e1 a cabo la captura multitrack, multic\u00e1mara y show al p\u00fablico brindando una experiencia \u00fanica, las bandas a parte de tocar ante la audiencia podr\u00e1n tener su contenido audiovisual para compartir en sus plataformas la experiencia, grabado con la calidad necesaria para que su sonido y su imagen queden plasmadas, siendo esto hoy por hoy un contenido de alto valor para todos los artistas independientes. Las bandas independientes que se estar\u00e1n presentando son\u00a0<b>Magenta Stoner, Mentes Absurdas, Irradian, Veneno Rosa, Babylon Rose<\/b>,\u00a0<b>Getcha\u00b4Pull<\/b>\u00a0y\u00a0<b>Piosenka<\/b>\u00a0como artista invitada. Contamos con aliados en medios y promoci\u00f3n para los talentos nuevos entre ellos Hobos (San \u00c1ngel), Beathey (Argentina), Fotorock21, Guitarra MX, Habitantes del Rock, Rock &amp; Rollin y R- Internacional.<\/p>\n<p class=\"x_MsoNormal\"><i><span lang=\"ES\">\u00a0<\/span><\/i><i><span lang=\"ES-TRAD\">\u201cLa gira 2020 no se cancel\u00f3, se hizo una pausa forzosa debido a la situaci\u00f3n que tuvimos que vivir en torno a la pandemia, sin embargo no hemos perdido el \u00e1nimo, pues la escena emergente tiene m\u00e1s complicado el camino y por esta raz\u00f3n L\u00fadico Producciones la agencia que represento, abrir nuevamente la puerta con un formato alternativo, con un\u00a0<b>Live Session<\/b>\u00a0presencial, en un show \u00edntimo que va a estar lleno de m\u00fasica rock, pronto informaremos sobre las nuevas fechas y formatos dise\u00f1ados para la promoci\u00f3n de los talentos nuevos y consolidados en 2022\u2026\u201d Afirm\u00f3 Lina Stoner CEO y fundadora de L\u00fadico Producciones.<\/span><\/i><\/p>\n<p class=\"x_MsoNormal\" align=\"center\"><b><span lang=\"EN-US\">LINE UP LA RUTA DEL ROCK \u00ae\u00a0<\/span><\/b><\/p>\n<p class=\"x_MsoNormal\" align=\"center\"><b><span lang=\"EN-US\">LIVE SESSION 2022<\/span><\/b><\/p>\n<p class=\"x_MsoNormal\" align=\"center\"><b><br aria-hidden=\"true\" \/>MAGENTA<\/b><\/p>\n<p class=\"x_MsoNormal\" align=\"center\"><b><a href=\"https:\/\/mailtrack.io\/trace\/link\/d50459dd56135c6007eceb4ff6139f99b15d51b0?url=https%3A%2F%2Fweb.facebook.com%2Fmagentastoner&amp;userId=491255&amp;signature=921773141a3500ce\" target=\"_blank\" rel=\"noopener noreferrer\" data-auth=\"NotApplicable\" data-linkindex=\"2\">https:\/\/web.facebook.com\/magentastoner<\/a><\/b><\/p>\n<p class=\"x_MsoNormal\"><span lang=\"ES\">Lina Stoner, cabeza visible del concepto\u00a0 ha sido parte de diversos proyectos, inicia su carrera profesional siendo manager y productora de giras, ha colaborado con diversas empresas y ha trabajado con artistas de todas las tallas en algunas producciones, m\u00fasico desde los 15 a\u00f1os ha sido cantante y guitarrista de manera paralela, siendo parte de algunas agrupaciones de Rock. Actualmente tambi\u00e9n es bajista y manager de\u00a0<b><i>Stereograf\u00eda<\/i><\/b>\u00a0(Venezuela-M\u00e9xico).<\/span><\/p>\n<p class=\"x_MsoNormal\">Bajo el Sello de\u00a0<b>L\u00fadico Producciones<\/b>\u00a0y de la mano del productor Rub\u00e9n Prado (Venezuela), Lina Stoner toma la iniciativa de este nuevo proyecto musical que lleva por nombre Magenta, reuniendo 7 canciones en su primer material discogr\u00e1fico, con el tratamiento directo en las letras, basada en las experiencias de una mujer en sus diversas facetas, as\u00ed como la visi\u00f3n de la misma ante las situaciones sociales, emocionales y espirituales que enfrenta cualquier pareja hoy en d\u00eda. \u201cPantera\u201d primer EP de Magenta, es un concepto basado en los \u201ccomics\u201d, comenzando por\u00a0<b><u>Lina Stoner (Pantera) l\u00edder, Vocal y guitarrista y en esta segunda etapa con m\u00fasicos invitados: Karen Carpinteyro (Lead Guitar), Halo Izardiu (Bajo), Pavel Barba (Bater\u00eda)<\/u><\/b>\u00a0\u00a0donde \u201cLa Pantera\u201d ya esta lista para salir al escenario.<\/p>\n<p class=\"x_MsoNormal\"><b><span lang=\"ES\">\u201cQueremos hacer historias y letras inteligentes, tomando conciencia de la l\u00edrica, as\u00ed como rescatar la esencia del g\u00e9nero del rock, reinventarnos en cada una de las canciones, desde la canci\u00f3n mas \u201csoft\u201d hasta la m\u00e1s \u201crock &amp; roll\u201d, la pandemia nos ha dejado una gran lecci\u00f3n, queremos crear, hacer cosas diferentes, entretenidas y poderosas; nos reunimos todos a medida de nuestro tiempo y posibilidad,\u00a0 creamos este proyecto que esperamos le guste al p\u00fablico tanto como a nosotros\u201d, afirm\u00f3 Lina Stoner al respecto.<\/span><\/b><\/p>\n<p class=\"x_MsoNormal\" align=\"center\"><b><span lang=\"ES\">MENTES ABSURDAS<\/span><\/b><\/p>\n<p class=\"x_MsoNormal\" align=\"center\"><b><span lang=\"ES\"><a href=\"https:\/\/mailtrack.io\/trace\/link\/7ae8222a1ac5a848194e70004c42f885c5ff3a7b?url=https%3A%2F%2Fweb.facebook.com%2FMentes-Absurdas-100936378422561&amp;userId=491255&amp;signature=a38b338e62ba10af\" target=\"_blank\" rel=\"noopener noreferrer\" data-auth=\"NotApplicable\" data-linkindex=\"3\">https:\/\/web.facebook.com\/Mentes-Absurdas-100936378422561<\/a><\/span><\/b><\/p>\n<p class=\"x_MsoNormal\"><span lang=\"ES\">Es una banda mexicana de rock pop en espa\u00f1ol, con ciertas influencias en bandas como The Cure, Pink Floyd, Red Hot Chili Peppers, Soda Stereo y Caifanes. Sus integrantes son: Carlos Ignacio Carmona Altamira (voz y bajo), Ismael Castillo Romero (guitarra) y Jes\u00fas Moreno Altamira (bater\u00eda).<\/span><\/p>\n<p class=\"x_MsoNormal\"><span lang=\"ES\">\u00a0<\/span><span lang=\"ES\">El 31 de marzo del 2016, Jes\u00fas (baterista) y Carlos (vocalista) decidieron juntarse, con la idea de crear una banda. De a poco la idea fue consolid\u00e1ndose con ciertos cambios con algunos integrantes. El 8 de julio del 2017 oficialmente ten\u00edan la banda completa, con la llegada de Frank e Ismael. Y el 1 de agosto del mismo a\u00f1o, estrenan su primer sencillo titulado Mi entrop\u00eda.<\/span><\/p>\n<p class=\"x_MsoNormal\"><span lang=\"ES\">Fue as\u00ed como el 29 de agosto, se presentaron por primera vez en la Chilanga. Su segunda presentaci\u00f3n, fue el 30 de diciembre en el estado de Hidalgo, donde debutaron con su segundo sencillo llamado Perdidos. Sumando presentaciones en varios lugares de la Ciudad de M\u00e9xico, durante todo el 2018.<\/span><\/p>\n<p class=\"x_MsoNormal\"><span lang=\"ES\">\u00a0<\/span><span lang=\"ES\">En cuanto a la composici\u00f3n y arreglos musicales, recae en los cuatro integrantes y todas las canciones son letras originales, ya que la idea de hacer covers, no era su principal objetivo, sino que la gente escuche y conozca, lo que ellos tienen para ofrecer en este g\u00e9nero del rock en espa\u00f1ol.<\/span><\/p>\n<p class=\"x_MsoNormal\"><span lang=\"ES\">El lanzamiento de Tristeza Liquida (2018), signific\u00f3 un plus en la trayectoria de Mentes Absurdas, ya que es la canci\u00f3n que m\u00e1s \u00e9xito y reconocimiento le ha dado a la banda y por ello, fue elegida como el primer sencillo del EP (Perdidos), el cual se estren\u00f3 el 15 de octubre del 2018.<\/span><\/p>\n<p class=\"x_MsoNormal\"><span lang=\"ES\">\u00a0<\/span><span lang=\"ES\">En 2019 por cuestiones de salud FRANK deja la banda y deciden continuar solo los 3 miembros actuales incorporando m\u00fasicos invitados como \u00c1NGEL ALTAMIRA\u00a0 (bajo) y Javi (guitarra)\u00a0 dado a estos cambios la banda se dedic\u00f3 a hacer m\u00fasica en el estudio a si dejando grabadas 3 canciones que se decidi\u00f3 salieran a la luz en pr\u00f3ximas fechas .<\/span><\/p>\n<p class=\"x_MsoNormal\"><span lang=\"ES\">\u00a0<\/span><span lang=\"ES\">En diciembre\u00a0 del 2020\u00a0 llegan a la banda como m\u00fasicos invitados\u00a0 VINICIO SEGURA (guitarra)\u00a0 Y ALAN ALTAMIRA (Voz) consiguiendo con ellos una banda m\u00e1s s\u00f3lida y con la finalidad de crear el Ep titulado UNIVERSO,\u00a0<\/span>SABES\u00a0\u00a0primer single del nuevo Ep\u00a0\u00a0es grabado en el Conservatorio de M\u00fasica contempor\u00e1nea y ve la luz el 10 de enero del (2021), as\u00ed llamando la atenci\u00f3n de todos los seguidores de la banda.<\/p>\n<p class=\"x_MsoNormal\"><span lang=\"ES\">\u00a0<\/span><span lang=\"ES\">Para el 29 de enero del mismo a\u00f1o sale el segundo sencillo llamado ENTRE SUE\u00d1OS y esta producci\u00f3n corre a cargo de Vnicio segura y de JOS\u00c9 baterista de DISTORHED tambi\u00e9n grabada en los estudios del conservatorio con Petta Makabre como Ingeniero de audio y mezclada y m\u00e1sterizado por Quique en<\/span><\/p>\n<p class=\"x_MsoNormal\"><span lang=\"ES\">CASA BLAM BLAM.\u00a0<\/span>Para el 10 de Abril del (2021). Llega SI T\u00da NO EST\u00c1S esta grabaci\u00f3n corre a cargo de Vinicio en la producci\u00f3n musical y de Quique en CASA BLAM BLAM\u00a0\u00a0esta canci\u00f3n es un logro muy grande para la banda ya que consiguen que se escuche por primera ves en la radio abierta y corre a cargo de ibero 90.9fm en el programa Tracker.<\/p>\n<p class=\"x_MsoNormal\"><span lang=\"ES\">\u00a0<\/span><span lang=\"ES\">Y por \u00faltimo llega Universo rola grabada en CASA BLAM BLAM\u00a0 que corre a cargo de Vinicio en la producci\u00f3n y como m\u00fasico invitado ELIEL MART\u00cdNEZ en los teclados y bater\u00eda. Y con ellos para cerrar el (2021) fueron\u00a0 invitados a el cartel de bandas tributo en la Marquesa Estado de M\u00e9xico en el festival ROCK IN THE VALLEY.<\/span><\/p>\n<p class=\"x_MsoNormal\" align=\"center\"><b>IRRADIAN<\/b><\/p>\n<p class=\"x_MsoNormal\" align=\"center\"><b><a href=\"https:\/\/mailtrack.io\/trace\/link\/59c675d757991982b0f0c1f4cb79e6e3b2385db6?url=https%3A%2F%2Fweb.facebook.com%2Firradianrock&amp;userId=491255&amp;signature=d33572c08b3413c4\" target=\"_blank\" rel=\"noopener noreferrer\" data-auth=\"NotApplicable\" data-linkindex=\"4\">https:\/\/web.facebook.com\/irradianrock<\/a><\/b><\/p>\n<p class=\"x_MsoNormal\">Con la firme intenci\u00f3n de posicionarse y hacer historia en el rock mexicano, la banda originaria de la CDMX,\u00a0IRRADIAN\u00a0se encuentran actualmente presentando su primer sencillo \u201cIrradia\u201d con un estilo sutil y fresco que es parte de su sello que ha sido potenciado gracias al trabajo realizado en producci\u00f3n por parte de los estudios \u201cPanoram\u201d, estudio de grabaci\u00f3n de la reconocida banda Zo\u00e9.\u00a0Irradian\u00a0est\u00e1 conformado por los hermanos Erick Alfaro, Efr\u00e9n Alfaro y su primo Eduardo Alfaro, quienes desde muy corta edad han mostrado un gusto por el rock, ya que sus padres siempre les inculcaron este g\u00e9nero. Lo que se convirti\u00f3 en un juego con instrumentos de juguete siendo unos peque\u00f1os en un cuarto haciendo ruido, muy pronto se convertir\u00eda en algo que no dejar\u00edan de hacer nunca.<\/p>\n<p class=\"x_MsoNormal\">El video de Irradia fu\u00e9 una excelente experiencia, se film\u00f3 en la sala principal del estudio Panoram de Zoe, el director fue Alan Cortez que demostr\u00f3 su amplia experiencia de a\u00f1os trabajando con artistas como Ximena Sari\u00f1ana, La Gusana Ciega, entre otros, adem\u00e1s de ser el director de video de Amazon Music. Cortez ha sido un gran amigo y aliado de la banda y es por ello que la mancuerna que se gener\u00f3 y sus resultados convirtieron su m\u00fasica en magia. Con este video\u00a0Irradian\u00a0pretende llegar a m\u00e1s seguidores, consolidarse cada d\u00eda m\u00e1s como una propuesta digna de seguirse en M\u00e9xico.\u00a0 La canci\u00f3n \u201cIrradia\u201d que lleva por bandera al rock destaca por ser energ\u00e9tica y llena de energ\u00eda, mel\u00f3dica y muy digerible para una amplia audiencia.<\/p>\n<p class=\"x_MsoNormal\">El video muestra a los integrantes interpretando su canci\u00f3n en una hermosa sala con una gran iluminaci\u00f3n, excelentes escenas y efectos que se combinan a la perfecci\u00f3n y que dejaron plasmado un gran trabajo f\u00edlmico y musical. Dichas escenas reflejan la emoci\u00f3n y la pasi\u00f3n que le da\u00a0Irradian\u00a0a su interpretaci\u00f3n. \u201cAgradecemos mucho y esperamos seguir contando con el apoyo de los medios y la gente que hace posible que este sue\u00f1o siga tomando forma cada d\u00eda m\u00e1s, el grupo est\u00e1 comprometido a seguir haciendo excelente m\u00fasica y contenido de gran calidad\u201d, comentaron.<\/p>\n<p class=\"x_MsoNormal\">Fue Efr\u00e9n inici\u00f3 un grupo junto a su amigo Pepe y durante una presentaci\u00f3n en una fiesta, el baterista no estaba en condiciones de poder tocar y fue Eduardo el que tom\u00f3 las riendas ese d\u00eda de la bater\u00eda, dando una presentaci\u00f3n excelente tocando covers a\u00fan siendo adolescentes. La banda no ten\u00eda bajista y tras batallar mucho por conseguirlo, fu\u00e9 como llegaron a Erick, a quien presionaron a que tocara el bajo teniendo apenas 13 a\u00f1os y que hasta el momento se ha mantenido como un integrantes estable.<\/p>\n<p class=\"x_MsoNormal\">El grupo ya conformado empieza a tener m\u00e1s presentaciones en fiestas y a la par comienzan a estudiar m\u00fasica para adentrarse de manera m\u00e1s profesional a la m\u00fasica. Ya siendo adultos, empiezan a tener proyectos alternos y son contratados adem\u00e1s como m\u00fasicos de sesi\u00f3n para algunos artistas como Tino Contreras, Javier B\u00e1tiz, Pilar Montenegro, etc.<\/p>\n<p class=\"x_MsoNormal\">Irradian\u00a0empieza a grabar canciones en estudio primero con el nombre de Alfacines, luego ya como\u00a0Irradian\u00a0graban su primer EP en Panoram Estudios de la banda Zo\u00e9 con composiciones bien trabajadas y con una excelente ejecuci\u00f3n de sus instrumentos. La creciente respuesta a este sencillo los ha llevado a empezar a ser tocados en diversas emisoras de radio de M\u00e9xico y Espa\u00f1a, lo cual llen\u00f3 de gusto a esta banda de rock orgullosamente Mexicana que pretende seguir haciendo buena m\u00fasica y llegar cada vez m\u00e1s a m\u00e1s gente con su m\u00fasica.<\/p>\n<p class=\"x_MsoNormal\"><b>\u00a0<\/b><\/p>\n<p class=\"x_MsoNormal\" align=\"center\"><b>VENENO ROSA<\/b><\/p>\n<p class=\"x_MsoNormal\" align=\"center\"><b><a href=\"https:\/\/mailtrack.io\/trace\/link\/0ef950179bbc3238a4af07b9f38bd6af4ee5eeb3?url=https%3A%2F%2Fweb.facebook.com%2Fvenenorosabandaderock&amp;userId=491255&amp;signature=9db0cbbf78683c00\" target=\"_blank\" rel=\"noopener noreferrer\" data-auth=\"NotApplicable\" data-linkindex=\"5\">https:\/\/web.facebook.com\/venenorosabandaderock<\/a><\/b><\/p>\n<p class=\"x_MsoNormal\">Es una banda de rock (m\u00fasica original) que ejecuta y hace fusiones de distintos g\u00e9neros musicales, suelen utilizar por ejemplo, \u201cel son, el tumbao, el ska, rock alternativo, la balada, el pop, el surf, el rock and roll, el jazz, hasta el reggae y algunos otros m\u00e1s\u201d. No est\u00e1 catalogada como una banda conceptual.\u00a0Veneno\u00a0Rosa\u00a0experimenta en\u00a0\u00a0sus arreglos y ensambles mayormente elaborados.<\/p>\n<p class=\"x_MsoNormal\">Sus influencias musicales son diversas, var\u00edan desde la\u00a0trova\u00a0hasta el\u00a0metal. Casi todos los integrantes de\u00a0Veneno\u00a0Rosa\u00a0han trabajado a\u00f1os en bares con distintas bandas de rock haciendo covers, principalmente Etreus (vocalista, compositor de letras y m\u00fasica) a veces hace bohemia y trova en algunos bares de M\u00e9xico. Actualmente casi todos los integrantes forman tambi\u00e9n una banda de covers de rock en ingl\u00e9s y en espa\u00f1ol que toca en distintos bares de manera paralela.<\/p>\n<p class=\"x_MsoNormal\">El grupo musical es formado\u00a0\u00a0a mediados del a\u00f1o 2014 por Etreus (vocalista, compositor de letras y m\u00fasica) quien a la edad de 19 a\u00f1os empieza a tocar de manera l\u00edrica la guitarra (1998). Inmediatamente toma la iniciativa de componer y cantar. En 2003 empieza trabajar en bares y caf\u00e9s haciendo covers como trovador, mayormente es\u00a0\u00a0estelar (en cuestiones de horarios) en la vida nocturna de Ciudad de M\u00e9xico, con influencias muy diversas pero mayormente de trova, por lo que sus letras son ricas en cuesti\u00f3n del\u00a0\u00a0contenido, y las tem\u00e1ticas que abordan estas, tambi\u00e9n se plasma vers\u00e1til porque le gusta y toca no solamente trova y bohemia sino rock en espa\u00f1ol y en ingl\u00e9s, adem\u00e1s algunos otros g\u00e9neros, cosa que lo va enriqueciendo no solo como compositor sino en otros \u00e1mbitos como el esc\u00e9nico.<\/p>\n<p class=\"x_MsoNormal\">Veneno\u00a0Rosa\u00a0se consolida en 2014 con 5 miembros en su alineaci\u00f3n oficial,\u00a0Etreus\u00a0en guitarra electroac\u00fastica y voz,\u00a0Sergio\u00a0en bater\u00eda,\u00a0Takaki\u00a0en el bajo,\u00a0July Molina\u00a0en la guitarra el\u00e9ctrica y\u00a0Jhonny Lagunas\u00a0en percusiones.Veneno\u00a0Rosa\u00a0ensaya casi un a\u00f1o y sin ninguna presentaci\u00f3n previa graban un CD \u201chom\u00f3nimo\u201d con 10 temas, que Etreus elige de su arsenal de canciones, las cuales mayormente eran ya de a\u00f1os atr\u00e1s. El cd se graba en \u201cEl Hormiguero\u201d bajo la producci\u00f3n de Adolfo y Ernik Romero (integrantes de \u201cLa Barranca\u201d y fundadores de \u201cCohete\u201d). En el 2015 es lanzado f\u00edsicamente y en plataformas digitales, y el viernes 10 de junio del 2016 a las 21:00 hrs se presentan en concierto con lleno total en el \u201cForo R&amp;R Live\u201d en Luz Savi\u00f1on en la Ciudad de M\u00e9xico.<\/p>\n<p class=\"x_MsoNormal\">Hacen una serie de conciertos durante aproximadamente un a\u00f1o. Durante los \u00faltimos a\u00f1os Etreus hab\u00eda formado y trabajado con una banda de rock de covers en bares de CDMX como vocal, creciendo y aprendiendo vocalmente y esc\u00e9nicamente, en esa banda cuenta con tecladista, este es\u00a0\u00a0Pablo Vel\u00e1zquez a quien integra a\u00a0Veneno\u00a0Rosa.<\/p>\n<p class=\"x_MsoNormal\">Tras una breve b\u00fasqueda encuentran una pieza que encaja a la perfecci\u00f3n en el grupo, ese alguien es el guitarrista Enrique Vignau, el m\u00e1s joven quien incluso es el \u00fanico integrante de ellos quien a\u00fan (2021) no trabaja en la vida nocturna musical, sin embargo sus estudios y dotes le dan la calidad y talentos necesarios para ser elegido. El percusionista trabaja actualmente ya solo en ocasiones especiales dejando as\u00ed a\u00a0Veneno\u00a0Rosa\u00a0con su actual alineaci\u00f3n de 5 integrantes.<\/p>\n<p class=\"x_MsoNormal\">Actualmente\u00a0Veneno\u00a0Rosa\u00a0despu\u00e9s de algunos cambios queda integrada oficialmente con: Etreus (compositor, voz y ocasionalmente guitarrista electroac\u00fastico),\u00a0Sergio Camacho\u00a0( bater\u00eda y corales),\u00a0Aleck Andrade\u00a0(bajo y corales),\u00a0Enrique Vignau\u00a0(guitarra l\u00edder),\u00a0Pablo Vel\u00e1zquez\u00a0(teclado y corales).<\/p>\n<p class=\"x_MsoNormal\">\u00a0<i>\u201cSiempre nos estamos preparando, ocup\u00e1ndonos arduamente en todos los aspectos esperamos ser impactantes en nuestro regreso a los escenarios\u201d.\u00a0<\/i><\/p>\n<p class=\"x_MsoNormal\">Tambi\u00e9n desde finales del 2020 cuando se unieron durante la pandemia comenzaron a componer de la baraja de temas que tiene Etreus,\u00a0\u00a0con vistas a un nuevo cd, en la actualidad existen ya varios temas nuevos y cada mes son m\u00e1s, son una m\u00e1quina componiendo.<\/p>\n<p class=\"x_MsoNormal\">El vocal Etreus tiene fuerte presencia, proyecci\u00f3n e interacci\u00f3n con el p\u00fablico. De interpretaci\u00f3n apasionada y a veces irreverente. Su apariencia llama la atenci\u00f3n ya que tiene una propuesta de imagen innovadora. Las estructuras musicales y letras de sus composiciones son profundas, agradables y cautivan f\u00e1cilmente a la audiencia. Presenta distintos colores de voz para enriquecer las canciones. Utiliza una pedalera de efectos vocales en su show. En si todos los integrantes son esc\u00e9nicos, interesantes y cautivadores al momento del show, priorizan escucharse bien pero tambi\u00e9n visualmente impactar.<\/p>\n<p class=\"x_MsoNormal\"><b>\u00a0<\/b><\/p>\n<p class=\"x_MsoNormal\" align=\"center\"><b>BABYLON ROSE<\/b><\/p>\n<p class=\"x_MsoNormal\" align=\"center\"><b><span lang=\"EN-US\"><a href=\"https:\/\/mailtrack.io\/trace\/link\/346bdf44f192f20d97fe00a31dd7a3fef52ee575?url=https%3A%2F%2Fweb.facebook.com%2Fbabylonroseband&amp;userId=491255&amp;signature=4bd5e7b8fdc6e13e\" target=\"_blank\" rel=\"noopener noreferrer\" data-auth=\"NotApplicable\" data-linkindex=\"6\"><span lang=\"ES-TRAD\">https:\/\/web.facebook.com\/babylonroseband<\/span><\/a><\/span><\/b><\/p>\n<p class=\"x_MsoNormal\">Getcha\u2019Pull es una banda que ha sido catalogada como Hard Rock, Groove Metal, Hard Core, originaria de SanFrancisco del Rinc\u00f3n formada en Enero 2018 por David Ram\u00edrez, Checko Garc\u00eda, Luis D\u00edaz y Gast\u00f3n Hern\u00e1ndez. En Junio 2018 se graba en\u00a0Control+Z estudios, en la ciudad de Le\u00f3n Gto. Un EP de 8 canciones, y publicar 3 de ellas como DEMO de la banda. En Julio 2018 se tiene la primer presentaci\u00f3n en un concurso de bandas en el bar ROSWELL quedando en cuarto lugar, esto aliment\u00f3 m\u00e1s las ganas de seguir adelante con este proyecto, todo el 2018 estuvimos tocando en diferentes lugares como Aguascalientes, Le\u00f3n Gto, Los pueblos de Rincon, teniendo la oportunidad de tocar con grandes bandas locales y Nacionales entre los mas importante abrir para S7N en su gira Never Enough, Fractal Dimention, Reborn of Hydra, tras una serie de cambios importantes en Getcha\u2019 Pull, en la alineacion actual, se encuentran Rulo Guzm\u00e1n en la guitarra, Dave Blan (David Ram\u00edrez) en guitarra, Jasi en el bajo, Checko Garc\u00eda en bateria y Binnie Moon (Luis D\u00edaz) en la voz. Por razones de pandemia, se prolong\u00f3 la grabacion del CD, y para NOVIEMBRE del 2020, se graba su primer \u00e1lbum llamado \u201cBECOME A REVOLUTION\u201d el cual, ya se encuentra en todas las plataformas digitales, y con actitud y fuerza, Getcha\u2019 Pull\u2026 \u00a1LLEG\u00d3 PARA QUEDARSE!.<\/p>\n<p class=\"x_MsoNormal\" align=\"center\"><b><span style=\"font-size: large;\">PIOSENKA (ARTISTA INVITADA)<\/span><\/b><\/p>\n<p class=\"x_MsoNormal\" align=\"center\"><b><a href=\"https:\/\/mailtrack.io\/trace\/link\/4fe5a0e0a5fecd19379d8dd39051beb6893c7b4d?url=https%3A%2F%2Fweb.facebook.com%2FPIOSENKABAND&amp;userId=491255&amp;signature=9041116591ce9c6a\" target=\"_blank\" rel=\"noopener noreferrer\" data-auth=\"NotApplicable\" data-linkindex=\"8\">https:\/\/web.facebook.com\/PIOSENKABAND<\/a><\/b><\/p>\n<p>Piosenka es una cantante y compositora radicada en CDMX, quien pr\u00f3ximamente dar\u00e1 a conocer su \u00e1lbum debut &#8220;Vibraci\u00f3n&#8221;, un viaje que discurre entre la atomicidad del Techno y la kin\u00e9tica del Rave, lanzando gui\u00f1os al Jungle primigenio y el Synth-Pop, todo a trav\u00e9s de una lente que aviva la memoria noventera. Piosenka se ha presentado en \u00e9sta era post-pandemia en varios foros de nuestra capital, acompa\u00f1ada de su banda conformada por Diether Emerson en la bater\u00eda, Art Gamir en el Bajo y Dokta Dude en coros y sampler, con un repertorio lleno de luces, sombras y electricidad.<\/p>\n<p>El concepto musical de Piosenka es una combinaci\u00f3n de elementos tanto actuales como retro. Incluye influencias que van desde los a\u00f1os 70s, como el Glam Rock y el Art Rock, de los 80s con elementos de Synth Pop y House y los 90s con Techno, Drum &amp; Bass y Trip Hop, conjuntadas en una propuesta actual con canciones memorables y expresivamente personales.<\/p>\n<p class=\"x_MsoNormal\"><b><span lang=\"ES-TRAD\">ANTECEDENTES DE LA RUTA DEL ROCK \u00ae<\/span><\/b><\/p>\n<p class=\"x_MsoNormal\"><span lang=\"ES-TRAD\">El prop\u00f3sito principal de\u00a0<b>La Ruta del Rock \u00ae \u201cllevamos el rock a tu ciudad\u201d,\u00a0<\/b><\/span><span lang=\"ES-TRAD\">se consolid\u00f3 en 2019 bajo la mano de\u00a0<b>L\u00fadico Producciones<\/b>\u00a0( Casa productora ), su caracter\u00edstica principal es ser un festival rodante que expone bandas de rock y sus diversas corrientes estil\u00edsticas.<b><\/b><\/span><\/p>\n<p class=\"x_MsoNormal\"><span lang=\"ES-TRAD\">Es una gira de conciertos que se realiza en el toda la Repu\u0301blica Mexicana, se integran excelentes aliados comerciales as\u00ed como media parter que ayudan a la promoci\u00f3n de todo el contenido. Se exponen talentos consolidados y emergentes tanto nacionales como internacionales en cada una de las ciudades que visita, esta\u0301 pensada para pu\u0301blico joven y contempora\u0301neo que gusta de las nuevas propuestas de mu\u0301sica Rock y sus diversos estilos, adema\u0301s incluye algunas dina\u0301micas y actividades de convivencia (Meet &amp; Greet) entre el pu\u0301blico y el artista en un formato denominado experiencia rockstar (Gira con la banda).<\/span><\/p>\n<p class=\"x_MsoNormal\"><span lang=\"ES-TRAD\">\u00a0<b>\u201cLA RUTA DEL ROCK 2019\u201d\u00a0<\/b>llev\u00f3 bandas de rock por las siguientes 10 ciudades del pai\u0301s:\u00a0<b><i>TOLUCA, PACHUCA, CDMX, QUERE\u0301TARO, GUADALAJARA, MORELIA, ZACATECAS, AGUASCALIENTES, LEO\u0301N Y PUEBLA.\u00a0<\/i><\/b>Cont\u00f3 un elenco conformado por \u00a0bandas estelares con trayectoria reconocida dando apertura a talentos locales y emergentes nacionales e internacionales. Pr\u00f3ximamente anunciaremos \u201cLa Ruta Del Rock 2022\u201d.\u00a0<b>#LaRutaDelRockMX<\/b><\/span><\/p>\n<p class=\"x_MsoNormal\" align=\"center\"><b><span lang=\"ES-TRAD\">REDES SOCIALES OFICIALES DEL FESTIVAL<\/span><\/b><\/p>\n<p class=\"x_MsoNormal\" align=\"center\"><b><span lang=\"ES-TRAD\">LA RUTA DEL ROCK \u00ae<\/span><\/b><\/p>\n<p class=\"x_MsoNormal\" align=\"center\"><b><span lang=\"ES-TRAD\"><a href=\"https:\/\/mailtrack.io\/trace\/link\/09cd1303cffb046ba3e4996e4ff32e9291252dc2?url=https%3A%2F%2Fweb.facebook.com%2FLaRutaDelRockMx&amp;userId=491255&amp;signature=8468b66486ee9523\" target=\"_blank\" rel=\"noopener noreferrer\" data-auth=\"NotApplicable\" data-linkindex=\"9\">https:\/\/web.facebook.com\/LaRutaDelRockMx<\/a><\/span><\/b><\/p>\n<p class=\"x_MsoNormal\" align=\"center\"><b><span lang=\"ES-TRAD\"><a href=\"https:\/\/mailtrack.io\/trace\/link\/96ab9e376dff9426c7046a62c8ff982ff9e3f422?url=https%3A%2F%2Fwww.instagram.com%2Flarutadelrock_mx%2F&amp;userId=491255&amp;signature=017ed5b1abccdfa7\" target=\"_blank\" rel=\"noopener noreferrer\" data-auth=\"NotApplicable\" data-linkindex=\"10\">https:\/\/www.instagram.com\/larutadelrock_mx\/<\/a>\u00a0<\/span><\/b><\/p>\n<p>[\/fusion_text][fusion_imageframe image_id=&#8221;43012|medium&#8221; max_width=&#8221;&#8221; style_type=&#8221;&#8221; blur=&#8221;&#8221; stylecolor=&#8221;&#8221; hover_type=&#8221;none&#8221; bordersize=&#8221;&#8221; bordercolor=&#8221;&#8221; borderradius=&#8221;&#8221; align=&#8221;none&#8221; lightbox=&#8221;no&#8221; gallery_id=&#8221;&#8221; lightbox_image=&#8221;&#8221; lightbox_image_id=&#8221;&#8221; alt=&#8221;&#8221; link=&#8221;&#8221; linktarget=&#8221;_self&#8221; hide_on_mobile=&#8221;small-visibility,medium-visibility,large-visibility&#8221; class=&#8221;&#8221; id=&#8221;&#8221; animation_type=&#8221;&#8221; animation_direction=&#8221;left&#8221; animation_speed=&#8221;0.3&#8243; animation_offset=&#8221;&#8221;]https:\/\/www.bitacoracdmx.com\/wp-content\/uploads\/2022\/02\/descargar-2022-02-24T220956.824-212&#215;300.png[\/fusion_imageframe][\/fusion_builder_column][\/fusion_builder_row][\/fusion_builder_container]<\/p>\n","protected":false},"excerpt":{"rendered":"<p>[fusion_builder_container hundred_percent=&#8221;no&#8221; equal_height_columns=&#8221;no&#8221; menu_anchor=&#8221;&#8221; hide_on_mobile=&#8221;small-visibility,medium-visibility,large-visibility&#8221; class=&#8221;&#8221; id=&#8221;&#8221; background_color=&#8221;&#8221; background_image=&#8221;&#8221; background_position=&#8221;center center&#8221; background_repeat=&#8221;no-repeat&#8221; fade=&#8221;no&#8221; background_parallax=&#8221;none&#8221; parallax_speed=&#8221;0.3&#8243; video_mp4=&#8221;&#8221; video_webm=&#8221;&#8221; video_ogv=&#8221;&#8221; video_url=&#8221;&#8221; video_aspect_ratio=&#8221;16:9&#8243; video_loop=&#8221;yes&#8221; video_mute=&#8221;yes&#8221; overlay_color=&#8221;&#8221; video_preview_image=&#8221;&#8221; border_size=&#8221;&#8221; border_color=&#8221;&#8221; border_style=&#8221;solid&#8221; padding_top=&#8221;&#8221; padding_bottom=&#8221;&#8221; padding_left=&#8221;&#8221; padding_right=&#8221;&#8221;][fusion_builder_row][fusion_builder_column type=&#8221;1_1&#8243; layout=&#8221;1_1&#8243; background_position=&#8221;left top&#8221; background_color=&#8221;&#8221; border_size=&#8221;&#8221; border_color=&#8221;&#8221; border_style=&#8221;solid&#8221; border_position=&#8221;all&#8221; spacing=&#8221;yes&#8221; background_image=&#8221;&#8221; background_repeat=&#8221;no-repeat&#8221; padding_top=&#8221;&#8221; padding_right=&#8221;&#8221; padding_bottom=&#8221;&#8221; padding_left=&#8221;&#8221; margin_top=&#8221;0px&#8221; margin_bottom=&#8221;0px&#8221; class=&#8221;&#8221; id=&#8221;&#8221; animation_type=&#8221;&#8221; animation_speed=&#8221;0.3&#8243; animation_direction=&#8221;left&#8221; hide_on_mobile=&#8221;small-visibility,medium-visibility,large-visibility&#8221; center_content=&#8221;no&#8221; last=&#8221;no&#8221; min_height=&#8221;&#8221; hover_type=&#8221;none&#8221; link=&#8221;&#8221;][fusion_text] REDACCI\u00d3N LA RUTA DEL ROCK \u00ae\u00a0Tiene como objetivo ser un festival rodante de bandas de rock, ante la situaci\u00f3n global que afect\u00f3 la Industria de la M\u00fasica (pandemia) se postergaron las fechas que ya estaban programadas. Por esta raz\u00f3n\u00a0L\u00fadico Producciones\u00a0(Casa [&hellip;]<\/p>\n","protected":false},"author":1,"featured_media":43012,"comment_status":"open","ping_status":"open","sticky":false,"template":"","format":"standard","meta":{"footnotes":""},"categories":[9,11],"tags":[],"_links":{"self":[{"href":"https:\/\/www.bitacoracdmx.com\/index.php?rest_route=\/wp\/v2\/posts\/43011"}],"collection":[{"href":"https:\/\/www.bitacoracdmx.com\/index.php?rest_route=\/wp\/v2\/posts"}],"about":[{"href":"https:\/\/www.bitacoracdmx.com\/index.php?rest_route=\/wp\/v2\/types\/post"}],"author":[{"embeddable":true,"href":"https:\/\/www.bitacoracdmx.com\/index.php?rest_route=\/wp\/v2\/users\/1"}],"replies":[{"embeddable":true,"href":"https:\/\/www.bitacoracdmx.com\/index.php?rest_route=%2Fwp%2Fv2%2Fcomments&post=43011"}],"version-history":[{"count":1,"href":"https:\/\/www.bitacoracdmx.com\/index.php?rest_route=\/wp\/v2\/posts\/43011\/revisions"}],"predecessor-version":[{"id":43013,"href":"https:\/\/www.bitacoracdmx.com\/index.php?rest_route=\/wp\/v2\/posts\/43011\/revisions\/43013"}],"wp:featuredmedia":[{"embeddable":true,"href":"https:\/\/www.bitacoracdmx.com\/index.php?rest_route=\/wp\/v2\/media\/43012"}],"wp:attachment":[{"href":"https:\/\/www.bitacoracdmx.com\/index.php?rest_route=%2Fwp%2Fv2%2Fmedia&parent=43011"}],"wp:term":[{"taxonomy":"category","embeddable":true,"href":"https:\/\/www.bitacoracdmx.com\/index.php?rest_route=%2Fwp%2Fv2%2Fcategories&post=43011"},{"taxonomy":"post_tag","embeddable":true,"href":"https:\/\/www.bitacoracdmx.com\/index.php?rest_route=%2Fwp%2Fv2%2Ftags&post=43011"}],"curies":[{"name":"wp","href":"https:\/\/api.w.org\/{rel}","templated":true}]}}