{"id":43021,"date":"2022-02-27T03:06:34","date_gmt":"2022-02-27T03:06:34","guid":{"rendered":"https:\/\/www.bitacoracdmx.com\/?p=43021"},"modified":"2022-02-27T03:06:34","modified_gmt":"2022-02-27T03:06:34","slug":"vanesa-martin-una-de-las-figuras-mas-importantes-del-panorama-musical-espanol-anuncia-su-gira-por-estados-unidos-y-puerto-rico","status":"publish","type":"post","link":"https:\/\/www.bitacoracdmx.com\/?p=43021","title":{"rendered":"Vanesa Mart\u00edn, una de las figuras m\u00e1s importantes del panorama musical espa\u00f1ol, anuncia su gira por Estados Unidos y Puerto Rico."},"content":{"rendered":"<p>[fusion_builder_container hundred_percent=&#8221;no&#8221; equal_height_columns=&#8221;no&#8221; menu_anchor=&#8221;&#8221; hide_on_mobile=&#8221;small-visibility,medium-visibility,large-visibility&#8221; class=&#8221;&#8221; id=&#8221;&#8221; background_color=&#8221;&#8221; background_image=&#8221;&#8221; background_position=&#8221;center center&#8221; background_repeat=&#8221;no-repeat&#8221; fade=&#8221;no&#8221; background_parallax=&#8221;none&#8221; parallax_speed=&#8221;0.3&#8243; video_mp4=&#8221;&#8221; video_webm=&#8221;&#8221; video_ogv=&#8221;&#8221; video_url=&#8221;&#8221; video_aspect_ratio=&#8221;16:9&#8243; video_loop=&#8221;yes&#8221; video_mute=&#8221;yes&#8221; overlay_color=&#8221;&#8221; video_preview_image=&#8221;&#8221; border_size=&#8221;&#8221; border_color=&#8221;&#8221; border_style=&#8221;solid&#8221; padding_top=&#8221;&#8221; padding_bottom=&#8221;&#8221; padding_left=&#8221;&#8221; padding_right=&#8221;&#8221;][fusion_builder_row][fusion_builder_column type=&#8221;1_1&#8243; layout=&#8221;1_1&#8243; background_position=&#8221;left top&#8221; background_color=&#8221;&#8221; border_size=&#8221;&#8221; border_color=&#8221;&#8221; border_style=&#8221;solid&#8221; border_position=&#8221;all&#8221; spacing=&#8221;yes&#8221; background_image=&#8221;&#8221; background_repeat=&#8221;no-repeat&#8221; padding_top=&#8221;&#8221; padding_right=&#8221;&#8221; padding_bottom=&#8221;&#8221; padding_left=&#8221;&#8221; margin_top=&#8221;0px&#8221; margin_bottom=&#8221;0px&#8221; class=&#8221;&#8221; id=&#8221;&#8221; animation_type=&#8221;&#8221; animation_speed=&#8221;0.3&#8243; animation_direction=&#8221;left&#8221; hide_on_mobile=&#8221;small-visibility,medium-visibility,large-visibility&#8221; center_content=&#8221;no&#8221; last=&#8221;no&#8221; min_height=&#8221;&#8221; hover_type=&#8221;none&#8221; link=&#8221;&#8221;][fusion_text]<\/p>\n<p>REDACCI\u00d3N<\/p>\n<p><em><strong>Se presentar\u00e1 en Nueva York el 12 de Mayo en Town Hall.\u00a0<\/strong><\/em><\/p>\n<p><strong>Tras su \u201csold out\u201d en el teatro\u00a0Fillmore de Miami en marzo 2020, la artista espa\u00f1ola regresa al\u00a0pa\u00eds\u00a0y dar\u00e1 6 conciertos en mayo.\u00a0<\/strong><\/p>\n<p>La cantautora malague\u00f1a\u00a0Vanesa Mart\u00edn llega a los Estados Unidos en mayo pr\u00f3ximo a presentar su \u201cTour USA 2022\u201c, y\u00a0har\u00e1 su primera gira aqu\u00ed despu\u00e9s de un hist\u00f3rico \u201csold out\u201d, y tras llenar todas sus presentaciones en Espa\u00f1a.<\/p>\n<p>Ser\u00e1n\u00a06 fechas bajo la producci\u00f3n de\u00a0Emporio Group.<\/p>\n<p><strong>VANESA MARTIN EN CONCIERTO:\u00a0\u00a0<br aria-hidden=\"true\" \/><br aria-hidden=\"true\" \/>SAN JUAN, PUERTO RICO<\/strong>\u00a0&#8211; Domingo 8 de mayo \/\u00a0Centro de Bellas Artes (Santurce)<br aria-hidden=\"true\" \/><br aria-hidden=\"true\" \/><strong>NEW YORK<\/strong>\u00a0&#8211; Jueves 12 de mayo \/\u00a0Town Hall<\/p>\n<p><strong>WASHINGTON<\/strong>\u00a0&#8211; Viernes 13 de mayo \/\u00a0Lincoln Theater<\/p>\n<p><strong>MIAMI<\/strong>\u00a0&#8211; Domingo 15 de mayo \/\u00a0The Fillmore Miami Beach<\/p>\n<p><strong>LOS ANGELES<\/strong>\u00a0&#8211; Mi\u00e9rcoles 18 de mayo \/\u00a0The Wiltern<\/p>\n<p><strong>SAN FRANCISCO<\/strong>\u00a0&#8211; Viernes 20 de mayo \/\u00a0The Fillmore<\/p>\n<p>Con una gran trayectoria en Espa\u00f1a, Vanesa Mart\u00edn no s\u00f3lo es una compositora con una gran creatividad, sino que tambi\u00e9n\u00a0\u00a0es una de las voces m\u00e1s privilegiadas del mundo art\u00edstico.<\/p>\n<p>Actualmente, Vanesa Mart\u00edn se encuentra trabajando en la grabaci\u00f3n y producci\u00f3n de su pr\u00f3ximo disco de estudio. Hasta el momento, la artista ha publicado siete discos de estudio y tres \u00e1lbumes en directo.<\/p>\n<p>Sus \u00faltimos cuatro discos \u201cCr\u00f3nica de un baile\u201d, \u201cMunay\u201d,\u00a0\u201cTodas las mujeres que habitan en m\u00ed\u201d y \u201cSiete veces s\u00ed\u201d han entrado directamente al N\u00ba1 en ventas en su primera semana en el mercado.<\/p>\n<p>Sus giras le han llevado hasta el \u00faltimo rinc\u00f3n de toda Espa\u00f1a a lleno total y ha dado pasos importantes para asentarse en el mercado latinoamericano, donde la reclaman en pa\u00edses como Argentina, M\u00e9xico, Chile, Colombia, Puerto Rico, y Per\u00fa.<\/p>\n<p>Pastora Soler, Raphael, Mal\u00fa, han grabado temas compuestos por ella y ha colaborado con Joaqu\u00edn Sabina, Alejandro Sanz, Raphael, Miguel Bos\u00e9, Manuel Carrasco, Pablo Albor\u00e1n, Melendi, Kany Garc\u00eda, Axel, Manuel Medrano, Mariza, Abel pinto, entre otros.<\/p>\n<p>\u201cMujer oc\u00e9ano\u201d, su primer libro de poemas consigui\u00f3 una 5\u00aa edici\u00f3n y m\u00e1s de 40.000 libros vendido en nuestro pa\u00eds, editado en Espa\u00f1a, Argentina y Chile.<\/p>\n<p>Vanesa Mart\u00edn es una artista hecha a s\u00ed misma, due\u00f1a de todas sus decisiones, autora e int\u00e9rprete de sus temas, con una personalidad marcad\u00edsima, que funde la canci\u00f3n espa\u00f1ola de toda la vida con el pop contempor\u00e1neo.\u00a0<strong>Vanesa se ha convertido en los \u00faltimos 4 a\u00f1os en una de las artistas femeninas referentes en Espa\u00f1a y Latinoam\u00e9rica<\/strong>.<\/p>\n<p>Hasta la fecha tiene\u00a0<strong>10 Discos de Platino\u00a0<\/strong>y<strong>\u00a015 Discos de Oro;\u00a0<\/strong>acumula cerca de\u00a0<strong>800 millones de streams<\/strong>\u00a0en plataformas digitales y m\u00e1s de<strong>\u00a0600 millones de visualizaciones en Youtube<\/strong>.<\/p>\n<p>Vanesa ha sido premiada, en Espa\u00f1a, en los \u00faltimos a\u00f1os con\u00a0<strong>cuatro Premios Cadena Dial, un Premio Cadena 100, un Premio Ode\u00f3n a \u201cMejor Artista Femenina\u201d, dos Premios Los40 \u201cMejor artista\u201d y \u201cMejor videoclip\u201d, un Premio Ondas y La medalla de Andaluc\u00eda de Las Artes.<\/strong><\/p>\n<p>Elegida por\u00a0<strong>Antonio Banderas\u00a0<\/strong>para protagonizar uno de los seis programas monogr\u00e1ficos \u201c<strong>Escenas en blanco y negro\u201d\u00a0<\/strong>que se public\u00f3 en\u00a0<strong>Amazon<\/strong>.<\/p>\n<p>Ha sido<strong>\u00a0coach<\/strong>\u00a0en dos ediciones de\u00a0<strong>La Voz Kids<\/strong>\u00a0en Espa\u00f1a.<\/p>\n<p>Es la \u00fanica artista femenina en\u00a0<strong>el top 5 de las giras nacionales\u00a0<\/strong>m\u00e1s importantes seg\u00fan la APM. Con su \u00e1lbum \u201c<strong>Todas las mujeres que habitan en m\u00ed\u201d<\/strong>, realiz\u00f3\u00a0una espectacular gira que dur\u00f3\u00a0<strong>dos a\u00f1os, con m\u00e1s de 80 conciertos\u00a0<\/strong>en<strong>\u00a0<\/strong>Espa\u00f1a, Argentina, M\u00e9xico, Chile, Colombia, EEUU, Portugal, Inglaterra, B\u00e9lgica, Francia, Irlanda y Escocia. En 2021 arranc\u00f3\u00a0la gira\u00a0<strong>\u201cSiete<\/strong>\u00a0<strong>Veces Si\u201d<\/strong>, siendo una de las giras m\u00e1s exitosas del pa\u00eds, gira que continuar\u00e1\u00a0durante 2022 sumando fechas en USA y Latinoam\u00e9rica.<\/p>\n<p>[\/fusion_text][fusion_imageframe image_id=&#8221;43022|medium&#8221; max_width=&#8221;&#8221; style_type=&#8221;&#8221; blur=&#8221;&#8221; stylecolor=&#8221;&#8221; hover_type=&#8221;none&#8221; bordersize=&#8221;&#8221; bordercolor=&#8221;&#8221; borderradius=&#8221;&#8221; align=&#8221;none&#8221; lightbox=&#8221;no&#8221; gallery_id=&#8221;&#8221; lightbox_image=&#8221;&#8221; lightbox_image_id=&#8221;&#8221; alt=&#8221;&#8221; link=&#8221;&#8221; linktarget=&#8221;_self&#8221; hide_on_mobile=&#8221;small-visibility,medium-visibility,large-visibility&#8221; class=&#8221;&#8221; id=&#8221;&#8221; animation_type=&#8221;&#8221; animation_direction=&#8221;left&#8221; animation_speed=&#8221;0.3&#8243; animation_offset=&#8221;&#8221;]https:\/\/www.bitacoracdmx.com\/wp-content\/uploads\/2022\/02\/37e3e7ce-6853-f42b-7dab-25bfe6f7cf6c-300&#215;200.jpg[\/fusion_imageframe][\/fusion_builder_column][\/fusion_builder_row][\/fusion_builder_container]<\/p>\n","protected":false},"excerpt":{"rendered":"<p>[fusion_builder_container hundred_percent=&#8221;no&#8221; equal_height_columns=&#8221;no&#8221; menu_anchor=&#8221;&#8221; hide_on_mobile=&#8221;small-visibility,medium-visibility,large-visibility&#8221; class=&#8221;&#8221; id=&#8221;&#8221; background_color=&#8221;&#8221; background_image=&#8221;&#8221; background_position=&#8221;center center&#8221; background_repeat=&#8221;no-repeat&#8221; fade=&#8221;no&#8221; background_parallax=&#8221;none&#8221; parallax_speed=&#8221;0.3&#8243; video_mp4=&#8221;&#8221; video_webm=&#8221;&#8221; video_ogv=&#8221;&#8221; video_url=&#8221;&#8221; video_aspect_ratio=&#8221;16:9&#8243; video_loop=&#8221;yes&#8221; video_mute=&#8221;yes&#8221; overlay_color=&#8221;&#8221; video_preview_image=&#8221;&#8221; border_size=&#8221;&#8221; border_color=&#8221;&#8221; border_style=&#8221;solid&#8221; padding_top=&#8221;&#8221; padding_bottom=&#8221;&#8221; padding_left=&#8221;&#8221; padding_right=&#8221;&#8221;][fusion_builder_row][fusion_builder_column type=&#8221;1_1&#8243; layout=&#8221;1_1&#8243; background_position=&#8221;left top&#8221; background_color=&#8221;&#8221; border_size=&#8221;&#8221; border_color=&#8221;&#8221; border_style=&#8221;solid&#8221; border_position=&#8221;all&#8221; spacing=&#8221;yes&#8221; background_image=&#8221;&#8221; background_repeat=&#8221;no-repeat&#8221; padding_top=&#8221;&#8221; padding_right=&#8221;&#8221; padding_bottom=&#8221;&#8221; padding_left=&#8221;&#8221; margin_top=&#8221;0px&#8221; margin_bottom=&#8221;0px&#8221; class=&#8221;&#8221; id=&#8221;&#8221; animation_type=&#8221;&#8221; animation_speed=&#8221;0.3&#8243; animation_direction=&#8221;left&#8221; hide_on_mobile=&#8221;small-visibility,medium-visibility,large-visibility&#8221; center_content=&#8221;no&#8221; last=&#8221;no&#8221; min_height=&#8221;&#8221; hover_type=&#8221;none&#8221; link=&#8221;&#8221;][fusion_text] REDACCI\u00d3N Se presentar\u00e1 en Nueva York el 12 de Mayo en Town Hall.\u00a0 Tras su \u201csold out\u201d en el teatro\u00a0Fillmore de Miami en marzo 2020, la artista espa\u00f1ola regresa al\u00a0pa\u00eds\u00a0y dar\u00e1 6 conciertos en mayo.\u00a0 La cantautora malague\u00f1a\u00a0Vanesa Mart\u00edn llega [&hellip;]<\/p>\n","protected":false},"author":1,"featured_media":43022,"comment_status":"open","ping_status":"open","sticky":false,"template":"","format":"standard","meta":{"footnotes":""},"categories":[9,11],"tags":[],"_links":{"self":[{"href":"https:\/\/www.bitacoracdmx.com\/index.php?rest_route=\/wp\/v2\/posts\/43021"}],"collection":[{"href":"https:\/\/www.bitacoracdmx.com\/index.php?rest_route=\/wp\/v2\/posts"}],"about":[{"href":"https:\/\/www.bitacoracdmx.com\/index.php?rest_route=\/wp\/v2\/types\/post"}],"author":[{"embeddable":true,"href":"https:\/\/www.bitacoracdmx.com\/index.php?rest_route=\/wp\/v2\/users\/1"}],"replies":[{"embeddable":true,"href":"https:\/\/www.bitacoracdmx.com\/index.php?rest_route=%2Fwp%2Fv2%2Fcomments&post=43021"}],"version-history":[{"count":1,"href":"https:\/\/www.bitacoracdmx.com\/index.php?rest_route=\/wp\/v2\/posts\/43021\/revisions"}],"predecessor-version":[{"id":43023,"href":"https:\/\/www.bitacoracdmx.com\/index.php?rest_route=\/wp\/v2\/posts\/43021\/revisions\/43023"}],"wp:featuredmedia":[{"embeddable":true,"href":"https:\/\/www.bitacoracdmx.com\/index.php?rest_route=\/wp\/v2\/media\/43022"}],"wp:attachment":[{"href":"https:\/\/www.bitacoracdmx.com\/index.php?rest_route=%2Fwp%2Fv2%2Fmedia&parent=43021"}],"wp:term":[{"taxonomy":"category","embeddable":true,"href":"https:\/\/www.bitacoracdmx.com\/index.php?rest_route=%2Fwp%2Fv2%2Fcategories&post=43021"},{"taxonomy":"post_tag","embeddable":true,"href":"https:\/\/www.bitacoracdmx.com\/index.php?rest_route=%2Fwp%2Fv2%2Ftags&post=43021"}],"curies":[{"name":"wp","href":"https:\/\/api.w.org\/{rel}","templated":true}]}}