{"id":43027,"date":"2022-02-27T04:46:21","date_gmt":"2022-02-27T04:46:21","guid":{"rendered":"https:\/\/www.bitacoracdmx.com\/?p=43027"},"modified":"2022-02-27T04:46:21","modified_gmt":"2022-02-27T04:46:21","slug":"con-carmina-burana-y-musica-disco-la-filarmonica-de-las-artes-celebra-xv-anos-de-innovar-la-manera-de-escuchar-musica","status":"publish","type":"post","link":"https:\/\/www.bitacoracdmx.com\/?p=43027","title":{"rendered":"Con CARMINA BURANA y M\u00daSICA DISCO, LA FILARM\u00d3NICA DE LAS ARTES celebra XV A\u00d1OS de innovar la manera de escuchar m\u00fasica."},"content":{"rendered":"<p>[fusion_builder_container hundred_percent=&#8221;no&#8221; equal_height_columns=&#8221;no&#8221; menu_anchor=&#8221;&#8221; hide_on_mobile=&#8221;small-visibility,medium-visibility,large-visibility&#8221; class=&#8221;&#8221; id=&#8221;&#8221; background_color=&#8221;&#8221; background_image=&#8221;&#8221; background_position=&#8221;center center&#8221; background_repeat=&#8221;no-repeat&#8221; fade=&#8221;no&#8221; background_parallax=&#8221;none&#8221; parallax_speed=&#8221;0.3&#8243; video_mp4=&#8221;&#8221; video_webm=&#8221;&#8221; video_ogv=&#8221;&#8221; video_url=&#8221;&#8221; video_aspect_ratio=&#8221;16:9&#8243; video_loop=&#8221;yes&#8221; video_mute=&#8221;yes&#8221; overlay_color=&#8221;&#8221; video_preview_image=&#8221;&#8221; border_size=&#8221;&#8221; border_color=&#8221;&#8221; border_style=&#8221;solid&#8221; padding_top=&#8221;&#8221; padding_bottom=&#8221;&#8221; padding_left=&#8221;&#8221; padding_right=&#8221;&#8221;][fusion_builder_row][fusion_builder_column type=&#8221;1_1&#8243; layout=&#8221;1_1&#8243; background_position=&#8221;left top&#8221; background_color=&#8221;&#8221; border_size=&#8221;&#8221; border_color=&#8221;&#8221; border_style=&#8221;solid&#8221; border_position=&#8221;all&#8221; spacing=&#8221;yes&#8221; background_image=&#8221;&#8221; background_repeat=&#8221;no-repeat&#8221; padding_top=&#8221;&#8221; padding_right=&#8221;&#8221; padding_bottom=&#8221;&#8221; padding_left=&#8221;&#8221; margin_top=&#8221;0px&#8221; margin_bottom=&#8221;0px&#8221; class=&#8221;&#8221; id=&#8221;&#8221; animation_type=&#8221;&#8221; animation_speed=&#8221;0.3&#8243; animation_direction=&#8221;left&#8221; hide_on_mobile=&#8221;small-visibility,medium-visibility,large-visibility&#8221; center_content=&#8221;no&#8221; last=&#8221;no&#8221; min_height=&#8221;&#8221; hover_type=&#8221;none&#8221; link=&#8221;&#8221;][fusion_text]<\/p>\n<p>REDACCI\u00d3N<\/p>\n<div>\n<div class=\"\" dir=\"auto\">\n<div id=\"jsc_c_12y\" class=\"ecm0bbzt hv4rvrfc ihqw7lf3 dati1w0a\" data-ad-comet-preview=\"message\" data-ad-preview=\"message\">\n<div class=\"j83agx80 cbu4d94t ew0dbk1b irj2b8pg\">\n<div class=\"qzhwtbm6 knvmm38d\">\n<div class=\"cxmmr5t8 oygrvhab hcukyx3x c1et5uql o9v6fnle ii04i59q\">\n<div dir=\"auto\">\n<p class=\"x_MsoNormal\"><span lang=\"ES\">&#8211; <\/span>Con m\u00e1s de 50 espect\u00e1culos diferentes y 300 conciertos<span lang=\"ES\">\u00a0la Filarm\u00f3nica de las Artes festeja<\/span><\/p>\n<p class=\"x_MsoNormal\"><span lang=\"ES\">&#8211; Inicia su celebraci\u00f3n con dos magnos conciertos: M\u00fasica Disco y Carmina Burana.<\/span><\/p>\n<p class=\"x_MsoNormal\">En marzo del a\u00f1o\u00a02007 Enrique Abraham V\u00e9lez debut\u00f3 con la \u00a0Filarm\u00f3nica de las Artes con un concierto en el majestuoso Teatro de la Ciudad Esperanza Iris. Con m\u00e1s de 50 espect\u00e1culos diferentes y 300 conciertos despu\u00e9s, el s\u00e1bado 19 y domingo 20 de marzo celebra un fin de semana especial en el Teatro \u00c1ngela Peralta de la Ciudad de M\u00e9xico, donde se viste de gala para celebrar la fiesta de los XV a\u00f1os de la compa\u00f1\u00eda con dos conciertos\u00a0<span lang=\"ES\">consentidos del p\u00fablico<\/span>:\u00a0<b><span lang=\"ES\">Fiebre de Disco, sinf\u00f3nico y Carmina Burana Espectacular.<\/span><\/b><span lang=\"ES\">\u00a0<\/span>Estos conciertos son solo el comienzo de una celebraci\u00f3n que tendr\u00e1 un a\u00f1o de duraci\u00f3n.<\/p>\n<p class=\"x_MsoNormal\"><span lang=\"ES\">Al respecto su director, el maestro Enrique Abraham V\u00e9lez Godoy comenta: \u201cHan sido 15 a\u00f1os de muchas experiencias, como en todos los proyectos, nos hemos enfrentado a cosas buenas y malas, sin embargo, me quedo con los buenos recuerdos y los momentos que hemos compartido con tanto p\u00fablico. A lo largo de este tiempo, hemos dado m\u00e1s de 300 conciertos y eso me pone muy contento, tocando de todo, desde m\u00fasica cl\u00e1sica, hasta m\u00fasica comercial\u201d.<\/span><\/p>\n<p class=\"x_MsoNormal\"><span lang=\"ES\">Cabe destacar que, ambos programas est\u00e1n pensados para la seguridad del p\u00fablico y por ello, se llevan a cabo en un Teatro al aire libre dentro del Parque Lincoln. Los dos conciertos contar\u00e1n con \u201cla maquinaria pesada\u201d de la Filarm\u00f3nica.<\/span><\/p>\n<p class=\"x_MsoNormal\"><span lang=\"ES\">Para\u00a0<b>Fiebre de Disco, sinf\u00f3nico<\/b>, la participaci\u00f3n de la banda r\u00edtmica, que hoy en d\u00eda el P\u00fablico ubica muy bien y que est\u00e1 conformada por mujeres mexicanas; Bianka Roads en la Guitarra, Tania Mora en el Bajo, Yoli Moreno en la Bater\u00eda, adem\u00e1s, de las voces consentidas que han acompa\u00f1ado a la orquesta en otras producciones; Daniel P\u00e1ez, Juan Pablo Ruiz, Larissa Urbina, Maricel Tuero, Mayte De Samaniego y Omar Olvera, la producci\u00f3n es\u00a0 de la Filarm\u00f3nica de las Artes encabezada por Abraham V\u00e9lez con la participaci\u00f3n de Dunkel Arts y Diego Careaga.<\/span><\/p>\n<p class=\"x_MsoNormal\"><span lang=\"EN-US\">El Repertorio estar\u00e1 conformado por \u00e9xitos de los 70s y 80s como: A Fifth of Beethoven, \u00a0ABBA Medley, \u00a0Last Train to London, This Will Be<\/span><span lang=\"EN-US\">,\u00a0<\/span><span lang=\"EN-US\">Last Dance<\/span><span lang=\"EN-US\">,\u00a0<\/span><span lang=\"EN-US\">I Will Survive<\/span><span lang=\"EN-US\">,\u00a0<\/span><span lang=\"EN-US\">Can&#8217;t Take My Eyes Off You<\/span><span lang=\"EN-US\">, entre otros.<\/span><span lang=\"EN-US\">\u00a0<\/span><\/p>\n<p class=\"x_MsoNormal\"><span lang=\"EN-US\">\u00a0<\/span><span lang=\"ES\">Para\u00a0<b>Carmina Burana<\/b>\u00a0<b>Espectacular<\/b>, participar\u00e1 nuevamente el Coro de las Artes, agrupaci\u00f3n creada por la Filarm\u00f3nica en el a\u00f1o 2021, su director art\u00edstico Vladimir Rueda y el asesor vocal Isaac Ba\u00f1uelos.<\/span><\/p>\n<p class=\"x_MsoNormal\"><span lang=\"ES\">\u00a0<\/span><span lang=\"ES\">Los conciertos se llevar\u00e1n a cabo el fin de semana del s\u00e1bado 19 y domingo 20 marzo a las 19:00 horas en el Teatro \u00c1ngela Peralta ubicado en la alcald\u00eda Miguel Hidalgo en la Ciudad de M\u00e9xico. Los boletos tienen un costo de $350 y est\u00e1n disponibles en la p\u00e1gina web de la orquesta\u00a0<a href=\"https:\/\/filarmonicadelasartes.com.mx\/boletos\" target=\"_blank\" rel=\"noopener noreferrer\" data-auth=\"NotApplicable\" data-linkindex=\"0\">https:\/\/filarmonicadelasartes.com.mx\/boletos<\/a>\u00a0m\u00e1s informaci\u00f3n, disponible en los tel\u00e9fonos de la Filarm\u00f3nica 5555545969.<\/span><\/p>\n<\/div>\n<\/div>\n<\/div>\n<\/div>\n<\/div>\n<\/div>\n<div id=\"jsc_c_12z\" class=\"l9j0dhe7\">\n<div class=\"l9j0dhe7\">\n<div class=\"l9j0dhe7\">\n<div class=\"l9j0dhe7\">\n<div class=\"ni8dbmo4 stjgntxs pmk7jnqg\">\n<div class=\"n00je7tq arfg74bv qs9ysxi8 k77z8yql i09qtzwb n7fi1qx3 b5wmifdl hzruof5a pmk7jnqg j9ispegn kr520xx4 c5ndavph art1omkt ot9fgl3s\" data-visualcompletion=\"ignore\"><\/div>\n<\/div>\n<div class=\"ni8dbmo4 stjgntxs pmk7jnqg\">\n<div class=\"stjgntxs ni8dbmo4\">\n<div class=\"do00u71z ni8dbmo4 stjgntxs l9j0dhe7\">\n<div class=\"pmk7jnqg kr520xx4\"><\/div>\n<\/div>\n<div class=\"kr520xx4 j9ispegn pmk7jnqg hzruof5a n7fi1qx3 rq0escxv i09qtzwb opwvks06 linmgsc8\"><\/div>\n<\/div>\n<div class=\"n00je7tq arfg74bv qs9ysxi8 k77z8yql i09qtzwb n7fi1qx3 b5wmifdl hzruof5a pmk7jnqg j9ispegn kr520xx4 c5ndavph art1omkt ot9fgl3s\" data-visualcompletion=\"ignore\"><\/div>\n<\/div>\n<\/div>\n<\/div>\n<\/div>\n<\/div>\n<\/div>\n<div>\n<div class=\"stjgntxs ni8dbmo4 l82x9zwi uo3d90p7 h905i5nu monazrh9\" data-visualcompletion=\"ignore-dynamic\">\n<div>\n<div>\n<div>\n<div class=\"tvfksri0 ozuftl9m\">\n<div class=\"rq0escxv l9j0dhe7 du4w35lb j83agx80 pfnyh3mw i1fnvgqd gs1a9yip owycx6da btwxx1t3 ph5uu5jm b3onmgus e5nlhep0 ecm0bbzt nkwizq5d roh60bw9 mysgfdmx hddg9phg\">\n<div class=\"rq0escxv l9j0dhe7 du4w35lb j83agx80 cbu4d94t d2edcug0 hpfvmrgz rj1gh0hx buofh1pr g5gj957u n8tt0mok hyh9befq iuny7tx3 ipjc6fyt\">\n<div class=\"oajrlxb2 gs1a9yip g5ia77u1 mtkw9kbi tlpljxtp qensuy8j ppp5ayq2 goun2846 ccm00jje s44p3ltw mk2mc5f4 rt8b4zig n8ej3o3l agehan2d sk4xxmp2 rq0escxv nhd2j8a9 mg4g778l pfnyh3mw p7hjln8o kvgmc6g5 cxmmr5t8 oygrvhab hcukyx3x tgvbjcpo hpfvmrgz jb3vyjys rz4wbd8a qt6c0cv9 a8nywdso l9j0dhe7 i1ao9s8h esuyzwwr f1sip0of du4w35lb n00je7tq arfg74bv qs9ysxi8 k77z8yql pq6dq46d btwxx1t3 abiwlrkh p8dawk7l lzcic4wl\" tabindex=\"0\" role=\"button\" aria-label=\"Enviar esto a tus amigos o publicarlo en tu biograf\u00eda\">\n<div class=\"rq0escxv l9j0dhe7 du4w35lb j83agx80 rj1gh0hx buofh1pr g5gj957u hpfvmrgz taijpn5t bp9cbjyn owycx6da btwxx1t3 d1544ag0 tw6a2znq jb3vyjys dlv3wnog rl04r1d5 mysgfdmx hddg9phg qu8okrzs g0qnabr5\">\n<div class=\"rq0escxv l9j0dhe7 du4w35lb j83agx80 cbu4d94t pfnyh3mw d2edcug0 hpfvmrgz ph5uu5jm b3onmgus iuny7tx3 ipjc6fyt\"><\/div>\n<\/div>\n<div class=\"n00je7tq arfg74bv qs9ysxi8 k77z8yql i09qtzwb n7fi1qx3 b5wmifdl hzruof5a pmk7jnqg j9ispegn kr520xx4 c5ndavph art1omkt ot9fgl3s\" data-visualcompletion=\"ignore\"><\/div>\n<\/div>\n<\/div>\n<\/div>\n<\/div>\n<\/div>\n<\/div>\n<div class=\"cwj9ozl2 tvmbv18p\"><\/div>\n<\/div>\n<\/div>\n<\/div>\n<p>[\/fusion_text][fusion_imageframe image_id=&#8221;43028|medium&#8221; max_width=&#8221;&#8221; style_type=&#8221;&#8221; blur=&#8221;&#8221; stylecolor=&#8221;&#8221; hover_type=&#8221;none&#8221; bordersize=&#8221;&#8221; bordercolor=&#8221;&#8221; borderradius=&#8221;&#8221; align=&#8221;none&#8221; lightbox=&#8221;no&#8221; gallery_id=&#8221;&#8221; lightbox_image=&#8221;&#8221; lightbox_image_id=&#8221;&#8221; alt=&#8221;&#8221; link=&#8221;&#8221; linktarget=&#8221;_self&#8221; hide_on_mobile=&#8221;small-visibility,medium-visibility,large-visibility&#8221; class=&#8221;&#8221; id=&#8221;&#8221; animation_type=&#8221;&#8221; animation_direction=&#8221;left&#8221; animation_speed=&#8221;0.3&#8243; animation_offset=&#8221;&#8221;]https:\/\/www.bitacoracdmx.com\/wp-content\/uploads\/2022\/02\/274493856_1061737981039847_4865104147942575029_n-223&#215;300.jpg[\/fusion_imageframe][\/fusion_builder_column][\/fusion_builder_row][\/fusion_builder_container]<\/p>\n","protected":false},"excerpt":{"rendered":"<p>[fusion_builder_container hundred_percent=&#8221;no&#8221; equal_height_columns=&#8221;no&#8221; menu_anchor=&#8221;&#8221; hide_on_mobile=&#8221;small-visibility,medium-visibility,large-visibility&#8221; class=&#8221;&#8221; id=&#8221;&#8221; background_color=&#8221;&#8221; background_image=&#8221;&#8221; background_position=&#8221;center center&#8221; background_repeat=&#8221;no-repeat&#8221; fade=&#8221;no&#8221; background_parallax=&#8221;none&#8221; parallax_speed=&#8221;0.3&#8243; video_mp4=&#8221;&#8221; video_webm=&#8221;&#8221; video_ogv=&#8221;&#8221; video_url=&#8221;&#8221; video_aspect_ratio=&#8221;16:9&#8243; video_loop=&#8221;yes&#8221; video_mute=&#8221;yes&#8221; overlay_color=&#8221;&#8221; video_preview_image=&#8221;&#8221; border_size=&#8221;&#8221; border_color=&#8221;&#8221; border_style=&#8221;solid&#8221; padding_top=&#8221;&#8221; padding_bottom=&#8221;&#8221; padding_left=&#8221;&#8221; padding_right=&#8221;&#8221;][fusion_builder_row][fusion_builder_column type=&#8221;1_1&#8243; layout=&#8221;1_1&#8243; background_position=&#8221;left top&#8221; background_color=&#8221;&#8221; border_size=&#8221;&#8221; border_color=&#8221;&#8221; border_style=&#8221;solid&#8221; border_position=&#8221;all&#8221; spacing=&#8221;yes&#8221; background_image=&#8221;&#8221; background_repeat=&#8221;no-repeat&#8221; padding_top=&#8221;&#8221; padding_right=&#8221;&#8221; padding_bottom=&#8221;&#8221; padding_left=&#8221;&#8221; margin_top=&#8221;0px&#8221; margin_bottom=&#8221;0px&#8221; class=&#8221;&#8221; id=&#8221;&#8221; animation_type=&#8221;&#8221; animation_speed=&#8221;0.3&#8243; animation_direction=&#8221;left&#8221; hide_on_mobile=&#8221;small-visibility,medium-visibility,large-visibility&#8221; center_content=&#8221;no&#8221; last=&#8221;no&#8221; min_height=&#8221;&#8221; hover_type=&#8221;none&#8221; link=&#8221;&#8221;][fusion_text] REDACCI\u00d3N &#8211; Con m\u00e1s de 50 espect\u00e1culos diferentes y 300 conciertos\u00a0la Filarm\u00f3nica de las Artes festeja &#8211; Inicia su celebraci\u00f3n con dos magnos conciertos: M\u00fasica Disco y Carmina Burana. En marzo del a\u00f1o\u00a02007 Enrique Abraham V\u00e9lez debut\u00f3 con la \u00a0Filarm\u00f3nica [&hellip;]<\/p>\n","protected":false},"author":1,"featured_media":43028,"comment_status":"open","ping_status":"open","sticky":false,"template":"","format":"standard","meta":{"footnotes":""},"categories":[9,11],"tags":[],"_links":{"self":[{"href":"https:\/\/www.bitacoracdmx.com\/index.php?rest_route=\/wp\/v2\/posts\/43027"}],"collection":[{"href":"https:\/\/www.bitacoracdmx.com\/index.php?rest_route=\/wp\/v2\/posts"}],"about":[{"href":"https:\/\/www.bitacoracdmx.com\/index.php?rest_route=\/wp\/v2\/types\/post"}],"author":[{"embeddable":true,"href":"https:\/\/www.bitacoracdmx.com\/index.php?rest_route=\/wp\/v2\/users\/1"}],"replies":[{"embeddable":true,"href":"https:\/\/www.bitacoracdmx.com\/index.php?rest_route=%2Fwp%2Fv2%2Fcomments&post=43027"}],"version-history":[{"count":1,"href":"https:\/\/www.bitacoracdmx.com\/index.php?rest_route=\/wp\/v2\/posts\/43027\/revisions"}],"predecessor-version":[{"id":43029,"href":"https:\/\/www.bitacoracdmx.com\/index.php?rest_route=\/wp\/v2\/posts\/43027\/revisions\/43029"}],"wp:featuredmedia":[{"embeddable":true,"href":"https:\/\/www.bitacoracdmx.com\/index.php?rest_route=\/wp\/v2\/media\/43028"}],"wp:attachment":[{"href":"https:\/\/www.bitacoracdmx.com\/index.php?rest_route=%2Fwp%2Fv2%2Fmedia&parent=43027"}],"wp:term":[{"taxonomy":"category","embeddable":true,"href":"https:\/\/www.bitacoracdmx.com\/index.php?rest_route=%2Fwp%2Fv2%2Fcategories&post=43027"},{"taxonomy":"post_tag","embeddable":true,"href":"https:\/\/www.bitacoracdmx.com\/index.php?rest_route=%2Fwp%2Fv2%2Ftags&post=43027"}],"curies":[{"name":"wp","href":"https:\/\/api.w.org\/{rel}","templated":true}]}}