{"id":43036,"date":"2022-02-27T21:37:58","date_gmt":"2022-02-27T21:37:58","guid":{"rendered":"https:\/\/www.bitacoracdmx.com\/?p=43036"},"modified":"2022-02-27T21:37:58","modified_gmt":"2022-02-27T21:37:58","slug":"andrea-bocelli-llevo-al-paraiso-a-la-riviera-maya-con-imponente-show","status":"publish","type":"post","link":"https:\/\/www.bitacoracdmx.com\/?p=43036","title":{"rendered":"ANDREA BOCELLI llevo al para\u00edso a la RIVIERA MAYA con imponente show"},"content":{"rendered":"<p>[fusion_builder_container hundred_percent=&#8221;no&#8221; equal_height_columns=&#8221;no&#8221; menu_anchor=&#8221;&#8221; hide_on_mobile=&#8221;small-visibility,medium-visibility,large-visibility&#8221; class=&#8221;&#8221; id=&#8221;&#8221; background_color=&#8221;&#8221; background_image=&#8221;&#8221; background_position=&#8221;center center&#8221; background_repeat=&#8221;no-repeat&#8221; fade=&#8221;no&#8221; background_parallax=&#8221;none&#8221; parallax_speed=&#8221;0.3&#8243; video_mp4=&#8221;&#8221; video_webm=&#8221;&#8221; video_ogv=&#8221;&#8221; video_url=&#8221;&#8221; video_aspect_ratio=&#8221;16:9&#8243; video_loop=&#8221;yes&#8221; video_mute=&#8221;yes&#8221; overlay_color=&#8221;&#8221; video_preview_image=&#8221;&#8221; border_size=&#8221;&#8221; border_color=&#8221;&#8221; border_style=&#8221;solid&#8221; padding_top=&#8221;&#8221; padding_bottom=&#8221;&#8221; padding_left=&#8221;&#8221; padding_right=&#8221;&#8221;][fusion_builder_row][fusion_builder_column type=&#8221;1_1&#8243; layout=&#8221;1_1&#8243; background_position=&#8221;left top&#8221; background_color=&#8221;&#8221; border_size=&#8221;&#8221; border_color=&#8221;&#8221; border_style=&#8221;solid&#8221; border_position=&#8221;all&#8221; spacing=&#8221;yes&#8221; background_image=&#8221;&#8221; background_repeat=&#8221;no-repeat&#8221; padding_top=&#8221;&#8221; padding_right=&#8221;&#8221; padding_bottom=&#8221;&#8221; padding_left=&#8221;&#8221; margin_top=&#8221;0px&#8221; margin_bottom=&#8221;0px&#8221; class=&#8221;&#8221; id=&#8221;&#8221; animation_type=&#8221;&#8221; animation_speed=&#8221;0.3&#8243; animation_direction=&#8221;left&#8221; hide_on_mobile=&#8221;small-visibility,medium-visibility,large-visibility&#8221; center_content=&#8221;no&#8221; last=&#8221;no&#8221; min_height=&#8221;&#8221; hover_type=&#8221;none&#8221; link=&#8221;&#8221;][fusion_text]<\/p>\n<p>REDACCI\u00d3N<\/p>\n<p><b>Por tres horas que supieron a poco, el tenor italiano Andrea Bocelli hizo tocar el cielo a la Riviera Maya. Con una imagen digna de ensue\u00f1o, donde el mar fue una parte m\u00e1s de una escenograf\u00eda que invitaba al hedonismo, a la contemplaci\u00f3n, al shock visual que entremezclaban los visuales de la pantalla del escenario con el ruido de las olas y una m\u00fasica extraordinariamente ejecutada por la Orquesta Sinf\u00f3nica de Yucat\u00e1n. Un cuadro que cualquier pintor querr\u00eda plasmar por su belleza, algo hermoso que solo un poeta podr\u00eda imaginar y narrar.<\/b><\/p>\n<p><b>La interpretaci\u00f3n de piezas magistrales, sumados a los colores de un ocaso que ba\u00f1\u00f3 desde el cielo a los miles de asistentes con luces multicolor (como si la naturaleza tambi\u00e9n hubiese querido participar en esta sesi\u00f3n que quedar\u00e1 en el recuerdo de todos), hizo que Bocelli, por una noche, lograra el cometido de poner el para\u00edso m\u00e1s cerca de M\u00e9xico. Y de hecho lo logr\u00f3, porque parec\u00eda como si todos pudieran tocar un pedacito de \u00e9l con sus cinco sentidos, gracias al empe\u00f1o de la promotora Music Vibe, que sigue acercando a M\u00e9xico conciertos \u00fanicos e irrepetibles como \u00e9ste a lo largo del pa\u00eds. \u00a0<\/b><\/p>\n<p><b>No cabe duda que fu\u00e9 el concierto m\u00e1s importante de los \u00faltimos a\u00f1os en un terreno -de por s\u00ed- paradis\u00edaco como es la Riviera Maya, que hizo que el p\u00fablico saliera m\u00e1s que satisfecho luego de un cuidadoso repertorio de hits en los que se mezclaron dos vertientes, un cuadro oper\u00edstico y canciones m\u00e1s actuales, separados por un intermedio. Asombra la capacidad del tenor para cruzar ambas fronteras sin pudor, envuelto en una especie de misticismo que hipnotiza a la audiencia con una prodigiosa voz que representa lo mejor y lo m\u00e1s bello del esp\u00edritu humano. Es justo esa promiscua y hermosa vertiente la mayor virtud que el concierto tuvo, pues en parte escuchar a Giacomo Puccini o Giuseppe Verdi, mezclados con composiciones de Armando Manzanero y Consuelo Vel\u00e1zquez, es como cumplir una fantas\u00eda en un mundo donde todos los gustos caben.<\/b><\/p>\n<p><b>Y como Bocelli sabe mejor que nadie que la vida es un privilegio que hay que saber honrar, lo hizo como siempre: cantando como nunca, super\u00e1ndose a s\u00ed mismo, haciendo que todo mundo se sienta m\u00e1s vivo. Eugene Kohn (el mismo que dirigi\u00f3 el concierto de Pl\u00e1cido Domingo en Chich\u00e9n Itz\u00e1) fue el mejor de sus c\u00f3mplices. Ni que decir de las actuaciones especiales como fueron las de la mexican\u00edsima Susana Zabaleta que engalan\u00f3 con todo orgullo y dignidad su interpretaci\u00f3n de &#8220;Contigo en la Distancia&#8221; y \u201cVivo por ella\u201d al lado de Bocelli, o la participaci\u00f3n de su hija Virginia con \u201cHallelujah\u201d y hasta \u201cPerfect Symphony\u201d, de Ed Sheeran, interpretada junto a su hijo Matteo Bocelli, que justamente aprovech\u00f3 su visita a M\u00e9xico como parte del elenco de esta noche, para presentar su primer sencillo en espa\u00f1ol \u201cDime\u201d, escrita junto al m\u00fasico italiano Alessandro Mahmoud.<\/b><\/p>\n<p><b>As\u00ed, mientras el tenor se prodigaba en mantener viva su leyenda y su legado, con unos hijos llenos de talento heredados del padre que lo acompa\u00f1aron en el escenario, los privilegiados que asistieron (5,500 seg\u00fan cifras oficiales) se encontraban en el \u00e9xtasis total. No era para menos. Hab\u00edan recibido ya su peque\u00f1a dosis de leyenda que se llevaron gustosos a casa. De una que ya es inmortal y que residir\u00e1 por siempre en el olimpo de los m\u00e1s grandes. \u00c9sa leyenda es el maestro Andrea Bocelli, que toc\u00f3 el coraz\u00f3n de M\u00e9xico gracias a la promotora Music Vibe.\u00a0<\/b><\/p>\n<p>[\/fusion_text][fusion_gallery layout=&#8221;&#8221; picture_size=&#8221;&#8221; columns=&#8221;&#8221; column_spacing=&#8221;10&#8243; gallery_masonry_grid_ratio=&#8221;&#8221; gallery_masonry_width_double=&#8221;&#8221; hover_type=&#8221;&#8221; lightbox=&#8221;yes&#8221; lightbox_content=&#8221;&#8221; bordersize=&#8221;&#8221; bordercolor=&#8221;&#8221; border_radius=&#8221;&#8221; hide_on_mobile=&#8221;small-visibility,medium-visibility,large-visibility&#8221; class=&#8221;&#8221; id=&#8221;&#8221;][fusion_gallery_image image=&#8221;https:\/\/www.bitacoracdmx.com\/wp-content\/uploads\/2022\/02\/ANDREA-BOCELLI-LIVE-CANCUN-FOTO5-SUSANA-200&#215;300.jpeg&#8221; image_id=&#8221;43038|medium&#8221; link=&#8221;&#8221; linktarget=&#8221;_self&#8221; \/][fusion_gallery_image image=&#8221;https:\/\/www.bitacoracdmx.com\/wp-content\/uploads\/2022\/02\/ANDREA-BOCELLI-LIVE-CANCUN-FOTO1-300&#215;200.jpeg&#8221; image_id=&#8221;43039|medium&#8221; link=&#8221;&#8221; linktarget=&#8221;_self&#8221; \/][fusion_gallery_image image=&#8221;https:\/\/www.bitacoracdmx.com\/wp-content\/uploads\/2022\/02\/ANDREA-BOCELLI-LIVE-CANCUN-FOTO6-VIRGINIA-300&#215;200.jpeg&#8221; image_id=&#8221;43040|medium&#8221; link=&#8221;&#8221; linktarget=&#8221;_self&#8221; \/][fusion_gallery_image image=&#8221;https:\/\/www.bitacoracdmx.com\/wp-content\/uploads\/2022\/02\/ANDREA-BOCELLI-LIVE-CANCUN-FOTO2-200&#215;300.jpeg&#8221; image_id=&#8221;43041|medium&#8221; link=&#8221;&#8221; linktarget=&#8221;_self&#8221; \/][fusion_gallery_image image=&#8221;https:\/\/www.bitacoracdmx.com\/wp-content\/uploads\/2022\/02\/ANDREA-BOCELLI-LIVE-CANCUN-FOTO7-300&#215;200.jpeg&#8221; image_id=&#8221;43042|medium&#8221; link=&#8221;&#8221; linktarget=&#8221;_self&#8221; \/][fusion_gallery_image image=&#8221;https:\/\/www.bitacoracdmx.com\/wp-content\/uploads\/2022\/02\/ANDREA-BOCELLI-LIVE-CANCUN-FOTO3-200&#215;300.jpeg&#8221; image_id=&#8221;43043|medium&#8221; link=&#8221;&#8221; linktarget=&#8221;_self&#8221; \/][fusion_gallery_image image=&#8221;https:\/\/www.bitacoracdmx.com\/wp-content\/uploads\/2022\/02\/ANDREA-BOCELLI-LIVE-CANCUN-FOTO8-SUSANA-200&#215;300.jpeg&#8221; image_id=&#8221;43044|medium&#8221; link=&#8221;&#8221; linktarget=&#8221;_self&#8221; \/][fusion_gallery_image image=&#8221;https:\/\/www.bitacoracdmx.com\/wp-content\/uploads\/2022\/02\/ANDREA-BOCELLI-LIVE-CANCUN-FOTO4-SUSANA-200&#215;300.jpeg&#8221; image_id=&#8221;43045|medium&#8221; link=&#8221;&#8221; linktarget=&#8221;_self&#8221; \/][\/fusion_gallery][\/fusion_builder_column][\/fusion_builder_row][\/fusion_builder_container]<\/p>\n","protected":false},"excerpt":{"rendered":"<p>[fusion_builder_container hundred_percent=&#8221;no&#8221; equal_height_columns=&#8221;no&#8221; menu_anchor=&#8221;&#8221; hide_on_mobile=&#8221;small-visibility,medium-visibility,large-visibility&#8221; class=&#8221;&#8221; id=&#8221;&#8221; background_color=&#8221;&#8221; background_image=&#8221;&#8221; background_position=&#8221;center center&#8221; background_repeat=&#8221;no-repeat&#8221; fade=&#8221;no&#8221; background_parallax=&#8221;none&#8221; parallax_speed=&#8221;0.3&#8243; video_mp4=&#8221;&#8221; video_webm=&#8221;&#8221; video_ogv=&#8221;&#8221; video_url=&#8221;&#8221; video_aspect_ratio=&#8221;16:9&#8243; video_loop=&#8221;yes&#8221; video_mute=&#8221;yes&#8221; overlay_color=&#8221;&#8221; video_preview_image=&#8221;&#8221; border_size=&#8221;&#8221; border_color=&#8221;&#8221; border_style=&#8221;solid&#8221; padding_top=&#8221;&#8221; padding_bottom=&#8221;&#8221; padding_left=&#8221;&#8221; padding_right=&#8221;&#8221;][fusion_builder_row][fusion_builder_column type=&#8221;1_1&#8243; layout=&#8221;1_1&#8243; background_position=&#8221;left top&#8221; background_color=&#8221;&#8221; border_size=&#8221;&#8221; border_color=&#8221;&#8221; border_style=&#8221;solid&#8221; border_position=&#8221;all&#8221; spacing=&#8221;yes&#8221; background_image=&#8221;&#8221; background_repeat=&#8221;no-repeat&#8221; padding_top=&#8221;&#8221; padding_right=&#8221;&#8221; padding_bottom=&#8221;&#8221; padding_left=&#8221;&#8221; margin_top=&#8221;0px&#8221; margin_bottom=&#8221;0px&#8221; class=&#8221;&#8221; id=&#8221;&#8221; animation_type=&#8221;&#8221; animation_speed=&#8221;0.3&#8243; animation_direction=&#8221;left&#8221; hide_on_mobile=&#8221;small-visibility,medium-visibility,large-visibility&#8221; center_content=&#8221;no&#8221; last=&#8221;no&#8221; min_height=&#8221;&#8221; hover_type=&#8221;none&#8221; link=&#8221;&#8221;][fusion_text] REDACCI\u00d3N Por tres horas que supieron a poco, el tenor italiano Andrea Bocelli hizo tocar el cielo a la Riviera Maya. Con una imagen digna de ensue\u00f1o, donde el mar fue una parte m\u00e1s de una escenograf\u00eda que invitaba al [&hellip;]<\/p>\n","protected":false},"author":1,"featured_media":43042,"comment_status":"open","ping_status":"open","sticky":false,"template":"","format":"standard","meta":{"footnotes":""},"categories":[9,11],"tags":[],"_links":{"self":[{"href":"https:\/\/www.bitacoracdmx.com\/index.php?rest_route=\/wp\/v2\/posts\/43036"}],"collection":[{"href":"https:\/\/www.bitacoracdmx.com\/index.php?rest_route=\/wp\/v2\/posts"}],"about":[{"href":"https:\/\/www.bitacoracdmx.com\/index.php?rest_route=\/wp\/v2\/types\/post"}],"author":[{"embeddable":true,"href":"https:\/\/www.bitacoracdmx.com\/index.php?rest_route=\/wp\/v2\/users\/1"}],"replies":[{"embeddable":true,"href":"https:\/\/www.bitacoracdmx.com\/index.php?rest_route=%2Fwp%2Fv2%2Fcomments&post=43036"}],"version-history":[{"count":1,"href":"https:\/\/www.bitacoracdmx.com\/index.php?rest_route=\/wp\/v2\/posts\/43036\/revisions"}],"predecessor-version":[{"id":43046,"href":"https:\/\/www.bitacoracdmx.com\/index.php?rest_route=\/wp\/v2\/posts\/43036\/revisions\/43046"}],"wp:featuredmedia":[{"embeddable":true,"href":"https:\/\/www.bitacoracdmx.com\/index.php?rest_route=\/wp\/v2\/media\/43042"}],"wp:attachment":[{"href":"https:\/\/www.bitacoracdmx.com\/index.php?rest_route=%2Fwp%2Fv2%2Fmedia&parent=43036"}],"wp:term":[{"taxonomy":"category","embeddable":true,"href":"https:\/\/www.bitacoracdmx.com\/index.php?rest_route=%2Fwp%2Fv2%2Fcategories&post=43036"},{"taxonomy":"post_tag","embeddable":true,"href":"https:\/\/www.bitacoracdmx.com\/index.php?rest_route=%2Fwp%2Fv2%2Ftags&post=43036"}],"curies":[{"name":"wp","href":"https:\/\/api.w.org\/{rel}","templated":true}]}}