{"id":43048,"date":"2022-03-01T02:25:09","date_gmt":"2022-03-01T02:25:09","guid":{"rendered":"https:\/\/www.bitacoracdmx.com\/?p=43048"},"modified":"2022-03-01T02:25:09","modified_gmt":"2022-03-01T02:25:09","slug":"the-locos-lanza-libro-y-presenta-tema-alusivo-al-rayo-vallecano","status":"publish","type":"post","link":"https:\/\/www.bitacoracdmx.com\/?p=43048","title":{"rendered":"THE LOCOS lanza libro y presenta tema alusivo al RAYO VALLECANO."},"content":{"rendered":"<p>[fusion_builder_container hundred_percent=&#8221;no&#8221; equal_height_columns=&#8221;no&#8221; menu_anchor=&#8221;&#8221; hide_on_mobile=&#8221;small-visibility,medium-visibility,large-visibility&#8221; class=&#8221;&#8221; id=&#8221;&#8221; background_color=&#8221;&#8221; background_image=&#8221;&#8221; background_position=&#8221;center center&#8221; background_repeat=&#8221;no-repeat&#8221; fade=&#8221;no&#8221; background_parallax=&#8221;none&#8221; parallax_speed=&#8221;0.3&#8243; video_mp4=&#8221;&#8221; video_webm=&#8221;&#8221; video_ogv=&#8221;&#8221; video_url=&#8221;&#8221; video_aspect_ratio=&#8221;16:9&#8243; video_loop=&#8221;yes&#8221; video_mute=&#8221;yes&#8221; overlay_color=&#8221;&#8221; video_preview_image=&#8221;&#8221; border_size=&#8221;&#8221; border_color=&#8221;&#8221; border_style=&#8221;solid&#8221; padding_top=&#8221;&#8221; padding_bottom=&#8221;&#8221; padding_left=&#8221;&#8221; padding_right=&#8221;&#8221;][fusion_builder_row][fusion_builder_column type=&#8221;1_1&#8243; layout=&#8221;1_1&#8243; background_position=&#8221;left top&#8221; background_color=&#8221;&#8221; border_size=&#8221;&#8221; border_color=&#8221;&#8221; border_style=&#8221;solid&#8221; border_position=&#8221;all&#8221; spacing=&#8221;yes&#8221; background_image=&#8221;&#8221; background_repeat=&#8221;no-repeat&#8221; padding_top=&#8221;&#8221; padding_right=&#8221;&#8221; padding_bottom=&#8221;&#8221; padding_left=&#8221;&#8221; margin_top=&#8221;0px&#8221; margin_bottom=&#8221;0px&#8221; class=&#8221;&#8221; id=&#8221;&#8221; animation_type=&#8221;&#8221; animation_speed=&#8221;0.3&#8243; animation_direction=&#8221;left&#8221; hide_on_mobile=&#8221;small-visibility,medium-visibility,large-visibility&#8221; center_content=&#8221;no&#8221; last=&#8221;no&#8221; min_height=&#8221;&#8221; hover_type=&#8221;none&#8221; link=&#8221;&#8221;][fusion_text]<\/p>\n<p>REDACCI\u00d3N<\/p>\n<p><b><i>*Se presentar\u00e1 en M\u00e9xico en el Festival Ixtapaluska (Estado de M\u00e9xico) el pr\u00f3ximo 2 de Abril<\/i><\/b><\/p>\n<p>Tras su exitosa incursi\u00f3n como una de las bandas estelares del pasado Skatex, un festival asentado en M\u00e9xico y para el cual llegaron a presentarse antes m\u00e1s de 30 mil personas, los ib\u00e9ricos encabezados por Pipi se encuentran presentando su nuevo sencillo alusivo al Rayo Vallecano y preparando la que ser\u00e1 una importante gira en 2022 por todo el continente americano, en un punto en el que por fin les ha llegado la consolidaci\u00f3n que se han ganado a pulso reventando de gente los lugares por los que se han presentado y haciendo sets memorables en todas partes del hemisferio.<\/p>\n<p>Por ello se ha confirmado ya su primer fecha de este a\u00f1o en el continente y ser\u00e1 en el Estado de M\u00e9xico, donde The Locos ser\u00e1n uno de los artistas estelares del Festival Ixtapaluska, adem\u00e1s que est\u00e1n ya pr\u00f3ximo a lanzar su primer libero titulado \u201cSkapando hacia la Lokura\u201d, escrito por su frontman Ricardo \u201cPipi\u201d Delgado, el cual ser\u00e1 lanzado de forma oficial el pr\u00f3ximo 25 de Marzo en M\u00e9xico y en el que narra su vida como parte de dos proyectos muy grandes en el ska iberoamericano, primero con Ska-P y luego con The Locos, en el que critica \u201cla hipocres\u00eda de la m\u00fasica \u201ccombativa\u201d\u201d.<\/p>\n<p>Y es que The Locos se han convertido en una explosiva mezcla de ska y punk mel\u00f3dico, con letras incendiarias y corrosivas, donde la visualidad de sus conciertos no pasa desapercibida para nadie. As\u00ed lo dej\u00f3 ver Pipi desde el inicio del grupo, cuando a\u00fan siendo el segundo cantante y showman del grupo Ska-p, se embarca en solitario para dar rienda a su vena creativa dando por resultado su primer \u00e1lbum titulado \u201cJaula de grillos\u201d, en el cual quedaba claro el profesionalismo y la energ\u00eda que ya tra\u00eda arrastrando tras sus quince a\u00f1os con Ska-P y siete \u00e1lbumes previos que habr\u00eda grabado con la banda madrile\u00f1a y su protagonismo evidente en la escenograf\u00eda de los conciertos.<\/p>\n<p>\u201cJaula de Grillos\u201d fue pues, la primera aventura discogr\u00e1fica que emprendieron, que conten\u00eda todos los principios musicales que coronan el altar de Pipi, o sea, unas influencias desenfrenadas (La Polla, Mano Negra, Mighty Mighty Bosstones, Rancid), adicionada con una puesta en escena contagiosa en buena parte por su personalidad. A este primer trabajo le sigui\u00f3 en el a\u00f1o 2008 el disco \u201cEnerg\u00eda inagotable\u201d. Con este disco los conciertos siguieron, The Locos eran reclamados para actuar en los festivales m\u00e1s punteros de toda Europa y Am\u00e9rica y all\u00ed acudieron a descargar su incontestable dosis de punk-rock y ska.<\/p>\n<p>Luego de \u00e9se disco lleg\u00f3 una nueva etapa de Ska-P y Pipi logr\u00f3, haciendo verdaderos malabares, compatibilizar ambas bandas, realizando un buen pu\u00f1ado de conciertos con The Locos y d\u00e1ndose a conocer por nuevos escenarios. Una vez disueltos definitivamente Ska-P, The Locos pudieron centrar todo su tiempo en la producci\u00f3n de su tercer disco, &#8220;Tiempos dif\u00edciles&#8221;, lanzado en 2012.<\/p>\n<p>Su gran m\u00e9rito ha sido que desde el inicio han mostrado a su p\u00fablico que puede haber otra forma de vivir y de ver hacia el futuro. Con sus letras y las fiestas que imponen en cada concierto trasmiten a los miles de j\u00f3venes que los siguen un halo de esperanza en \u00e9se futuro positivo y solidario sin dejar de denunciar las situaciones injustas que se atraviesan d\u00eda a d\u00eda. En The Locos se encuentra un esp\u00edritu de cambio a trav\u00e9s de la alegr\u00eda y las fiestas llenas de locura que plasman y trasmiten en todos y cada uno de sus shows.<\/p>\n<p>&#8220;Todos Distintos, Todos Iguales&#8221; es la primera entrega de una triolog\u00eda de EPs que este grupo lanzar\u00e1. Un c\u00f3ctel molotov perfecto de ska, punk, desenfado y combatividad. Una reacci\u00f3n contra la desigualdad y la indiferencia con mensaje claro: cuando nos quieren asfixiar la respuesta es no dar tregua, porque con optimismo y solidaridad la victoria es nuestra. \u201cLa Realidad\u201d, \u201cMaria Isabela\u201d y \u201cHueso y Piel\u201d son las tres canciones que forman la cuarta entrega de The Locos. Tres cortes intensos que recogen a la perfecci\u00f3n todos los ingredientes que los caracterizan. La consolidaci\u00f3n es ahora.<\/p>\n<p>The Locos vuelve a M\u00e9xico para presentar su nuevo sencillo dedicado al Rayo Vallecano en el marco del Festival Ixtapaluska, que se llevar\u00e1 a cabo en el Estado de M\u00e9xico el pr\u00f3ximo 2 de Abril. Adem\u00e1s lanzar su primer libero titulado \u201cSkapando hacia la Lokura\u201d, escrito por su frontman Ricardo \u201cPipi\u201d Delgado, el cual ser\u00e1 lanzado de forma oficial el pr\u00f3ximo 25 de Marzo en M\u00e9xico y en el que narra su vida como parte de dos proyectos muy grandes en el ska iberoamericano, primero con Ska-P y luego con The Locos con la promesa de no dejar indiferente a nadie.<\/p>\n<p>[\/fusion_text][fusion_imageframe image_id=&#8221;43049|medium&#8221; max_width=&#8221;&#8221; style_type=&#8221;&#8221; blur=&#8221;&#8221; stylecolor=&#8221;&#8221; hover_type=&#8221;none&#8221; bordersize=&#8221;&#8221; bordercolor=&#8221;&#8221; borderradius=&#8221;&#8221; align=&#8221;none&#8221; lightbox=&#8221;no&#8221; gallery_id=&#8221;&#8221; lightbox_image=&#8221;&#8221; lightbox_image_id=&#8221;&#8221; alt=&#8221;&#8221; link=&#8221;&#8221; linktarget=&#8221;_self&#8221; hide_on_mobile=&#8221;small-visibility,medium-visibility,large-visibility&#8221; class=&#8221;&#8221; id=&#8221;&#8221; animation_type=&#8221;&#8221; animation_direction=&#8221;left&#8221; animation_speed=&#8221;0.3&#8243; animation_offset=&#8221;&#8221;]https:\/\/www.bitacoracdmx.com\/wp-content\/uploads\/2022\/03\/THE-LOCOS-MAR-2022-FOTO4-300&#215;200.jpg[\/fusion_imageframe][\/fusion_builder_column][\/fusion_builder_row][\/fusion_builder_container]<\/p>\n","protected":false},"excerpt":{"rendered":"<p>[fusion_builder_container hundred_percent=&#8221;no&#8221; equal_height_columns=&#8221;no&#8221; menu_anchor=&#8221;&#8221; hide_on_mobile=&#8221;small-visibility,medium-visibility,large-visibility&#8221; class=&#8221;&#8221; id=&#8221;&#8221; background_color=&#8221;&#8221; background_image=&#8221;&#8221; background_position=&#8221;center center&#8221; background_repeat=&#8221;no-repeat&#8221; fade=&#8221;no&#8221; background_parallax=&#8221;none&#8221; parallax_speed=&#8221;0.3&#8243; video_mp4=&#8221;&#8221; video_webm=&#8221;&#8221; video_ogv=&#8221;&#8221; video_url=&#8221;&#8221; video_aspect_ratio=&#8221;16:9&#8243; video_loop=&#8221;yes&#8221; video_mute=&#8221;yes&#8221; overlay_color=&#8221;&#8221; video_preview_image=&#8221;&#8221; border_size=&#8221;&#8221; border_color=&#8221;&#8221; border_style=&#8221;solid&#8221; padding_top=&#8221;&#8221; padding_bottom=&#8221;&#8221; padding_left=&#8221;&#8221; padding_right=&#8221;&#8221;][fusion_builder_row][fusion_builder_column type=&#8221;1_1&#8243; layout=&#8221;1_1&#8243; background_position=&#8221;left top&#8221; background_color=&#8221;&#8221; border_size=&#8221;&#8221; border_color=&#8221;&#8221; border_style=&#8221;solid&#8221; border_position=&#8221;all&#8221; spacing=&#8221;yes&#8221; background_image=&#8221;&#8221; background_repeat=&#8221;no-repeat&#8221; padding_top=&#8221;&#8221; padding_right=&#8221;&#8221; padding_bottom=&#8221;&#8221; padding_left=&#8221;&#8221; margin_top=&#8221;0px&#8221; margin_bottom=&#8221;0px&#8221; class=&#8221;&#8221; id=&#8221;&#8221; animation_type=&#8221;&#8221; animation_speed=&#8221;0.3&#8243; animation_direction=&#8221;left&#8221; hide_on_mobile=&#8221;small-visibility,medium-visibility,large-visibility&#8221; center_content=&#8221;no&#8221; last=&#8221;no&#8221; min_height=&#8221;&#8221; hover_type=&#8221;none&#8221; link=&#8221;&#8221;][fusion_text] REDACCI\u00d3N *Se presentar\u00e1 en M\u00e9xico en el Festival Ixtapaluska (Estado de M\u00e9xico) el pr\u00f3ximo 2 de Abril Tras su exitosa incursi\u00f3n como una de las bandas estelares del pasado Skatex, un festival asentado en M\u00e9xico y para el cual llegaron [&hellip;]<\/p>\n","protected":false},"author":1,"featured_media":43049,"comment_status":"open","ping_status":"open","sticky":false,"template":"","format":"standard","meta":{"footnotes":""},"categories":[9,11],"tags":[],"_links":{"self":[{"href":"https:\/\/www.bitacoracdmx.com\/index.php?rest_route=\/wp\/v2\/posts\/43048"}],"collection":[{"href":"https:\/\/www.bitacoracdmx.com\/index.php?rest_route=\/wp\/v2\/posts"}],"about":[{"href":"https:\/\/www.bitacoracdmx.com\/index.php?rest_route=\/wp\/v2\/types\/post"}],"author":[{"embeddable":true,"href":"https:\/\/www.bitacoracdmx.com\/index.php?rest_route=\/wp\/v2\/users\/1"}],"replies":[{"embeddable":true,"href":"https:\/\/www.bitacoracdmx.com\/index.php?rest_route=%2Fwp%2Fv2%2Fcomments&post=43048"}],"version-history":[{"count":1,"href":"https:\/\/www.bitacoracdmx.com\/index.php?rest_route=\/wp\/v2\/posts\/43048\/revisions"}],"predecessor-version":[{"id":43050,"href":"https:\/\/www.bitacoracdmx.com\/index.php?rest_route=\/wp\/v2\/posts\/43048\/revisions\/43050"}],"wp:featuredmedia":[{"embeddable":true,"href":"https:\/\/www.bitacoracdmx.com\/index.php?rest_route=\/wp\/v2\/media\/43049"}],"wp:attachment":[{"href":"https:\/\/www.bitacoracdmx.com\/index.php?rest_route=%2Fwp%2Fv2%2Fmedia&parent=43048"}],"wp:term":[{"taxonomy":"category","embeddable":true,"href":"https:\/\/www.bitacoracdmx.com\/index.php?rest_route=%2Fwp%2Fv2%2Fcategories&post=43048"},{"taxonomy":"post_tag","embeddable":true,"href":"https:\/\/www.bitacoracdmx.com\/index.php?rest_route=%2Fwp%2Fv2%2Ftags&post=43048"}],"curies":[{"name":"wp","href":"https:\/\/api.w.org\/{rel}","templated":true}]}}