{"id":43096,"date":"2022-03-03T02:33:59","date_gmt":"2022-03-03T02:33:59","guid":{"rendered":"https:\/\/www.bitacoracdmx.com\/?p=43096"},"modified":"2022-03-03T02:33:59","modified_gmt":"2022-03-03T02:33:59","slug":"el-musico-michel-duhart-estrena-el-video-oficial-y-sencillo-de-dime-la-verdad","status":"publish","type":"post","link":"https:\/\/www.bitacoracdmx.com\/?p=43096","title":{"rendered":"El m\u00fasico MICHEL DUHART estrena el video oficial y sencillo de  DIME LA VERDAD"},"content":{"rendered":"<p>[fusion_builder_container hundred_percent=&#8221;no&#8221; equal_height_columns=&#8221;no&#8221; menu_anchor=&#8221;&#8221; hide_on_mobile=&#8221;small-visibility,medium-visibility,large-visibility&#8221; class=&#8221;&#8221; id=&#8221;&#8221; background_color=&#8221;&#8221; background_image=&#8221;&#8221; background_position=&#8221;center center&#8221; background_repeat=&#8221;no-repeat&#8221; fade=&#8221;no&#8221; background_parallax=&#8221;none&#8221; parallax_speed=&#8221;0.3&#8243; video_mp4=&#8221;&#8221; video_webm=&#8221;&#8221; video_ogv=&#8221;&#8221; video_url=&#8221;&#8221; video_aspect_ratio=&#8221;16:9&#8243; video_loop=&#8221;yes&#8221; video_mute=&#8221;yes&#8221; overlay_color=&#8221;&#8221; video_preview_image=&#8221;&#8221; border_size=&#8221;&#8221; border_color=&#8221;&#8221; border_style=&#8221;solid&#8221; padding_top=&#8221;&#8221; padding_bottom=&#8221;&#8221; padding_left=&#8221;&#8221; padding_right=&#8221;&#8221;][fusion_builder_row][fusion_builder_column type=&#8221;1_1&#8243; layout=&#8221;1_1&#8243; background_position=&#8221;left top&#8221; background_color=&#8221;&#8221; border_size=&#8221;&#8221; border_color=&#8221;&#8221; border_style=&#8221;solid&#8221; border_position=&#8221;all&#8221; spacing=&#8221;yes&#8221; background_image=&#8221;&#8221; background_repeat=&#8221;no-repeat&#8221; padding_top=&#8221;&#8221; padding_right=&#8221;&#8221; padding_bottom=&#8221;&#8221; padding_left=&#8221;&#8221; margin_top=&#8221;0px&#8221; margin_bottom=&#8221;0px&#8221; class=&#8221;&#8221; id=&#8221;&#8221; animation_type=&#8221;&#8221; animation_speed=&#8221;0.3&#8243; animation_direction=&#8221;left&#8221; hide_on_mobile=&#8221;small-visibility,medium-visibility,large-visibility&#8221; center_content=&#8221;no&#8221; last=&#8221;no&#8221; min_height=&#8221;&#8221; hover_type=&#8221;none&#8221; link=&#8221;&#8221;][fusion_text]<\/p>\n<p>REDACCI\u00d3N<\/p>\n<p style=\"text-align: left;\" align=\"center\"><span lang=\"ES-TRAD\">\u00b7<\/span><b><span lang=\"ES-TRAD\">El video oficial se estrena el pr\u00f3ximo 4 de marzo en el canal oficial de YouTube\u00a0<\/span><\/b><span lang=\"ES-TRAD\"><a href=\"https:\/\/www.youtube.com\/channel\/UCsnNjf6pXowAAhakAeNlQ_A\" target=\"_blank\" rel=\"noopener noreferrer\" data-auth=\"NotApplicable\" data-linkindex=\"1\"><b>https:\/\/www.youtube.com\/channel\/UCsnNjf6pXowAAhakAeNlQ_A<\/b><\/a><b><\/b><\/span><\/p>\n<p style=\"text-align: left;\" align=\"center\"><span lang=\"ES-TRAD\">\u00b7<\/span><b><span lang=\"ES-TRAD\">El tema es una coproducci\u00f3n de Michel Duhart y Pancho Ruiz (m\u00fasico e integrante de Kerigma)<\/span><\/b><\/p>\n<p style=\"text-align: left;\" align=\"center\"><span lang=\"ES-TRAD\">\u00b7<\/span><b><span lang=\"ES-TRAD\">Corte ic\u00f3nico de los a\u00f1os 90 cuya letra encuentra un resignificado a trav\u00e9s de una mutaci\u00f3n sonora<\/span><\/b><\/p>\n<p class=\"x_MsoNormal\"><span lang=\"ES-TRAD\">Despu\u00e9s de lanzar en plataformas digitales el tema<b>\u00a0<i>Dime la verdad<\/i>, Michel Duhart<\/b>\u00a0fundador del proyecto multidisciplinario\u00a0<b>Historia Nueva<\/b>\u00a0<b>(HN)<\/b>\u00a0estrena el video oficial en el que deja ver ese otro significado que da a la letra de un tema ic\u00f3nico de la d\u00e9cada de los 90 que hiciera una de las divas del pop iberoamericano, Marta S\u00e1nchez y que despu\u00e9s de 25 a\u00f1os su sonido encuentra nuevas formas de cautivar nuestras emociones.<\/span><\/p>\n<p class=\"x_MsoNormal\"><span lang=\"ES-TRAD\">Se trata de reinterpretar la letra de un corte que pudiera ser etiquetado como superfluo, pero si nos detenemos a escucharlo podremos identificar un trasfondo que bien puede aplicarse a nuestros tiempos convoc\u00e1ndonos a hacer un ejercicio de verdadera reflexi\u00f3n, de introspecci\u00f3n, de percatarnos c\u00f3mo somos los seres humanos y qu\u00e9 es lo que nos mueve en nuestra convivencia cotidiana y el papel que jugamos como parte de una sociedad conformada de engranajes que mueven un todo.<\/span><\/p>\n<p class=\"x_MsoNormal\"><i><span lang=\"ES-TRAD\">Me pregunto mil veces<\/span><\/i><\/p>\n<p class=\"x_MsoNormal\"><i><span lang=\"ES-TRAD\">\u00bfQui\u00e9n gobierna mi vida?<\/span><\/i><\/p>\n<p class=\"x_MsoNormal\"><i><span lang=\"ES-TRAD\">\u00bfQui\u00e9n dirige mi mente?<\/span><\/i><\/p>\n<p class=\"x_MsoNormal\"><i><span lang=\"ES-TRAD\">Junto a la de los dem\u00e1s<\/span><\/i><\/p>\n<p class=\"x_MsoNormal\"><i><span lang=\"ES-TRAD\">\u00bfQu\u00e9 poderes, en la sombra<\/span><\/i><\/p>\n<p class=\"x_MsoNormal\"><i><span lang=\"ES-TRAD\">Juegan con mi voluntad?<\/span><\/i><\/p>\n<p class=\"x_MsoNormal\"><i><span lang=\"ES-TRAD\">Una m\u00e1quina los nombra<\/span><\/i><\/p>\n<p class=\"x_MsoNormal\"><i><span lang=\"ES-TRAD\">Para podernos controlar\u2026<\/span><\/i><\/p>\n<p class=\"x_MsoNormal\"><i><span lang=\"ES-TRAD\">Dime la verdad<\/span><\/i><\/p>\n<p class=\"x_MsoNormal\"><i><span lang=\"ES-TRAD\">Dime su secreto<\/span><\/i><\/p>\n<p class=\"x_MsoNormal\"><i><span lang=\"ES-TRAD\">Toda la verdad<\/span><\/i><\/p>\n<p class=\"x_MsoNormal\"><i><span lang=\"ES-TRAD\">No le tengas miedo<\/span><\/i><\/p>\n<p class=\"x_MsoNormal\"><i><span lang=\"ES-TRAD\">Somos unas marionetas<\/span><\/i><\/p>\n<p class=\"x_MsoNormal\"><i><span lang=\"ES-TRAD\">Otros mueven los hilos<\/span><\/i><\/p>\n<p class=\"x_MsoNormal\"><i><span lang=\"ES-TRAD\">No se quitan la careta<\/span><\/i><\/p>\n<p class=\"x_MsoNormal\"><i><span lang=\"ES-TRAD\">No sabemos c\u00f3mo son\u2026<\/span><\/i><\/p>\n<p class=\"x_MsoNormal\"><span lang=\"ES-TRAD\">En el video apreciamos simbolismos clave que se ligan con la letra de la canci\u00f3n, se alude a esas influencias que provienen de diversos sectores sociales, unos m\u00e1s poderosos que otros, pero con una clara intenci\u00f3n: manipular.<\/span><\/p>\n<p class=\"x_MsoNormal\"><span lang=\"ES-TRAD\">En este caso, Michel Duhart nos muestra a una de esas influencias cuya voz se ha perpetuado a lo largo del tiempo, una instituci\u00f3n religiosa con m\u00e1s seguidores en el mundo cuya ideolog\u00eda se ha encargado de nublar el pensamiento cr\u00edtico del individuo convirti\u00e9ndose en ese ente que acciona esos hilos que, como versa la letra de\u00a0<b><i>Dime la verdad<\/i><\/b>, son los que mueven a los seres en su actuar cotidiano, son poderes en la sombra que juegan con la voluntad.<\/span><\/p>\n<p class=\"x_MsoNormal\"><span lang=\"ES-TRAD\">\u00bfQui\u00e9n gobierna mi vida? \u00bfqui\u00e9n dirige mi mente? son interrogantes que debemos plantearnos ante l\u00edderes doctrinarios y pol\u00edticos, ante seres que sin escr\u00fapulos manipulan las voluntades para beneficio propio; esta versi\u00f3n de\u00a0<b><i>Dime la verdad<\/i><\/b>\u00a0junto con el video invita a la reflexi\u00f3n porque es tiempo de cuestionarnos.\u00a0\u00a0<\/span><\/p>\n<p class=\"x_MsoNormal\"><span lang=\"ES-TRAD\">Es as\u00ed como la \u00f3ptica de Michel Duhart invita a despojarnos de un letargo social que opaca nuestra capacidad de ejercer y enriquecer nuestro intelecto, de ser m\u00e1s creativos, cr\u00edticos y participativos en lo que a ciudadanos nos concierne.<\/span><\/p>\n<p class=\"x_MsoNormal\"><b><i><span lang=\"ES-TRAD\">Dime la verdad<\/span><\/i><\/b><span lang=\"ES-TRAD\">\u00a0es coproducida por Pacho Ruiz, quien adem\u00e1s de pertenecer a la legendaria agrupaci\u00f3n de rock, Kerigma, ha coproducido diversos \u00e1lbumes de artistas como Pandora, Mijares, Yuri, R\u00edo Roma. Actualmente es bajista titular de Manuel Mijares y del Tour\u00a0<i>Amigos<\/i>\u00a0junto con Emmanuel.<\/span><\/p>\n<p class=\"x_MsoNormal\"><b><span lang=\"ES-TRAD\">M\u00c1S SOBRE MICHEL DUHART<\/span><\/b><\/p>\n<p class=\"x_MsoNormal\"><span lang=\"ES-TRAD\">M\u00fasico amante del rock; a lo largo de\u00a0doce a\u00f1os ha liderado proyectos art\u00edsticos y\u00a0editado cuatro discos\u00a0de estudio. Ingeniero de profesi\u00f3n, Michel es instructor de buceo, practica deportes extremos en los que encuentra una verdadera conexi\u00f3n con la tierra que habitamos y, paralelamente, emprende exploraciones para reconocer lo grandiosa que es la naturaleza.<\/span><\/p>\n<p class=\"x_MsoNormal\"><span lang=\"ES-TRAD\">Michel Duhart tiene el claro objetivo de hacernos valorar la riqueza natural y cultural de M\u00e9xico que puede seducir a todos a trav\u00e9s de sus olores, texturas y sabores y emprende este proyecto para incentivar la conciencia para un entorno sociocultural mejor para todos. \u00a0<\/span><\/p>\n<p class=\"x_MsoNormal\"><b><span lang=\"ES-TRAD\">M\u00c1S SOBRE LAURA \u00c1LVAREZ (VOCALISTA)<\/span><\/b><\/p>\n<p class=\"x_MsoNormal\"><span lang=\"ES-TRAD\">Originaria de Asunci\u00f3n Paraguay, Laura ha cultivado una fruct\u00edfera carrera en la m\u00fasica en M\u00e9xico, en 2010 particip\u00f3 en el certamen musical\u00a0<b><i>La Academia<\/i><\/b>, D\u00e9cima Generaci\u00f3n de TV Azteca; como corista ha colaborado con Yuri y Edith M\u00e1rquez; con el actor Plutarco Haza realiz\u00f3 una interpretaci\u00f3n para un trabajo audiovisual, as\u00ed como con Jaime Camil para grabaciones de TV. Adem\u00e1s de int\u00e9rprete, Laura \u00c1lvarez cuenta con una serie de colaboraciones en composici\u00f3n junto con destacados autores como Carlos Mac\u00edas y Miguel Luna, y en teatro musical, particip\u00f3 en la puesta\u00a0<i>Amar y querer<\/i>, de Jos\u00e9 Joel hijo del \u201cpr\u00edncipe de la canci\u00f3n\u201d Jos\u00e9 Jos\u00e9. \u00a0<\/span><\/p>\n<p class=\"x_MsoNormal\"><b><span lang=\"ES-TRAD\">M\u00c1S SOBRE HISTORIA NUEVA (HN)<\/span><\/b><\/p>\n<p class=\"x_MsoNormal\"><span lang=\"ES-TRAD\">Es un proyecto art\u00edstico multidisciplinario que busca -como su nombre lo dice- crear nuevos relatos, alternativas y rutas para la m\u00fasica, las palabras y las ideas. Su fundador es\u00a0<b>Michel Duhart<\/b>, mu\u0301sico, actor, activista, buzo extremo e ingeniero de profesi\u00f3n.\u00a0<\/span><\/p>\n<p class=\"x_MsoNormal\"><span lang=\"ES-TRAD\">En materia musical, HN convoca a productores, m\u00fasicos e int\u00e9rpretes a sumarse a esta propuesta creativa con el fin de rescatar en materia musical, sonidos y corrientes que han sido opacados por las tendencias actuales y en cierto modo abrumadoras por alcanzar dimensiones mundiales.<\/span><\/p>\n<p class=\"x_MsoNormal\"><span lang=\"ES-TRAD\">Sigue a\u00a0<\/span><b><span lang=\"ES-TRAD\">HN Historia Nueva y Michel Duhart<\/span><\/b><span lang=\"ES-TRAD\">\u00a0a trav\u00e9s de sus redes sociales:<\/span><\/p>\n<p class=\"x_MsoNormal\"><span lang=\"ES-TRAD\">\u00a0<\/span><\/p>\n<p align=\"center\"><b><span lang=\"ES\">Link de la fan page de Michel Duhart<\/span><\/b><\/p>\n<p align=\"center\"><a href=\"https:\/\/web.facebook.com\/michduhart\" target=\"_blank\" rel=\"noopener noreferrer\" data-auth=\"NotApplicable\" data-linkindex=\"2\"><span lang=\"ES\">https:\/\/web.facebook.com\/michduhart<\/span><\/a><\/p>\n<p align=\"center\"><b><span lang=\"ES\">\u00a0<\/span><\/b><\/p>\n<p align=\"center\"><b><span lang=\"ES\">Link de la fan page de HN -Historia Nueva-<\/span><\/b><\/p>\n<p align=\"center\"><a href=\"https:\/\/www.facebook.com\/hnmusica\" target=\"_blank\" rel=\"noopener noreferrer\" data-auth=\"NotApplicable\" data-linkindex=\"3\"><span lang=\"ES\">https:\/\/www.facebook.com\/hnmusica<\/span><\/a><u><\/u><\/p>\n<p align=\"center\"><b><span lang=\"ES\">Link de Spotify de HN<\/span><\/b><\/p>\n<p align=\"center\"><a href=\"https:\/\/open.spotify.com\/artist\/5hEiGKDnQSVPpMH3ZSNfDd?si=eZmGI_fYSL6w_g9foU4W3A\" target=\"_blank\" rel=\"noopener noreferrer\" data-auth=\"NotApplicable\" data-linkindex=\"4\"><span lang=\"ES\">https:\/\/open.spotify.com\/artist\/5hEiGKDnQSVPpMH3ZSNfDd?si=eZmGI_fYSL6w_g9foU4W3A<\/span><\/a><\/p>\n<p>[\/fusion_text][fusion_imageframe image_id=&#8221;43097|medium&#8221; max_width=&#8221;&#8221; style_type=&#8221;&#8221; blur=&#8221;&#8221; stylecolor=&#8221;&#8221; hover_type=&#8221;none&#8221; bordersize=&#8221;&#8221; bordercolor=&#8221;&#8221; borderradius=&#8221;&#8221; align=&#8221;none&#8221; lightbox=&#8221;no&#8221; gallery_id=&#8221;&#8221; lightbox_image=&#8221;&#8221; lightbox_image_id=&#8221;&#8221; alt=&#8221;&#8221; link=&#8221;&#8221; linktarget=&#8221;_self&#8221; hide_on_mobile=&#8221;small-visibility,medium-visibility,large-visibility&#8221; class=&#8221;&#8221; id=&#8221;&#8221; animation_type=&#8221;&#8221; animation_direction=&#8221;left&#8221; animation_speed=&#8221;0.3&#8243; animation_offset=&#8221;&#8221;]https:\/\/www.bitacoracdmx.com\/wp-content\/uploads\/2022\/03\/MICHELL-DUHART-MAR-2022-COVER-300&#215;217.jpg[\/fusion_imageframe][\/fusion_builder_column][\/fusion_builder_row][\/fusion_builder_container]<\/p>\n","protected":false},"excerpt":{"rendered":"<p>[fusion_builder_container hundred_percent=&#8221;no&#8221; equal_height_columns=&#8221;no&#8221; menu_anchor=&#8221;&#8221; hide_on_mobile=&#8221;small-visibility,medium-visibility,large-visibility&#8221; class=&#8221;&#8221; id=&#8221;&#8221; background_color=&#8221;&#8221; background_image=&#8221;&#8221; background_position=&#8221;center center&#8221; background_repeat=&#8221;no-repeat&#8221; fade=&#8221;no&#8221; background_parallax=&#8221;none&#8221; parallax_speed=&#8221;0.3&#8243; video_mp4=&#8221;&#8221; video_webm=&#8221;&#8221; video_ogv=&#8221;&#8221; video_url=&#8221;&#8221; video_aspect_ratio=&#8221;16:9&#8243; video_loop=&#8221;yes&#8221; video_mute=&#8221;yes&#8221; overlay_color=&#8221;&#8221; video_preview_image=&#8221;&#8221; border_size=&#8221;&#8221; border_color=&#8221;&#8221; border_style=&#8221;solid&#8221; padding_top=&#8221;&#8221; padding_bottom=&#8221;&#8221; padding_left=&#8221;&#8221; padding_right=&#8221;&#8221;][fusion_builder_row][fusion_builder_column type=&#8221;1_1&#8243; layout=&#8221;1_1&#8243; background_position=&#8221;left top&#8221; background_color=&#8221;&#8221; border_size=&#8221;&#8221; border_color=&#8221;&#8221; border_style=&#8221;solid&#8221; border_position=&#8221;all&#8221; spacing=&#8221;yes&#8221; background_image=&#8221;&#8221; background_repeat=&#8221;no-repeat&#8221; padding_top=&#8221;&#8221; padding_right=&#8221;&#8221; padding_bottom=&#8221;&#8221; padding_left=&#8221;&#8221; margin_top=&#8221;0px&#8221; margin_bottom=&#8221;0px&#8221; class=&#8221;&#8221; id=&#8221;&#8221; animation_type=&#8221;&#8221; animation_speed=&#8221;0.3&#8243; animation_direction=&#8221;left&#8221; hide_on_mobile=&#8221;small-visibility,medium-visibility,large-visibility&#8221; center_content=&#8221;no&#8221; last=&#8221;no&#8221; min_height=&#8221;&#8221; hover_type=&#8221;none&#8221; link=&#8221;&#8221;][fusion_text] REDACCI\u00d3N \u00b7El video oficial se estrena el pr\u00f3ximo 4 de marzo en el canal oficial de YouTube\u00a0https:\/\/www.youtube.com\/channel\/UCsnNjf6pXowAAhakAeNlQ_A \u00b7El tema es una coproducci\u00f3n de Michel Duhart y Pancho Ruiz (m\u00fasico e integrante de Kerigma) \u00b7Corte ic\u00f3nico de los a\u00f1os 90 cuya [&hellip;]<\/p>\n","protected":false},"author":1,"featured_media":43097,"comment_status":"open","ping_status":"open","sticky":false,"template":"","format":"standard","meta":{"footnotes":""},"categories":[9,11],"tags":[],"_links":{"self":[{"href":"https:\/\/www.bitacoracdmx.com\/index.php?rest_route=\/wp\/v2\/posts\/43096"}],"collection":[{"href":"https:\/\/www.bitacoracdmx.com\/index.php?rest_route=\/wp\/v2\/posts"}],"about":[{"href":"https:\/\/www.bitacoracdmx.com\/index.php?rest_route=\/wp\/v2\/types\/post"}],"author":[{"embeddable":true,"href":"https:\/\/www.bitacoracdmx.com\/index.php?rest_route=\/wp\/v2\/users\/1"}],"replies":[{"embeddable":true,"href":"https:\/\/www.bitacoracdmx.com\/index.php?rest_route=%2Fwp%2Fv2%2Fcomments&post=43096"}],"version-history":[{"count":1,"href":"https:\/\/www.bitacoracdmx.com\/index.php?rest_route=\/wp\/v2\/posts\/43096\/revisions"}],"predecessor-version":[{"id":43098,"href":"https:\/\/www.bitacoracdmx.com\/index.php?rest_route=\/wp\/v2\/posts\/43096\/revisions\/43098"}],"wp:featuredmedia":[{"embeddable":true,"href":"https:\/\/www.bitacoracdmx.com\/index.php?rest_route=\/wp\/v2\/media\/43097"}],"wp:attachment":[{"href":"https:\/\/www.bitacoracdmx.com\/index.php?rest_route=%2Fwp%2Fv2%2Fmedia&parent=43096"}],"wp:term":[{"taxonomy":"category","embeddable":true,"href":"https:\/\/www.bitacoracdmx.com\/index.php?rest_route=%2Fwp%2Fv2%2Fcategories&post=43096"},{"taxonomy":"post_tag","embeddable":true,"href":"https:\/\/www.bitacoracdmx.com\/index.php?rest_route=%2Fwp%2Fv2%2Ftags&post=43096"}],"curies":[{"name":"wp","href":"https:\/\/api.w.org\/{rel}","templated":true}]}}