{"id":43105,"date":"2022-03-03T03:40:25","date_gmt":"2022-03-03T03:40:25","guid":{"rendered":"https:\/\/www.bitacoracdmx.com\/?p=43105"},"modified":"2022-03-03T03:54:37","modified_gmt":"2022-03-03T03:54:37","slug":"susana-zabaleta-raul-di-blasio-francisco-cespedes-llevaran-tertulia-musical-por-todo-mexico-partiendo-del-teatro-metropolitan","status":"publish","type":"post","link":"https:\/\/www.bitacoracdmx.com\/?p=43105","title":{"rendered":"SUSANA ZABALETA \u2022 RA\u00daL DI BLASIO \u2022 FRANCISCO C\u00c9SPEDES   llevar\u00e1n tertulia musical por todo M\u00e9xico partiendo del Teatro METROP\u00d3LITAN"},"content":{"rendered":"<p>[fusion_builder_container hundred_percent=&#8221;no&#8221; equal_height_columns=&#8221;no&#8221; menu_anchor=&#8221;&#8221; hide_on_mobile=&#8221;small-visibility,medium-visibility,large-visibility&#8221; class=&#8221;&#8221; id=&#8221;&#8221; background_color=&#8221;&#8221; background_image=&#8221;&#8221; background_position=&#8221;center center&#8221; background_repeat=&#8221;no-repeat&#8221; fade=&#8221;no&#8221; background_parallax=&#8221;none&#8221; parallax_speed=&#8221;0.3&#8243; video_mp4=&#8221;&#8221; video_webm=&#8221;&#8221; video_ogv=&#8221;&#8221; video_url=&#8221;&#8221; video_aspect_ratio=&#8221;16:9&#8243; video_loop=&#8221;yes&#8221; video_mute=&#8221;yes&#8221; overlay_color=&#8221;&#8221; video_preview_image=&#8221;&#8221; border_size=&#8221;&#8221; border_color=&#8221;&#8221; border_style=&#8221;solid&#8221; padding_top=&#8221;&#8221; padding_bottom=&#8221;&#8221; padding_left=&#8221;&#8221; padding_right=&#8221;&#8221;][fusion_builder_row][fusion_builder_column type=&#8221;1_1&#8243; layout=&#8221;1_1&#8243; background_position=&#8221;left top&#8221; background_color=&#8221;&#8221; border_size=&#8221;&#8221; border_color=&#8221;&#8221; border_style=&#8221;solid&#8221; border_position=&#8221;all&#8221; spacing=&#8221;yes&#8221; background_image=&#8221;&#8221; background_repeat=&#8221;no-repeat&#8221; padding_top=&#8221;&#8221; padding_right=&#8221;&#8221; padding_bottom=&#8221;&#8221; padding_left=&#8221;&#8221; margin_top=&#8221;0px&#8221; margin_bottom=&#8221;0px&#8221; class=&#8221;&#8221; id=&#8221;&#8221; animation_type=&#8221;&#8221; animation_speed=&#8221;0.3&#8243; animation_direction=&#8221;left&#8221; hide_on_mobile=&#8221;small-visibility,medium-visibility,large-visibility&#8221; center_content=&#8221;no&#8221; last=&#8221;no&#8221; min_height=&#8221;&#8221; hover_type=&#8221;none&#8221; link=&#8221;&#8221;][fusion_text]<\/p>\n<p>REDACCI\u00d3N<\/p>\n<p>Fotos: Julio Cesar Ambriz<\/p>\n<p><b>SUSANA ZABALETA<\/b><span style=\"font-weight: 400;\">, <\/span><b>RA\u00daL DI BLASIO<\/b><span style=\"font-weight: 400;\"> y <\/span><b>FRANCISCO C\u00c9SPEDES<\/b><span style=\"font-weight: 400;\">, 3 de los exponentes bohemios m\u00e1s emblem\u00e1ticos de la Latinoam\u00e9rica actual unen sus talentos para seducir, enamorar y llevar a su p\u00fablico m\u00e1s all\u00e1 de las fronteras de la m\u00fasica con el espect\u00e1culo <\/span><b><i>SE ME ANTOJA TU VIDA<\/i><\/b><span style=\"font-weight: 400;\">, iniciando un extenso tour que partir\u00e1 el <\/span><b>2 de abril<\/b><span style=\"font-weight: 400;\">, a las <\/span><b>21:00 Hrs<\/b><span style=\"font-weight: 400;\">, en el <\/span><b>Teatro Metrop\u00f3litan<\/b><span style=\"font-weight: 400;\">, en la Ciudad de M\u00e9xico.<\/span><\/p>\n<p><span style=\"font-weight: 400;\">Acompa\u00f1ados por extraordinarios m\u00fasicos en vivo, los tres int\u00e9rpretes llevar\u00e1n una tertulia musical por todo el pa\u00eds a ciudades como Tijuana, Mexicali, Ensenada, Puebla, Zacatecas, Monterrey, entre otras por confirmar; adem\u00e1s del emblem\u00e1tico festival cultural de las Fiestas del Pitic, en Hermosillo, Sonora.<\/span><\/p>\n<p><b><i>SE ME ANTOJA TU VIDA<\/i><\/b><span style=\"font-weight: 400;\"> no ser\u00e1 un show de tiempos compartidos por turnos, sino una experiencia musical en la que estos grandes artistas permanecer\u00e1n, convivir\u00e1n y se compenetrar\u00e1n todo el tiempo juntos en el escenario, tal como en una reuni\u00f3n de amigos que, al calor de la inspiraci\u00f3n, cantan en solos, duetos y tr\u00edos.<\/span><\/p>\n<p><span style=\"font-weight: 400;\">El p\u00fablico, disfrutar\u00e1 de grandes boleros continentales, de enormes baladas y canciones tradicionales que han permanecido en la memoria de las generaciones de ayer, de hoy y de siempre, con la interpretaci\u00f3n de 3 estilos \u00fanicos que han sido sin\u00f3nimo de calidad garantizada a lo largo de las \u00faltimas d\u00e9cadas.<\/span><\/p>\n<p><b>SUSANA ZABALETA<\/b><span style=\"font-weight: 400;\">, una de las voces m\u00e1s privilegiadas de M\u00e9xico; <\/span><b>RA\u00daL DI BLASIO<\/b><span style=\"font-weight: 400;\">, el aut\u00e9ntico <\/span><i><span style=\"font-weight: 400;\">Piano de Am\u00e9rica<\/span><\/i><span style=\"font-weight: 400;\"> con sus virtuosas manos sobre el teclado; y <\/span><b>FRANCISCO C\u00c9SPEDES<\/b><span style=\"font-weight: 400;\">, uno de los compositores e int\u00e9rpretes cubanos cuyas composiciones ya son parte de un sinf\u00edn de historias de amor entre la audiencia.<\/span><\/p>\n<p><span style=\"font-weight: 400;\">Una triada que, sin duda alguna, significar\u00e1 un derroche de talento y un recuerdo musical que se impregnar\u00e1 en la memoria de quienes presencien esta espectacularidad.<\/span><\/p>\n<p><span style=\"font-weight: 400;\">Las entradas para esta incre\u00edble experiencia, en el <\/span><b>Teatro Metrop\u00f3litan<\/b><span style=\"font-weight: 400;\">, ya se encuentran a la venta en taquillas del recinto y tambi\u00e9n a trav\u00e9s del sistema Ticketmaster.<\/span><\/p>\n<p><b><i>SE ME ANTOJA TU VIDA<\/i><\/b><span style=\"font-weight: 400;\"> es una producci\u00f3n de Ra\u00fal Di Blasio, PROartte, Permanencia Voluntaria y Consecuencias.<\/span><\/p>\n<p>[\/fusion_text][fusion_imageframe image_id=&#8221;&#8221; max_width=&#8221;&#8221; style_type=&#8221;&#8221; blur=&#8221;&#8221; stylecolor=&#8221;&#8221; hover_type=&#8221;none&#8221; bordersize=&#8221;&#8221; bordercolor=&#8221;&#8221; borderradius=&#8221;&#8221; align=&#8221;none&#8221; lightbox=&#8221;no&#8221; gallery_id=&#8221;&#8221; lightbox_image=&#8221;&#8221; lightbox_image_id=&#8221;&#8221; alt=&#8221;&#8221; link=&#8221;&#8221; linktarget=&#8221;_self&#8221; hide_on_mobile=&#8221;small-visibility,medium-visibility,large-visibility&#8221; class=&#8221;&#8221; id=&#8221;&#8221; animation_type=&#8221;&#8221; animation_direction=&#8221;left&#8221; animation_speed=&#8221;0.3&#8243; animation_offset=&#8221;&#8221; \/][fusion_gallery layout=&#8221;&#8221; picture_size=&#8221;&#8221; columns=&#8221;&#8221; column_spacing=&#8221;10&#8243; gallery_masonry_grid_ratio=&#8221;&#8221; gallery_masonry_width_double=&#8221;&#8221; hover_type=&#8221;&#8221; lightbox=&#8221;yes&#8221; lightbox_content=&#8221;&#8221; bordersize=&#8221;&#8221; bordercolor=&#8221;&#8221; border_radius=&#8221;&#8221; hide_on_mobile=&#8221;small-visibility,medium-visibility,large-visibility&#8221; class=&#8221;&#8221; id=&#8221;&#8221;][fusion_gallery_image image=&#8221;https:\/\/www.bitacoracdmx.com\/wp-content\/uploads\/2022\/03\/WhatsApp-Image-2022-03-02-at-9.46.56-PM-1-300&#215;225.jpeg&#8221; image_id=&#8221;43109|medium&#8221; link=&#8221;&#8221; linktarget=&#8221;_self&#8221; \/][fusion_gallery_image image=&#8221;https:\/\/www.bitacoracdmx.com\/wp-content\/uploads\/2022\/03\/WhatsApp-Image-2022-03-02-at-9.46.56-PM-225&#215;300.jpeg&#8221; image_id=&#8221;43110|medium&#8221; link=&#8221;&#8221; linktarget=&#8221;_self&#8221; \/][fusion_gallery_image image=&#8221;https:\/\/www.bitacoracdmx.com\/wp-content\/uploads\/2022\/03\/WhatsApp-Image-2022-03-02-at-9.46.55-PM-300&#215;225.jpeg&#8221; image_id=&#8221;43111|medium&#8221; link=&#8221;&#8221; linktarget=&#8221;_self&#8221; \/][\/fusion_gallery][\/fusion_builder_column][\/fusion_builder_row][\/fusion_builder_container]<\/p>\n","protected":false},"excerpt":{"rendered":"<p>[fusion_builder_container hundred_percent=&#8221;no&#8221; equal_height_columns=&#8221;no&#8221; menu_anchor=&#8221;&#8221; hide_on_mobile=&#8221;small-visibility,medium-visibility,large-visibility&#8221; class=&#8221;&#8221; id=&#8221;&#8221; background_color=&#8221;&#8221; background_image=&#8221;&#8221; background_position=&#8221;center center&#8221; background_repeat=&#8221;no-repeat&#8221; fade=&#8221;no&#8221; background_parallax=&#8221;none&#8221; parallax_speed=&#8221;0.3&#8243; video_mp4=&#8221;&#8221; video_webm=&#8221;&#8221; video_ogv=&#8221;&#8221; video_url=&#8221;&#8221; video_aspect_ratio=&#8221;16:9&#8243; video_loop=&#8221;yes&#8221; video_mute=&#8221;yes&#8221; overlay_color=&#8221;&#8221; video_preview_image=&#8221;&#8221; border_size=&#8221;&#8221; border_color=&#8221;&#8221; border_style=&#8221;solid&#8221; padding_top=&#8221;&#8221; padding_bottom=&#8221;&#8221; padding_left=&#8221;&#8221; padding_right=&#8221;&#8221;][fusion_builder_row][fusion_builder_column type=&#8221;1_1&#8243; layout=&#8221;1_1&#8243; background_position=&#8221;left top&#8221; background_color=&#8221;&#8221; border_size=&#8221;&#8221; border_color=&#8221;&#8221; border_style=&#8221;solid&#8221; border_position=&#8221;all&#8221; spacing=&#8221;yes&#8221; background_image=&#8221;&#8221; background_repeat=&#8221;no-repeat&#8221; padding_top=&#8221;&#8221; padding_right=&#8221;&#8221; padding_bottom=&#8221;&#8221; padding_left=&#8221;&#8221; margin_top=&#8221;0px&#8221; margin_bottom=&#8221;0px&#8221; class=&#8221;&#8221; id=&#8221;&#8221; animation_type=&#8221;&#8221; animation_speed=&#8221;0.3&#8243; animation_direction=&#8221;left&#8221; hide_on_mobile=&#8221;small-visibility,medium-visibility,large-visibility&#8221; center_content=&#8221;no&#8221; last=&#8221;no&#8221; min_height=&#8221;&#8221; hover_type=&#8221;none&#8221; link=&#8221;&#8221;][fusion_text] REDACCI\u00d3N Fotos: Julio Cesar Ambriz SUSANA ZABALETA, RA\u00daL DI BLASIO y FRANCISCO C\u00c9SPEDES, 3 de los exponentes bohemios m\u00e1s emblem\u00e1ticos de la Latinoam\u00e9rica actual unen sus talentos para seducir, enamorar y llevar a su p\u00fablico m\u00e1s all\u00e1 de las fronteras [&hellip;]<\/p>\n","protected":false},"author":1,"featured_media":43109,"comment_status":"open","ping_status":"open","sticky":false,"template":"","format":"standard","meta":{"footnotes":""},"categories":[9,11],"tags":[],"_links":{"self":[{"href":"https:\/\/www.bitacoracdmx.com\/index.php?rest_route=\/wp\/v2\/posts\/43105"}],"collection":[{"href":"https:\/\/www.bitacoracdmx.com\/index.php?rest_route=\/wp\/v2\/posts"}],"about":[{"href":"https:\/\/www.bitacoracdmx.com\/index.php?rest_route=\/wp\/v2\/types\/post"}],"author":[{"embeddable":true,"href":"https:\/\/www.bitacoracdmx.com\/index.php?rest_route=\/wp\/v2\/users\/1"}],"replies":[{"embeddable":true,"href":"https:\/\/www.bitacoracdmx.com\/index.php?rest_route=%2Fwp%2Fv2%2Fcomments&post=43105"}],"version-history":[{"count":2,"href":"https:\/\/www.bitacoracdmx.com\/index.php?rest_route=\/wp\/v2\/posts\/43105\/revisions"}],"predecessor-version":[{"id":43112,"href":"https:\/\/www.bitacoracdmx.com\/index.php?rest_route=\/wp\/v2\/posts\/43105\/revisions\/43112"}],"wp:featuredmedia":[{"embeddable":true,"href":"https:\/\/www.bitacoracdmx.com\/index.php?rest_route=\/wp\/v2\/media\/43109"}],"wp:attachment":[{"href":"https:\/\/www.bitacoracdmx.com\/index.php?rest_route=%2Fwp%2Fv2%2Fmedia&parent=43105"}],"wp:term":[{"taxonomy":"category","embeddable":true,"href":"https:\/\/www.bitacoracdmx.com\/index.php?rest_route=%2Fwp%2Fv2%2Fcategories&post=43105"},{"taxonomy":"post_tag","embeddable":true,"href":"https:\/\/www.bitacoracdmx.com\/index.php?rest_route=%2Fwp%2Fv2%2Ftags&post=43105"}],"curies":[{"name":"wp","href":"https:\/\/api.w.org\/{rel}","templated":true}]}}