{"id":43132,"date":"2022-03-04T03:16:24","date_gmt":"2022-03-04T03:16:24","guid":{"rendered":"https:\/\/www.bitacoracdmx.com\/?p=43132"},"modified":"2022-03-04T03:16:24","modified_gmt":"2022-03-04T03:16:24","slug":"x-law-marzo-el-mes-del-regreso-de-la-ley-x-hablan-el-mesias-y-juventud-guerrera","status":"publish","type":"post","link":"https:\/\/www.bitacoracdmx.com\/?p=43132","title":{"rendered":"X-LAW &#8211; Marzo, el mes del regreso de La Ley X &#8211; Hablan El Mes\u00edas y Juventud Guerrera"},"content":{"rendered":"<p>[fusion_builder_container hundred_percent=&#8221;no&#8221; equal_height_columns=&#8221;no&#8221; menu_anchor=&#8221;&#8221; hide_on_mobile=&#8221;small-visibility,medium-visibility,large-visibility&#8221; class=&#8221;&#8221; id=&#8221;&#8221; background_color=&#8221;&#8221; background_image=&#8221;&#8221; background_position=&#8221;center center&#8221; background_repeat=&#8221;no-repeat&#8221; fade=&#8221;no&#8221; background_parallax=&#8221;none&#8221; parallax_speed=&#8221;0.3&#8243; video_mp4=&#8221;&#8221; video_webm=&#8221;&#8221; video_ogv=&#8221;&#8221; video_url=&#8221;&#8221; video_aspect_ratio=&#8221;16:9&#8243; video_loop=&#8221;yes&#8221; video_mute=&#8221;yes&#8221; overlay_color=&#8221;&#8221; video_preview_image=&#8221;&#8221; border_size=&#8221;&#8221; border_color=&#8221;&#8221; border_style=&#8221;solid&#8221; padding_top=&#8221;&#8221; padding_bottom=&#8221;&#8221; padding_left=&#8221;&#8221; padding_right=&#8221;&#8221;][fusion_builder_row][fusion_builder_column type=&#8221;1_1&#8243; layout=&#8221;1_1&#8243; background_position=&#8221;left top&#8221; background_color=&#8221;&#8221; border_size=&#8221;&#8221; border_color=&#8221;&#8221; border_style=&#8221;solid&#8221; border_position=&#8221;all&#8221; spacing=&#8221;yes&#8221; background_image=&#8221;&#8221; background_repeat=&#8221;no-repeat&#8221; padding_top=&#8221;&#8221; padding_right=&#8221;&#8221; padding_bottom=&#8221;&#8221; padding_left=&#8221;&#8221; margin_top=&#8221;0px&#8221; margin_bottom=&#8221;0px&#8221; class=&#8221;&#8221; id=&#8221;&#8221; animation_type=&#8221;&#8221; animation_speed=&#8221;0.3&#8243; animation_direction=&#8221;left&#8221; hide_on_mobile=&#8221;small-visibility,medium-visibility,large-visibility&#8221; center_content=&#8221;no&#8221; last=&#8221;no&#8221; min_height=&#8221;&#8221; hover_type=&#8221;none&#8221; link=&#8221;&#8221;][fusion_text]<\/p>\n<p>REDACCI\u00d3N<\/p>\n<p>Marzo es el mes del esperado retorno de la primera empresa de lucha libre extrema en M\u00e9xico, Xtreme Latin American Wrestling (X-LAW), que desde su fundaci\u00f3n en 2001 ha ofrecido combates por dem\u00e1s llamativos a la afici\u00f3n del deporte espect\u00e1culo.<\/p>\n<p>Tres ciudades fueron seleccionadas por el alto mando de la tambi\u00e9n llamada Ley X para la gira del regreso, comenzando el s\u00e1bado 5 de marzo en el Deportivo Roma de Tuxtla Guti\u00e9rrez, Chiapas, donde L. A. Park, Blue Demon Jr. y Juventud Guerrera se ver\u00e1n las caras en un duelo de tres esquinas. Sobre esto, el controversial Guerrera declar\u00f3:<\/p>\n<p>\u201cL. A. Park es un viejo conocido con el que tuve batallas \u00e9picas en WCW y mi otro rival es Blue Demon Jr., nunca se ha visto un three way dance con estas tres figuras de la lucha libre, as\u00ed que ya pueden comprar sus boletos porque es el regreso de Juventud Guerrera despu\u00e9s de 6 meses de ausencia. Esto va a marcar una nueva etapa para Juventud Guerrera en su carrera, as\u00ed que gente de Chiapas, no se pueden perder el regreso de X-LAW y de Juventud Guerrera el 5 de marzo\u201d.<\/p>\n<p>Pero luego del retorno en Tuxtla las acciones continuar\u00e1n el s\u00e1bado 19 de marzo en la Arena Lopez Mateos de Tlalnepantla, Estado de M\u00e9xico con el evento X-LAW:Bloodline, donde estar\u00e1 en disputa el Campeonato Completo de X-LAW en un match entre Dr. Wagner Jr., El Mes\u00edas y Austin Aries, talento internacional que regresa a M\u00e9xico. El Mes\u00edas, sobre esto, ha sentenciado:<\/p>\n<p>\u201cTlalnepantla, prep\u00e1rense, porque El Mes\u00edas va a estar ah\u00ed con todos ustedes, marzo 19 en la L\u00f3pez Mateos. Dr. Wagner, en mi casa y con mi gente se me respeta, representa a M\u00e9xico como yo lo he hecho a nivel mundial. Austin Aries, vienes una vez cada veinte a\u00f1os y te sientes lo mejor. Saben de que soy capaz, Wagner, tenemos algo pendiente y t\u00fa lo sabes. Voy a dar el 150% y voy a salir victorioso. Austin Aries, te voy a dar la bienvenida a M\u00e9xico\u201d. Y el 20 de marzo en la Arena Tizayork de Tizayuca, Hidalgo, se vivir\u00e1 la tercera fecha de esta gira del regreso, donde Juvemtud Guerrera y Joe L\u00edder se medir\u00e1n con El Mes\u00edas y Ju Dizz, adem\u00e1s de la presentaci\u00f3n del equipo importado Beef Candy (Richie Slade y Flex McCallion), que se medir\u00e1n con Super Mega y Sick Boy.<\/p>\n<p>Estos eventos est\u00e1n ya a la vuelta de la esquina y marcar\u00e1n el inicio de una nueva era para X-LAW, que se ha distinguido por su estilo innovador en la lucha libre mexicana.<\/p>\n<p>[\/fusion_text][fusion_imageframe image_id=&#8221;43133|medium&#8221; max_width=&#8221;&#8221; style_type=&#8221;&#8221; blur=&#8221;&#8221; stylecolor=&#8221;&#8221; hover_type=&#8221;none&#8221; bordersize=&#8221;&#8221; bordercolor=&#8221;&#8221; borderradius=&#8221;&#8221; align=&#8221;none&#8221; lightbox=&#8221;no&#8221; gallery_id=&#8221;&#8221; lightbox_image=&#8221;&#8221; lightbox_image_id=&#8221;&#8221; alt=&#8221;&#8221; link=&#8221;&#8221; linktarget=&#8221;_self&#8221; hide_on_mobile=&#8221;small-visibility,medium-visibility,large-visibility&#8221; class=&#8221;&#8221; id=&#8221;&#8221; animation_type=&#8221;&#8221; animation_direction=&#8221;left&#8221; animation_speed=&#8221;0.3&#8243; animation_offset=&#8221;&#8221;]https:\/\/www.bitacoracdmx.com\/wp-content\/uploads\/2022\/03\/elmesiasrickybanderas2-300&#215;187.jpg[\/fusion_imageframe][\/fusion_builder_column][\/fusion_builder_row][\/fusion_builder_container]<\/p>\n","protected":false},"excerpt":{"rendered":"<p>[fusion_builder_container hundred_percent=&#8221;no&#8221; equal_height_columns=&#8221;no&#8221; menu_anchor=&#8221;&#8221; hide_on_mobile=&#8221;small-visibility,medium-visibility,large-visibility&#8221; class=&#8221;&#8221; id=&#8221;&#8221; background_color=&#8221;&#8221; background_image=&#8221;&#8221; background_position=&#8221;center center&#8221; background_repeat=&#8221;no-repeat&#8221; fade=&#8221;no&#8221; background_parallax=&#8221;none&#8221; parallax_speed=&#8221;0.3&#8243; video_mp4=&#8221;&#8221; video_webm=&#8221;&#8221; video_ogv=&#8221;&#8221; video_url=&#8221;&#8221; video_aspect_ratio=&#8221;16:9&#8243; video_loop=&#8221;yes&#8221; video_mute=&#8221;yes&#8221; overlay_color=&#8221;&#8221; video_preview_image=&#8221;&#8221; border_size=&#8221;&#8221; border_color=&#8221;&#8221; border_style=&#8221;solid&#8221; padding_top=&#8221;&#8221; padding_bottom=&#8221;&#8221; padding_left=&#8221;&#8221; padding_right=&#8221;&#8221;][fusion_builder_row][fusion_builder_column type=&#8221;1_1&#8243; layout=&#8221;1_1&#8243; background_position=&#8221;left top&#8221; background_color=&#8221;&#8221; border_size=&#8221;&#8221; border_color=&#8221;&#8221; border_style=&#8221;solid&#8221; border_position=&#8221;all&#8221; spacing=&#8221;yes&#8221; background_image=&#8221;&#8221; background_repeat=&#8221;no-repeat&#8221; padding_top=&#8221;&#8221; padding_right=&#8221;&#8221; padding_bottom=&#8221;&#8221; padding_left=&#8221;&#8221; margin_top=&#8221;0px&#8221; margin_bottom=&#8221;0px&#8221; class=&#8221;&#8221; id=&#8221;&#8221; animation_type=&#8221;&#8221; animation_speed=&#8221;0.3&#8243; animation_direction=&#8221;left&#8221; hide_on_mobile=&#8221;small-visibility,medium-visibility,large-visibility&#8221; center_content=&#8221;no&#8221; last=&#8221;no&#8221; min_height=&#8221;&#8221; hover_type=&#8221;none&#8221; link=&#8221;&#8221;][fusion_text] REDACCI\u00d3N Marzo es el mes del esperado retorno de la primera empresa de lucha libre extrema en M\u00e9xico, Xtreme Latin American Wrestling (X-LAW), que desde su fundaci\u00f3n en 2001 ha ofrecido combates por dem\u00e1s llamativos a la afici\u00f3n del deporte [&hellip;]<\/p>\n","protected":false},"author":1,"featured_media":43133,"comment_status":"open","ping_status":"open","sticky":false,"template":"","format":"standard","meta":{"footnotes":""},"categories":[6,9],"tags":[],"_links":{"self":[{"href":"https:\/\/www.bitacoracdmx.com\/index.php?rest_route=\/wp\/v2\/posts\/43132"}],"collection":[{"href":"https:\/\/www.bitacoracdmx.com\/index.php?rest_route=\/wp\/v2\/posts"}],"about":[{"href":"https:\/\/www.bitacoracdmx.com\/index.php?rest_route=\/wp\/v2\/types\/post"}],"author":[{"embeddable":true,"href":"https:\/\/www.bitacoracdmx.com\/index.php?rest_route=\/wp\/v2\/users\/1"}],"replies":[{"embeddable":true,"href":"https:\/\/www.bitacoracdmx.com\/index.php?rest_route=%2Fwp%2Fv2%2Fcomments&post=43132"}],"version-history":[{"count":1,"href":"https:\/\/www.bitacoracdmx.com\/index.php?rest_route=\/wp\/v2\/posts\/43132\/revisions"}],"predecessor-version":[{"id":43134,"href":"https:\/\/www.bitacoracdmx.com\/index.php?rest_route=\/wp\/v2\/posts\/43132\/revisions\/43134"}],"wp:featuredmedia":[{"embeddable":true,"href":"https:\/\/www.bitacoracdmx.com\/index.php?rest_route=\/wp\/v2\/media\/43133"}],"wp:attachment":[{"href":"https:\/\/www.bitacoracdmx.com\/index.php?rest_route=%2Fwp%2Fv2%2Fmedia&parent=43132"}],"wp:term":[{"taxonomy":"category","embeddable":true,"href":"https:\/\/www.bitacoracdmx.com\/index.php?rest_route=%2Fwp%2Fv2%2Fcategories&post=43132"},{"taxonomy":"post_tag","embeddable":true,"href":"https:\/\/www.bitacoracdmx.com\/index.php?rest_route=%2Fwp%2Fv2%2Ftags&post=43132"}],"curies":[{"name":"wp","href":"https:\/\/api.w.org\/{rel}","templated":true}]}}