{"id":43165,"date":"2022-03-07T02:14:00","date_gmt":"2022-03-07T02:14:00","guid":{"rendered":"https:\/\/www.bitacoracdmx.com\/?p=43165"},"modified":"2022-03-07T02:14:00","modified_gmt":"2022-03-07T02:14:00","slug":"finalizan-pancho-name-y-armando-zapata-segundos-en-el-grupo-1-del-30o-rally-rac-1000","status":"publish","type":"post","link":"https:\/\/www.bitacoracdmx.com\/?p=43165","title":{"rendered":"Finalizan Pancho Name y Armando Zapata segundos en el Grupo 1 del 30\u00ba Rally RAC 1000"},"content":{"rendered":"<p>[fusion_builder_container hundred_percent=&#8221;no&#8221; equal_height_columns=&#8221;no&#8221; menu_anchor=&#8221;&#8221; hide_on_mobile=&#8221;small-visibility,medium-visibility,large-visibility&#8221; class=&#8221;&#8221; id=&#8221;&#8221; background_color=&#8221;&#8221; background_image=&#8221;&#8221; background_position=&#8221;center center&#8221; background_repeat=&#8221;no-repeat&#8221; fade=&#8221;no&#8221; background_parallax=&#8221;none&#8221; parallax_speed=&#8221;0.3&#8243; video_mp4=&#8221;&#8221; video_webm=&#8221;&#8221; video_ogv=&#8221;&#8221; video_url=&#8221;&#8221; video_aspect_ratio=&#8221;16:9&#8243; video_loop=&#8221;yes&#8221; video_mute=&#8221;yes&#8221; overlay_color=&#8221;&#8221; video_preview_image=&#8221;&#8221; border_size=&#8221;&#8221; border_color=&#8221;&#8221; border_style=&#8221;solid&#8221; padding_top=&#8221;&#8221; padding_bottom=&#8221;&#8221; padding_left=&#8221;&#8221; padding_right=&#8221;&#8221;][fusion_builder_row][fusion_builder_column type=&#8221;1_1&#8243; layout=&#8221;1_1&#8243; background_position=&#8221;left top&#8221; background_color=&#8221;&#8221; border_size=&#8221;&#8221; border_color=&#8221;&#8221; border_style=&#8221;solid&#8221; border_position=&#8221;all&#8221; spacing=&#8221;yes&#8221; background_image=&#8221;&#8221; background_repeat=&#8221;no-repeat&#8221; padding_top=&#8221;&#8221; padding_right=&#8221;&#8221; padding_bottom=&#8221;&#8221; padding_left=&#8221;&#8221; margin_top=&#8221;0px&#8221; margin_bottom=&#8221;0px&#8221; class=&#8221;&#8221; id=&#8221;&#8221; animation_type=&#8221;&#8221; animation_speed=&#8221;0.3&#8243; animation_direction=&#8221;left&#8221; hide_on_mobile=&#8221;small-visibility,medium-visibility,large-visibility&#8221; center_content=&#8221;no&#8221; last=&#8221;no&#8221; min_height=&#8221;&#8221; hover_type=&#8221;none&#8221; link=&#8221;&#8221;][fusion_text]<\/p>\n<p>REDACCI\u00d3N<\/p>\n<p style=\"margin: 0cm; margin-bottom: .0001pt; text-align: justify; line-height: 20.4pt; vertical-align: baseline;\"><span style=\"font-size: 11.0pt; font-family: 'OpenSans','serif'; color: #333333;\">Pancho Name y Armando Zapata terminaron hoy en la segunda posici\u00f3n del G1 en la primera fecha del Campeonato Mexicano de Rallies, el denominado Rally RAC 1000 en su edici\u00f3n n\u00famero 30, disputados sobre caminos de terracer\u00eda en el estado de San Luis Potos\u00ed, M\u00e9xico.<\/span><\/p>\n<p style=\"margin: 0cm; margin-bottom: .0001pt; text-align: justify; line-height: 20.4pt; vertical-align: baseline;\"><span style=\"font-size: 11.0pt; font-family: 'OpenSans','serif'; color: #333333;\">La tripulaci\u00f3n de Escuder\u00eda Telmex Telcel, al mando del Subaru WRX STI #33 del Qu\u00e1litas Subaru Rally Team, consigui\u00f3 luchar hoy no sin ciertos problemas, en una competencia por dem\u00e1s desgastantes por los duros caminos que pusieron a prueba la m\u00e1quina, piloto y copiloto en el Grupo 1 de los 40 competidores presentes en las distintas categor\u00edas.<\/span><\/p>\n<p style=\"margin: 0cm; margin-bottom: .0001pt; text-align: justify; line-height: 20.4pt; vertical-align: baseline;\"><span style=\"font-size: 11.0pt; font-family: 'OpenSans','serif'; color: #333333;\">\u00a0<\/span><\/p>\n<p style=\"margin: 0cm; margin-bottom: .0001pt; text-align: justify; line-height: 20.4pt; vertical-align: baseline;\"><span style=\"font-size: 11.0pt; font-family: 'OpenSans','serif'; color: #333333;\">Fueron 12 tramos cronometrados que exigieron al m\u00e1ximo a los autos y las tripulaciones, sobre todo por las fuertes temperaturas que se experimentaron dentro de las cabinas de estos coches y por lo desgastante de las rutas de tierra.<\/span><\/p>\n<p style=\"margin: 0cm; margin-bottom: .0001pt; text-align: justify; line-height: 20.4pt; vertical-align: baseline;\"><span style=\"font-size: 11.0pt; font-family: 'OpenSans','serif'; color: #333333;\">\u00a0<\/span><\/p>\n<p style=\"margin: 0cm; margin-bottom: .0001pt; text-align: justify; line-height: 20.4pt; vertical-align: baseline;\"><span style=\"font-size: 11.0pt; font-family: 'OpenSans','serif'; color: #333333;\">En la general, Name y Zapata se colocaron sextos de este rally que oficialmente abri\u00f3 las acciones de la presente temporada, cuyo calendario registra siete fechas puntuables. El <\/span><span style=\"font-size: 11.0pt; font-family: 'OpenSans','serif'; color: #333333;\">siguiente paso ser\u00e1 el Primer Rally Reto de las Naciones, que de igual manera se disputar\u00e1 en terracer\u00eda, pero ahora en Le\u00f3n, Guanajuato, del 1 al 3 de abril.<\/span><\/p>\n<p style=\"margin: 0cm; margin-bottom: .0001pt; text-align: justify; line-height: 20.4pt; vertical-align: baseline;\"><span style=\"font-size: 11.0pt; font-family: 'OpenSans','serif'; color: #333333;\">\u00a0<\/span><\/p>\n<p style=\"margin: 0cm; margin-bottom: .0001pt; text-align: justify; line-height: 20.4pt; vertical-align: baseline;\"><span style=\"font-size: 11.0pt; font-family: 'OpenSans','serif'; color: #333333;\">Al respecto, el piloto Telmex Telcel, Pancho Name Guzzy, dijo: \u201cSe cumpli\u00f3 el objetivo de terminar en el podio en el Rally RAC 1000 en SLP con el Subaru WRX STI #33 del Qu\u00e1litas Subaru Rally Team, en un rally muy r\u00e1pido, muy dif\u00edcil y muy demandante\u201d.<\/span><\/p>\n<p style=\"margin: 0cm; margin-bottom: .0001pt; text-align: justify; line-height: 20.4pt; vertical-align: baseline;\"><span style=\"font-size: 11.0pt; font-family: 'OpenSans','serif'; color: #333333;\">\u00a0<\/span><\/p>\n<p style=\"margin: 0cm; margin-bottom: .0001pt; text-align: justify; line-height: 20.4pt; vertical-align: baseline;\"><span style=\"font-size: 11.0pt; font-family: 'OpenSans','serif'; color: #333333;\">El rallista a\u00f1adi\u00f3 que \u201cdecidimos hacer un rally inteligente ya que seguimos desarrollando el auto, as\u00ed que fuimos tramo por tramo, siempre de menos a m\u00e1s, en carrera muy demandante para el auto, con velocidad arriba de los 150 km\/h. As\u00ed que estamos contentos de haber finalizado en el podio de nuestra categor\u00eda\u201d. <\/span><span style=\"font-size: 11.0pt; font-family: 'OpenSans','serif'; color: #333333;\">\u201cEl auto se comport\u00f3 muy bien, se sinti\u00f3 muy bien, muy s\u00f3lido, as\u00ed que tuvimos una gran experiencia con todos nuestros patrocinadores. Tuvimos un hospitality donde pudieron disfrutar del rally. Este resultado nos coloca con miras a la pelea del Campeonato Mexicano de Rallies 2022, por lo que estamos contentos, pero no satisfechos del resultado\u201d, explic\u00f3 Name Guzzy.<\/span><\/p>\n<p style=\"margin: 0cm; margin-bottom: .0001pt; text-align: justify; line-height: 20.4pt; vertical-align: baseline;\"><span style=\"font-size: 11.0pt; font-family: 'OpenSans','serif'; color: #333333;\">\u00a0<\/span><\/p>\n<p style=\"margin: 0cm; margin-bottom: .0001pt; text-align: justify; line-height: 20.4pt; vertical-align: baseline;\"><span style=\"font-size: 11.0pt; font-family: 'OpenSans','serif'; color: #333333;\">Y agreg\u00f3: \u201cAs\u00ed que vamos por m\u00e1s, ahora el 1, 2 y 3 de abril en el Rally Reto de las Naciones, que era la fecha del Campeonato del Mundo, y donde llegar\u00e1n 35 pilotos extranjeros a competir. Por lo pronto, agradecemos a nuestros patrocinadores Qu\u00e1litas, Subaru, Motul, K\u00e4rcher, K1speed, Lock, GoPro, Telcel \/ infinitum, JA art\u00edculos, View Sports, Can-am, Extreme Toys, Naim Carbon y Effekten\u201d.<\/span><\/p>\n<p style=\"margin: 0cm; margin-bottom: .0001pt; text-align: justify; line-height: 20.4pt; vertical-align: baseline;\"><span style=\"font-size: 11.0pt; font-family: 'OpenSans','serif'; color: #333333;\">\u00a0<\/span><\/p>\n<p>[\/fusion_text][fusion_gallery layout=&#8221;&#8221; picture_size=&#8221;&#8221; columns=&#8221;&#8221; column_spacing=&#8221;10&#8243; gallery_masonry_grid_ratio=&#8221;&#8221; gallery_masonry_width_double=&#8221;&#8221; hover_type=&#8221;&#8221; lightbox=&#8221;yes&#8221; lightbox_content=&#8221;&#8221; bordersize=&#8221;&#8221; bordercolor=&#8221;&#8221; border_radius=&#8221;&#8221; hide_on_mobile=&#8221;small-visibility,medium-visibility,large-visibility&#8221; class=&#8221;&#8221; id=&#8221;&#8221;][fusion_gallery_image image=&#8221;https:\/\/www.bitacoracdmx.com\/wp-content\/uploads\/2022\/03\/WhatsApp-Image-2022-03-06-at-3.43.02-PM-2-300&#215;200.jpeg&#8221; image_id=&#8221;43166|medium&#8221; link=&#8221;&#8221; linktarget=&#8221;_self&#8221; \/][fusion_gallery_image image=&#8221;https:\/\/www.bitacoracdmx.com\/wp-content\/uploads\/2022\/03\/WhatsApp-Image-2022-03-06-at-3.43.02-PM-1-300&#215;200.jpeg&#8221; image_id=&#8221;43167|medium&#8221; link=&#8221;&#8221; linktarget=&#8221;_self&#8221; \/][fusion_gallery_image image=&#8221;https:\/\/www.bitacoracdmx.com\/wp-content\/uploads\/2022\/03\/WhatsApp-Image-2022-03-06-at-3.43.01-PM-3-300&#215;200.jpeg&#8221; image_id=&#8221;43168|medium&#8221; link=&#8221;&#8221; linktarget=&#8221;_self&#8221; \/][\/fusion_gallery][\/fusion_builder_column][\/fusion_builder_row][\/fusion_builder_container]<\/p>\n","protected":false},"excerpt":{"rendered":"<p>[fusion_builder_container hundred_percent=&#8221;no&#8221; equal_height_columns=&#8221;no&#8221; menu_anchor=&#8221;&#8221; hide_on_mobile=&#8221;small-visibility,medium-visibility,large-visibility&#8221; class=&#8221;&#8221; id=&#8221;&#8221; background_color=&#8221;&#8221; background_image=&#8221;&#8221; background_position=&#8221;center center&#8221; background_repeat=&#8221;no-repeat&#8221; fade=&#8221;no&#8221; background_parallax=&#8221;none&#8221; parallax_speed=&#8221;0.3&#8243; video_mp4=&#8221;&#8221; video_webm=&#8221;&#8221; video_ogv=&#8221;&#8221; video_url=&#8221;&#8221; video_aspect_ratio=&#8221;16:9&#8243; video_loop=&#8221;yes&#8221; video_mute=&#8221;yes&#8221; overlay_color=&#8221;&#8221; video_preview_image=&#8221;&#8221; border_size=&#8221;&#8221; border_color=&#8221;&#8221; border_style=&#8221;solid&#8221; padding_top=&#8221;&#8221; padding_bottom=&#8221;&#8221; padding_left=&#8221;&#8221; padding_right=&#8221;&#8221;][fusion_builder_row][fusion_builder_column type=&#8221;1_1&#8243; layout=&#8221;1_1&#8243; background_position=&#8221;left top&#8221; background_color=&#8221;&#8221; border_size=&#8221;&#8221; border_color=&#8221;&#8221; border_style=&#8221;solid&#8221; border_position=&#8221;all&#8221; spacing=&#8221;yes&#8221; background_image=&#8221;&#8221; background_repeat=&#8221;no-repeat&#8221; padding_top=&#8221;&#8221; padding_right=&#8221;&#8221; padding_bottom=&#8221;&#8221; padding_left=&#8221;&#8221; margin_top=&#8221;0px&#8221; margin_bottom=&#8221;0px&#8221; class=&#8221;&#8221; id=&#8221;&#8221; animation_type=&#8221;&#8221; animation_speed=&#8221;0.3&#8243; animation_direction=&#8221;left&#8221; hide_on_mobile=&#8221;small-visibility,medium-visibility,large-visibility&#8221; center_content=&#8221;no&#8221; last=&#8221;no&#8221; min_height=&#8221;&#8221; hover_type=&#8221;none&#8221; link=&#8221;&#8221;][fusion_text] REDACCI\u00d3N Pancho Name y Armando Zapata terminaron hoy en la segunda posici\u00f3n del G1 en la primera fecha del Campeonato Mexicano de Rallies, el denominado Rally RAC 1000 en su edici\u00f3n n\u00famero 30, disputados sobre caminos de terracer\u00eda en el [&hellip;]<\/p>\n","protected":false},"author":1,"featured_media":43167,"comment_status":"open","ping_status":"open","sticky":false,"template":"","format":"standard","meta":{"footnotes":""},"categories":[6,9],"tags":[],"_links":{"self":[{"href":"https:\/\/www.bitacoracdmx.com\/index.php?rest_route=\/wp\/v2\/posts\/43165"}],"collection":[{"href":"https:\/\/www.bitacoracdmx.com\/index.php?rest_route=\/wp\/v2\/posts"}],"about":[{"href":"https:\/\/www.bitacoracdmx.com\/index.php?rest_route=\/wp\/v2\/types\/post"}],"author":[{"embeddable":true,"href":"https:\/\/www.bitacoracdmx.com\/index.php?rest_route=\/wp\/v2\/users\/1"}],"replies":[{"embeddable":true,"href":"https:\/\/www.bitacoracdmx.com\/index.php?rest_route=%2Fwp%2Fv2%2Fcomments&post=43165"}],"version-history":[{"count":1,"href":"https:\/\/www.bitacoracdmx.com\/index.php?rest_route=\/wp\/v2\/posts\/43165\/revisions"}],"predecessor-version":[{"id":43169,"href":"https:\/\/www.bitacoracdmx.com\/index.php?rest_route=\/wp\/v2\/posts\/43165\/revisions\/43169"}],"wp:featuredmedia":[{"embeddable":true,"href":"https:\/\/www.bitacoracdmx.com\/index.php?rest_route=\/wp\/v2\/media\/43167"}],"wp:attachment":[{"href":"https:\/\/www.bitacoracdmx.com\/index.php?rest_route=%2Fwp%2Fv2%2Fmedia&parent=43165"}],"wp:term":[{"taxonomy":"category","embeddable":true,"href":"https:\/\/www.bitacoracdmx.com\/index.php?rest_route=%2Fwp%2Fv2%2Fcategories&post=43165"},{"taxonomy":"post_tag","embeddable":true,"href":"https:\/\/www.bitacoracdmx.com\/index.php?rest_route=%2Fwp%2Fv2%2Ftags&post=43165"}],"curies":[{"name":"wp","href":"https:\/\/api.w.org\/{rel}","templated":true}]}}