{"id":43183,"date":"2022-03-08T03:37:05","date_gmt":"2022-03-08T03:37:05","guid":{"rendered":"https:\/\/www.bitacoracdmx.com\/?p=43183"},"modified":"2022-03-08T03:37:05","modified_gmt":"2022-03-08T03:37:05","slug":"cecilia-toussaint-vivir-quintana-y-leiden-uniran-sus-voces-a-la-orquesta-filarmonica-de-la-ciudad-de-mexico","status":"publish","type":"post","link":"https:\/\/www.bitacoracdmx.com\/?p=43183","title":{"rendered":"Cecilia Toussaint, Vivir Quintana y Leiden unir\u00e1n sus voces a la Orquesta Filarm\u00f3nica de la Ciudad de M\u00e9xico"},"content":{"rendered":"<p>[fusion_builder_container hundred_percent=&#8221;no&#8221; equal_height_columns=&#8221;no&#8221; menu_anchor=&#8221;&#8221; hide_on_mobile=&#8221;small-visibility,medium-visibility,large-visibility&#8221; class=&#8221;&#8221; id=&#8221;&#8221; background_color=&#8221;&#8221; background_image=&#8221;&#8221; background_position=&#8221;center center&#8221; background_repeat=&#8221;no-repeat&#8221; fade=&#8221;no&#8221; background_parallax=&#8221;none&#8221; parallax_speed=&#8221;0.3&#8243; video_mp4=&#8221;&#8221; video_webm=&#8221;&#8221; video_ogv=&#8221;&#8221; video_url=&#8221;&#8221; video_aspect_ratio=&#8221;16:9&#8243; video_loop=&#8221;yes&#8221; video_mute=&#8221;yes&#8221; overlay_color=&#8221;&#8221; video_preview_image=&#8221;&#8221; border_size=&#8221;&#8221; border_color=&#8221;&#8221; border_style=&#8221;solid&#8221; padding_top=&#8221;&#8221; padding_bottom=&#8221;&#8221; padding_left=&#8221;&#8221; padding_right=&#8221;&#8221;][fusion_builder_row][fusion_builder_column type=&#8221;1_1&#8243; layout=&#8221;1_1&#8243; background_position=&#8221;left top&#8221; background_color=&#8221;&#8221; border_size=&#8221;&#8221; border_color=&#8221;&#8221; border_style=&#8221;solid&#8221; border_position=&#8221;all&#8221; spacing=&#8221;yes&#8221; background_image=&#8221;&#8221; background_repeat=&#8221;no-repeat&#8221; padding_top=&#8221;&#8221; padding_right=&#8221;&#8221; padding_bottom=&#8221;&#8221; padding_left=&#8221;&#8221; margin_top=&#8221;0px&#8221; margin_bottom=&#8221;0px&#8221; class=&#8221;&#8221; id=&#8221;&#8221; animation_type=&#8221;&#8221; animation_speed=&#8221;0.3&#8243; animation_direction=&#8221;left&#8221; hide_on_mobile=&#8221;small-visibility,medium-visibility,large-visibility&#8221; center_content=&#8221;no&#8221; last=&#8221;no&#8221; min_height=&#8221;&#8221; hover_type=&#8221;none&#8221; link=&#8221;&#8221;][fusion_text]<\/p>\n<p>REDACCI\u00d3N<\/p>\n<ul>\n<li dir=\"ltr\">\n<p dir=\"ltr\" role=\"presentation\">Con la direcci\u00f3n hu\u00e9sped de Grace Echauri, se ofrecer\u00e1 un concierto el pr\u00f3ximo 12 de marzo, en el Teatro de la Ciudad Esperanza Iris<\/p>\n<\/li>\n<li dir=\"ltr\">\n<p dir=\"ltr\" role=\"presentation\">Como parte del ciclo Nosotras Somos Memoria<\/p>\n<\/li>\n<\/ul>\n<p dir=\"ltr\">La Orquesta Filarm\u00f3nica de la Ciudad de M\u00e9xico (OFCM) se vestir\u00e1 de color <span class=\"x_gmail-il\">violeta<\/span> y ofrecer\u00e1 un concierto que contar\u00e1 con las participaciones de cuatro destacadas mujeres mexicanas: la mezzosoprano Grace Echauri en su faceta de directora de orquesta, y Cecilia Toussaint, Vivir Quintana y Leiden, tres reconocidas voces del panorama de la m\u00fasica en nuestro pa\u00eds, como solistas invitadas. Las artistas interpretar\u00e1n los arreglos orquestales de sus propias canciones, realizados por Omar Guzm\u00e1n, Mario Santos, Manu Jalil y Juan Duarte, David Hernandez Ramos y Nur Slim, ex profeso para esta ocasi\u00f3n.<\/p>\n<p dir=\"ltr\">El concierto especial, organizado por la Direcci\u00f3n del Sistema de Teatros de la Secretar\u00eda de Cultura de la Ciudad de M\u00e9xico en el marco del ciclo Nosotras Somos Memoria, se llevar\u00e1 a cabo el pr\u00f3ximo s\u00e1bado 12 de marzo a las 18:00 horas en el Teatro de la Ciudad Esperanza Iris, ubicado en el Centro Hist\u00f3rico de la capital del pa\u00eds.<\/p>\n<p dir=\"ltr\">Filarm\u00f3nica <span class=\"x_gmail-il\">violeta<\/span> es el t\u00edtulo que lleva el concierto a cargo de la OFCM, cuyo director principal y art\u00edstico es el maestro Scott Yoo. El concierto se percibe como una conversaci\u00f3n musical entre tres distintas generaciones de mexicanas, tres estilos musicales diferentes pero coincidentes, y tres formas de procesar el hecho creativo y la mirada art\u00edstica de las mujeres mexicanas contempor\u00e1neas.<\/p>\n<p dir=\"ltr\">Acompa\u00f1adas de los instrumentos de cuerda, aliento-madera, aliento-metal y percusiones (propios de una orquesta de concierto), las tres artistas compartir\u00e1n a trav\u00e9s de su canto sus principales preocupaciones sociales, pero tambi\u00e9n har\u00e1n un reconocimiento y un homenaje a la lucha que mujeres mexicanas \u2013an\u00f3nimas y conocidas\u2013 han entablado ante la injusticia.<\/p>\n<p dir=\"ltr\">La mezzosoprano Grace Echauri\u00a0 reitera su papel como directora de orquestas y coros de gran formato. En pr\u00f3ximos d\u00edas cantar\u00e1 un recital y la Tercera sinfon\u00eda de Mahler con la Orquesta Filarm\u00f3nica de Siam, en Tailandia, donde recibir\u00e1 un reconocimiento por parte del Ministro de Cultura de ese pa\u00eds, que se integra a su celebraci\u00f3n de 15 a\u00f1os de carrera art\u00edstica en tierras asi\u00e1ticas.<\/p>\n<p dir=\"ltr\">Cecilia Toussaint es una de las m\u00e1ximas exponentes de la m\u00fasica mexicana y se desempe\u00f1a tambi\u00e9n en teatro, danza, \u00f3pera, cine, radio y televisi\u00f3n. Es una int\u00e9rprete con una visi\u00f3n art\u00edstica extraordinaria, un estilo propio y su nombre es sin\u00f3nimo de determinaci\u00f3n y talento.\u00a0 Se le reconoce como una mujer perseverante, la voz femenina del rock en nuestro pa\u00eds y su carrera y su nombre tienen el significado y el peso de un cl\u00e1sico en la cultura mexicana. Nominada dos veces al Grammy Latino y nombrada Patrimonio Cultural Vivo de la Ciudad de M\u00e9xico, se ha convertido en una de las fuerzas art\u00edsticas de mayor influencia en M\u00e9xico.<\/p>\n<p dir=\"ltr\">En pr\u00f3ximos d\u00edas presentar\u00e1 en el recinto de Donceles, s\u00e1bado 26 de marzo, con un espect\u00e1culo para dar a conocer sus m\u00e1s recientes producciones discogr\u00e1ficas: CROM\u00c1TICO, con canciones propias, y El lado sur de mi coraz\u00f3n, una recopilaci\u00f3n de canciones de sus autores argentinos favoritos.<\/p>\n<p dir=\"ltr\">Por su parte, Vivir Quintana compartir\u00e1 algunas piezas del llamado g\u00e9nero ranchero azul, desde el cual ha entablado una lucha por la erradicaci\u00f3n de la violencia de g\u00e9nero en M\u00e9xico, Latinoam\u00e9rica y el mundo. En ese sentido, su Canci\u00f3n sin miedo ha sido versionada y traducida en todo el mundo. Tambi\u00e9n ha compuesto temas para pel\u00edculas y cortometrajes como Noche de fuego, Amalia en el oto\u00f1o y Las tres muertes de Marisela Escobedo, entre otras. Actualmente graba su pr\u00f3ximo \u00e1lbum Cosas que sorprenden a la audiencia, de corridos mexicanos enfocado en historias de mujeres que han sido privadas de su libertad f\u00edsica por defenderse de su agresor.<\/p>\n<p dir=\"ltr\">Mientras tanto, Leiden, compositora, cantante, activista, locutora y productora mexicana-cubana, se ha caracterizado por fusionar las ra\u00edces latinoamericanas con ritmos y g\u00e9neros de vanguardia, con colaboraciones con diversos artistas contempor\u00e1neos. Tiene cuatro discos de estudio y un DVD en vivo y ha compuesto m\u00fasica para pel\u00edculas, cortometrajes, documentales y montajes teatrales. Canciones como Tu boca y Cuando so\u00f1aba superan el mill\u00f3n de reproducciones en plataformas, y su canci\u00f3n Hasta salvarnos ha sido interpretada por m\u00e1s de 40 cantautoras en Europa y Am\u00e9rica Latina.<\/p>\n<p dir=\"ltr\">La propuesta se ofrecer\u00e1 en el marco de la primera edici\u00f3n del ciclo Nosotras Somos Memoria, el cual subraya la lucha hist\u00f3rica de las mujeres y el reconocimiento de sus derechos como la libre expresi\u00f3n, equidad, justicia social y libertad.<\/p>\n<p dir=\"ltr\">El concierto Filarm\u00f3nica <span class=\"x_gmail-il\">violeta<\/span> se llevar\u00e1 a cabo el s\u00e1bado 12 de marzo a las 18:00 horas en el Teatro de la Ciudad Esperanza Iris (Donceles 36, Centro Hist\u00f3rico, Metro Allende), con las disposiciones del sem\u00e1foro epidemiol\u00f3gico vigente: cupo limitado al 75 por ciento de la capacidad del recinto y uso permanente de cubre-bocas, gel anti-bacterial y registro de c\u00f3digo QR por parte tanto del personal del teatro como de los espectadores.<\/p>\n<p dir=\"ltr\">Admisi\u00f3n: Luneta, $400.00; Primer Piso Plus, $350.00; Primer Piso, $300.00; Anfiteatro, $250.00, y Galer\u00eda, $200.00. Los boletos se pueden adquirir en la taquilla del teatro y en las plataformas digitales de Ticketmaster.<\/p>\n<p dir=\"ltr\">Para conocer la programaci\u00f3n de la Direcci\u00f3n del Sistema de Teatros de la Ciudad de M\u00e9xico visite las redes sociales: Facebook @TeatrosCdMexico, Twitter @TeatrosCdMexico e Instagram @teatroscdmexico. Asimismo, las redes sociales de la Orquesta Filarm\u00f3nica de la Ciudad de M\u00e9xico: Facebook,Twitter e Instagram @OFCMex.<\/p>\n<p dir=\"ltr\">Siga a la\u00a0Secretar\u00eda de Cultura de la Ciudad de M\u00e9xico\u00a0a trav\u00e9s de su p\u00e1gina oficial (<a href=\"https:\/\/cultura.cdmx.gob.mx\/\" target=\"_blank\" rel=\"noopener noreferrer\" data-auth=\"NotApplicable\" data-linkindex=\"1\">https:\/\/cultura.cdmx.gob.mx\/<\/a>), sus redes sociales (<a href=\"https:\/\/www.facebook.com\/Cultura.Ciudad.de.Mexico\" target=\"_blank\" rel=\"noopener noreferrer\" data-auth=\"NotApplicable\" data-linkindex=\"2\">Facebook<\/a>,\u00a0<a href=\"https:\/\/twitter.com\/CulturaCiudadMx\" target=\"_blank\" rel=\"noopener noreferrer\" data-auth=\"NotApplicable\" data-linkindex=\"3\">Twitter<\/a>,\u00a0<a href=\"https:\/\/www.instagram.com\/culturaciudadmx\/?hl=es-la\" target=\"_blank\" rel=\"noopener noreferrer\" data-auth=\"NotApplicable\" data-linkindex=\"4\">Instagram<\/a>\u00a0y\u00a0<a href=\"https:\/\/www.youtube.com\/user\/culturamadf\" target=\"_blank\" rel=\"noopener noreferrer\" data-auth=\"NotApplicable\" data-linkindex=\"5\">YouTube<\/a>) y en la plataforma digital\u00a0<a href=\"http:\/\/www.capitalculturalennuestracasa.cdmx.gob.mx\/\" target=\"_blank\" rel=\"noopener noreferrer\" data-auth=\"NotApplicable\" data-linkindex=\"6\">Capital Cultural en Nuestra Casa<\/a>.<\/p>\n<p>[\/fusion_text][fusion_imageframe image_id=&#8221;43184|medium&#8221; max_width=&#8221;&#8221; style_type=&#8221;&#8221; blur=&#8221;&#8221; stylecolor=&#8221;&#8221; hover_type=&#8221;none&#8221; bordersize=&#8221;&#8221; bordercolor=&#8221;&#8221; borderradius=&#8221;&#8221; align=&#8221;none&#8221; lightbox=&#8221;no&#8221; gallery_id=&#8221;&#8221; lightbox_image=&#8221;&#8221; lightbox_image_id=&#8221;&#8221; alt=&#8221;&#8221; link=&#8221;&#8221; linktarget=&#8221;_self&#8221; hide_on_mobile=&#8221;small-visibility,medium-visibility,large-visibility&#8221; class=&#8221;&#8221; id=&#8221;&#8221; animation_type=&#8221;&#8221; animation_direction=&#8221;left&#8221; animation_speed=&#8221;0.3&#8243; animation_offset=&#8221;&#8221;]https:\/\/www.bitacoracdmx.com\/wp-content\/uploads\/2022\/03\/descargar-2022-03-07T212137.878-160&#215;300.png[\/fusion_imageframe][\/fusion_builder_column][\/fusion_builder_row][\/fusion_builder_container]<\/p>\n","protected":false},"excerpt":{"rendered":"<p>[fusion_builder_container hundred_percent=&#8221;no&#8221; equal_height_columns=&#8221;no&#8221; menu_anchor=&#8221;&#8221; hide_on_mobile=&#8221;small-visibility,medium-visibility,large-visibility&#8221; class=&#8221;&#8221; id=&#8221;&#8221; background_color=&#8221;&#8221; background_image=&#8221;&#8221; background_position=&#8221;center center&#8221; background_repeat=&#8221;no-repeat&#8221; fade=&#8221;no&#8221; background_parallax=&#8221;none&#8221; parallax_speed=&#8221;0.3&#8243; video_mp4=&#8221;&#8221; video_webm=&#8221;&#8221; video_ogv=&#8221;&#8221; video_url=&#8221;&#8221; video_aspect_ratio=&#8221;16:9&#8243; video_loop=&#8221;yes&#8221; video_mute=&#8221;yes&#8221; overlay_color=&#8221;&#8221; video_preview_image=&#8221;&#8221; border_size=&#8221;&#8221; border_color=&#8221;&#8221; border_style=&#8221;solid&#8221; padding_top=&#8221;&#8221; padding_bottom=&#8221;&#8221; padding_left=&#8221;&#8221; padding_right=&#8221;&#8221;][fusion_builder_row][fusion_builder_column type=&#8221;1_1&#8243; layout=&#8221;1_1&#8243; background_position=&#8221;left top&#8221; background_color=&#8221;&#8221; border_size=&#8221;&#8221; border_color=&#8221;&#8221; border_style=&#8221;solid&#8221; border_position=&#8221;all&#8221; spacing=&#8221;yes&#8221; background_image=&#8221;&#8221; background_repeat=&#8221;no-repeat&#8221; padding_top=&#8221;&#8221; padding_right=&#8221;&#8221; padding_bottom=&#8221;&#8221; padding_left=&#8221;&#8221; margin_top=&#8221;0px&#8221; margin_bottom=&#8221;0px&#8221; class=&#8221;&#8221; id=&#8221;&#8221; animation_type=&#8221;&#8221; animation_speed=&#8221;0.3&#8243; animation_direction=&#8221;left&#8221; hide_on_mobile=&#8221;small-visibility,medium-visibility,large-visibility&#8221; center_content=&#8221;no&#8221; last=&#8221;no&#8221; min_height=&#8221;&#8221; hover_type=&#8221;none&#8221; link=&#8221;&#8221;][fusion_text] REDACCI\u00d3N Con la direcci\u00f3n hu\u00e9sped de Grace Echauri, se ofrecer\u00e1 un concierto el pr\u00f3ximo 12 de marzo, en el Teatro de la Ciudad Esperanza Iris Como parte del ciclo Nosotras Somos Memoria La Orquesta Filarm\u00f3nica de la Ciudad de M\u00e9xico [&hellip;]<\/p>\n","protected":false},"author":1,"featured_media":43184,"comment_status":"open","ping_status":"open","sticky":false,"template":"","format":"standard","meta":{"footnotes":""},"categories":[9,11],"tags":[],"_links":{"self":[{"href":"https:\/\/www.bitacoracdmx.com\/index.php?rest_route=\/wp\/v2\/posts\/43183"}],"collection":[{"href":"https:\/\/www.bitacoracdmx.com\/index.php?rest_route=\/wp\/v2\/posts"}],"about":[{"href":"https:\/\/www.bitacoracdmx.com\/index.php?rest_route=\/wp\/v2\/types\/post"}],"author":[{"embeddable":true,"href":"https:\/\/www.bitacoracdmx.com\/index.php?rest_route=\/wp\/v2\/users\/1"}],"replies":[{"embeddable":true,"href":"https:\/\/www.bitacoracdmx.com\/index.php?rest_route=%2Fwp%2Fv2%2Fcomments&post=43183"}],"version-history":[{"count":1,"href":"https:\/\/www.bitacoracdmx.com\/index.php?rest_route=\/wp\/v2\/posts\/43183\/revisions"}],"predecessor-version":[{"id":43185,"href":"https:\/\/www.bitacoracdmx.com\/index.php?rest_route=\/wp\/v2\/posts\/43183\/revisions\/43185"}],"wp:featuredmedia":[{"embeddable":true,"href":"https:\/\/www.bitacoracdmx.com\/index.php?rest_route=\/wp\/v2\/media\/43184"}],"wp:attachment":[{"href":"https:\/\/www.bitacoracdmx.com\/index.php?rest_route=%2Fwp%2Fv2%2Fmedia&parent=43183"}],"wp:term":[{"taxonomy":"category","embeddable":true,"href":"https:\/\/www.bitacoracdmx.com\/index.php?rest_route=%2Fwp%2Fv2%2Fcategories&post=43183"},{"taxonomy":"post_tag","embeddable":true,"href":"https:\/\/www.bitacoracdmx.com\/index.php?rest_route=%2Fwp%2Fv2%2Ftags&post=43183"}],"curies":[{"name":"wp","href":"https:\/\/api.w.org\/{rel}","templated":true}]}}