{"id":43498,"date":"2022-03-23T01:48:39","date_gmt":"2022-03-23T01:48:39","guid":{"rendered":"https:\/\/www.bitacoracdmx.com\/?p=43498"},"modified":"2022-03-23T01:48:39","modified_gmt":"2022-03-23T01:48:39","slug":"el-color-de-la-lucha-la-primera-novela-sobre-la-lucha-que-se-libra-en-el-ring-y-en-la-vida","status":"publish","type":"post","link":"https:\/\/www.bitacoracdmx.com\/?p=43498","title":{"rendered":"El Color de la Lucha, la primera novela sobre la lucha que se libra en el ring y en la vida."},"content":{"rendered":"<p>[fusion_builder_container hundred_percent=&#8221;no&#8221; equal_height_columns=&#8221;no&#8221; menu_anchor=&#8221;&#8221; hide_on_mobile=&#8221;small-visibility,medium-visibility,large-visibility&#8221; class=&#8221;&#8221; id=&#8221;&#8221; background_color=&#8221;&#8221; background_image=&#8221;&#8221; background_position=&#8221;center center&#8221; background_repeat=&#8221;no-repeat&#8221; fade=&#8221;no&#8221; background_parallax=&#8221;none&#8221; parallax_speed=&#8221;0.3&#8243; video_mp4=&#8221;&#8221; video_webm=&#8221;&#8221; video_ogv=&#8221;&#8221; video_url=&#8221;&#8221; video_aspect_ratio=&#8221;16:9&#8243; video_loop=&#8221;yes&#8221; video_mute=&#8221;yes&#8221; overlay_color=&#8221;&#8221; video_preview_image=&#8221;&#8221; border_size=&#8221;&#8221; border_color=&#8221;&#8221; border_style=&#8221;solid&#8221; padding_top=&#8221;&#8221; padding_bottom=&#8221;&#8221; padding_left=&#8221;&#8221; padding_right=&#8221;&#8221;][fusion_builder_row][fusion_builder_column type=&#8221;1_1&#8243; layout=&#8221;1_1&#8243; background_position=&#8221;left top&#8221; background_color=&#8221;&#8221; border_size=&#8221;&#8221; border_color=&#8221;&#8221; border_style=&#8221;solid&#8221; border_position=&#8221;all&#8221; spacing=&#8221;yes&#8221; background_image=&#8221;&#8221; background_repeat=&#8221;no-repeat&#8221; padding_top=&#8221;&#8221; padding_right=&#8221;&#8221; padding_bottom=&#8221;&#8221; padding_left=&#8221;&#8221; margin_top=&#8221;0px&#8221; margin_bottom=&#8221;0px&#8221; class=&#8221;&#8221; id=&#8221;&#8221; animation_type=&#8221;&#8221; animation_speed=&#8221;0.3&#8243; animation_direction=&#8221;left&#8221; hide_on_mobile=&#8221;small-visibility,medium-visibility,large-visibility&#8221; center_content=&#8221;no&#8221; last=&#8221;no&#8221; min_height=&#8221;&#8221; hover_type=&#8221;none&#8221; link=&#8221;&#8221;][fusion_text]<\/p>\n<p>REDACCI\u00d3N<\/p>\n<p><strong>Donde hay un ring hay pasi\u00f3n y locura, hay leyendas, y de entre la sangre y el sudor nacen los sue\u00f1os engendrados por deportistas incomprendidos e incluso infravalorados<\/strong>, uno de ellos es el enigm\u00e1tico personaje que vive esta historia. De origen humilde, el luchador protagonista de la historia sabe de las batallas diarias en la urbe, sin estar listo para los embates del amor, una lucha que lo deja sin m\u00e1scara, sin defensa alguna ante sus avasallantes llaves.<\/p>\n<p>Con el alma desnuda y el rostro cubierto por una eterna sonrisa, nuestro h\u00e9roe camina por un mundo cruel e hip\u00f3crita que le reclama no mostrar su verdadero rostro.<\/p>\n<p>El cuadril\u00e1tero se alza triunfante ante la concurrencia, mientras en su espacio se dibujan los rostros y carnes de los gladiadores que se baten en un duelo atemporal, m\u00e1s confinado por sus cuerdas y el clamor de la gente.<\/p>\n<p><strong>Este 2022, el escritor de origen espa\u00f1ol \u00d3scar Fern\u00e1ndez presenta la primera novela en M\u00e9xico sobre lucha libre y su d\u00e9cimo segunda publicaci\u00f3n como autor.\u00a0<\/strong>Promete una visi\u00f3n aut\u00e9ntica de la cultura mexicana, sus personajes, sus contradicciones y su invencible esp\u00edritu de\u00a0<strong>\u201clucha\u201d<\/strong>\u00a0que se sobrepone ante cada derrota y que busca el triunfo en cada duelo.<\/p>\n<p>Una obra para todo p\u00fablico interesado o no en uno de los deportes m\u00e1s mexicanos envuelto en una algarab\u00eda \u00fanica, llena de color.<\/p>\n<p><strong>El libro se encuentra a la venta en plataformas digitales y en las redes sociales del autor @oscarescritor en Instagram y Oscar Escritor en Facebook.<\/strong><\/p>\n<p>\u00d3scar Fern\u00e1ndez cuenta con una obra literaria caracterizada por el realismo y el reclamo social, escribe sobre las preocupantes condiciones actuales; dando voz a los marginados.<\/p>\n<p>Su primer libro lo public\u00f3 en 2004 titulado\u00a0<strong>\u00abEl Inframundo\u00bb<\/strong>\u00a0inspirado en un infierno que casi le cuesta la vida en Hait\u00ed; desde ese a\u00f1o el autor no ha parado de plasmar la realidad que percibe y que aqueja al mundo.<\/p>\n<p>De origen espa\u00f1ol y radicado en M\u00e9xico dedica su nueva obra a uno de los deportes m\u00e1s emblem\u00e1ticos del Pa\u00eds, al que reconoce con un colorido \u00fanico.<\/p>\n<p><strong>M\u00e1s informaci\u00f3n en www.oscarescritor.com<\/strong><\/p>\n<p>[\/fusion_text][fusion_imageframe image_id=&#8221;43499|medium&#8221; max_width=&#8221;&#8221; style_type=&#8221;&#8221; blur=&#8221;&#8221; stylecolor=&#8221;&#8221; hover_type=&#8221;none&#8221; bordersize=&#8221;&#8221; bordercolor=&#8221;&#8221; borderradius=&#8221;&#8221; align=&#8221;none&#8221; lightbox=&#8221;no&#8221; gallery_id=&#8221;&#8221; lightbox_image=&#8221;&#8221; lightbox_image_id=&#8221;&#8221; alt=&#8221;&#8221; link=&#8221;&#8221; linktarget=&#8221;_self&#8221; hide_on_mobile=&#8221;small-visibility,medium-visibility,large-visibility&#8221; class=&#8221;&#8221; id=&#8221;&#8221; animation_type=&#8221;&#8221; animation_direction=&#8221;left&#8221; animation_speed=&#8221;0.3&#8243; animation_offset=&#8221;&#8221;]https:\/\/www.bitacoracdmx.com\/wp-content\/uploads\/2022\/03\/277228386_2105388439620522_6667067456597140933_n-198&#215;300.jpg[\/fusion_imageframe][\/fusion_builder_column][\/fusion_builder_row][\/fusion_builder_container]<\/p>\n","protected":false},"excerpt":{"rendered":"<p>[fusion_builder_container hundred_percent=&#8221;no&#8221; equal_height_columns=&#8221;no&#8221; menu_anchor=&#8221;&#8221; hide_on_mobile=&#8221;small-visibility,medium-visibility,large-visibility&#8221; class=&#8221;&#8221; id=&#8221;&#8221; background_color=&#8221;&#8221; background_image=&#8221;&#8221; background_position=&#8221;center center&#8221; background_repeat=&#8221;no-repeat&#8221; fade=&#8221;no&#8221; background_parallax=&#8221;none&#8221; parallax_speed=&#8221;0.3&#8243; video_mp4=&#8221;&#8221; video_webm=&#8221;&#8221; video_ogv=&#8221;&#8221; video_url=&#8221;&#8221; video_aspect_ratio=&#8221;16:9&#8243; video_loop=&#8221;yes&#8221; video_mute=&#8221;yes&#8221; overlay_color=&#8221;&#8221; video_preview_image=&#8221;&#8221; border_size=&#8221;&#8221; border_color=&#8221;&#8221; border_style=&#8221;solid&#8221; padding_top=&#8221;&#8221; padding_bottom=&#8221;&#8221; padding_left=&#8221;&#8221; padding_right=&#8221;&#8221;][fusion_builder_row][fusion_builder_column type=&#8221;1_1&#8243; layout=&#8221;1_1&#8243; background_position=&#8221;left top&#8221; background_color=&#8221;&#8221; border_size=&#8221;&#8221; border_color=&#8221;&#8221; border_style=&#8221;solid&#8221; border_position=&#8221;all&#8221; spacing=&#8221;yes&#8221; background_image=&#8221;&#8221; background_repeat=&#8221;no-repeat&#8221; padding_top=&#8221;&#8221; padding_right=&#8221;&#8221; padding_bottom=&#8221;&#8221; padding_left=&#8221;&#8221; margin_top=&#8221;0px&#8221; margin_bottom=&#8221;0px&#8221; class=&#8221;&#8221; id=&#8221;&#8221; animation_type=&#8221;&#8221; animation_speed=&#8221;0.3&#8243; animation_direction=&#8221;left&#8221; hide_on_mobile=&#8221;small-visibility,medium-visibility,large-visibility&#8221; center_content=&#8221;no&#8221; last=&#8221;no&#8221; min_height=&#8221;&#8221; hover_type=&#8221;none&#8221; link=&#8221;&#8221;][fusion_text] REDACCI\u00d3N Donde hay un ring hay pasi\u00f3n y locura, hay leyendas, y de entre la sangre y el sudor nacen los sue\u00f1os engendrados por deportistas incomprendidos e incluso infravalorados, uno de ellos es el enigm\u00e1tico personaje que vive esta historia. [&hellip;]<\/p>\n","protected":false},"author":1,"featured_media":43499,"comment_status":"open","ping_status":"open","sticky":false,"template":"","format":"standard","meta":{"footnotes":""},"categories":[9,10],"tags":[],"_links":{"self":[{"href":"https:\/\/www.bitacoracdmx.com\/index.php?rest_route=\/wp\/v2\/posts\/43498"}],"collection":[{"href":"https:\/\/www.bitacoracdmx.com\/index.php?rest_route=\/wp\/v2\/posts"}],"about":[{"href":"https:\/\/www.bitacoracdmx.com\/index.php?rest_route=\/wp\/v2\/types\/post"}],"author":[{"embeddable":true,"href":"https:\/\/www.bitacoracdmx.com\/index.php?rest_route=\/wp\/v2\/users\/1"}],"replies":[{"embeddable":true,"href":"https:\/\/www.bitacoracdmx.com\/index.php?rest_route=%2Fwp%2Fv2%2Fcomments&post=43498"}],"version-history":[{"count":1,"href":"https:\/\/www.bitacoracdmx.com\/index.php?rest_route=\/wp\/v2\/posts\/43498\/revisions"}],"predecessor-version":[{"id":43500,"href":"https:\/\/www.bitacoracdmx.com\/index.php?rest_route=\/wp\/v2\/posts\/43498\/revisions\/43500"}],"wp:featuredmedia":[{"embeddable":true,"href":"https:\/\/www.bitacoracdmx.com\/index.php?rest_route=\/wp\/v2\/media\/43499"}],"wp:attachment":[{"href":"https:\/\/www.bitacoracdmx.com\/index.php?rest_route=%2Fwp%2Fv2%2Fmedia&parent=43498"}],"wp:term":[{"taxonomy":"category","embeddable":true,"href":"https:\/\/www.bitacoracdmx.com\/index.php?rest_route=%2Fwp%2Fv2%2Fcategories&post=43498"},{"taxonomy":"post_tag","embeddable":true,"href":"https:\/\/www.bitacoracdmx.com\/index.php?rest_route=%2Fwp%2Fv2%2Ftags&post=43498"}],"curies":[{"name":"wp","href":"https:\/\/api.w.org\/{rel}","templated":true}]}}