{"id":43502,"date":"2022-03-23T02:02:47","date_gmt":"2022-03-23T02:02:47","guid":{"rendered":"https:\/\/www.bitacoracdmx.com\/?p=43502"},"modified":"2022-03-23T02:02:47","modified_gmt":"2022-03-23T02:02:47","slug":"la-secretaria-de-cultura-federal-y-el-helenico-abren-convocatorias-y-programas-de-formacion-continua-para-diversos-estados-del-pais","status":"publish","type":"post","link":"https:\/\/www.bitacoracdmx.com\/?p=43502","title":{"rendered":"La Secretar\u00eda de Cultura federal y el Hel\u00e9nico abren convocatorias y programas de formaci\u00f3n continua para diversos estados del pa\u00eds"},"content":{"rendered":"<p>[fusion_builder_container hundred_percent=&#8221;no&#8221; equal_height_columns=&#8221;no&#8221; menu_anchor=&#8221;&#8221; hide_on_mobile=&#8221;small-visibility,medium-visibility,large-visibility&#8221; class=&#8221;&#8221; id=&#8221;&#8221; background_color=&#8221;&#8221; background_image=&#8221;&#8221; background_position=&#8221;center center&#8221; background_repeat=&#8221;no-repeat&#8221; fade=&#8221;no&#8221; background_parallax=&#8221;none&#8221; parallax_speed=&#8221;0.3&#8243; video_mp4=&#8221;&#8221; video_webm=&#8221;&#8221; video_ogv=&#8221;&#8221; video_url=&#8221;&#8221; video_aspect_ratio=&#8221;16:9&#8243; video_loop=&#8221;yes&#8221; video_mute=&#8221;yes&#8221; overlay_color=&#8221;&#8221; video_preview_image=&#8221;&#8221; border_size=&#8221;&#8221; border_color=&#8221;&#8221; border_style=&#8221;solid&#8221; padding_top=&#8221;&#8221; padding_bottom=&#8221;&#8221; padding_left=&#8221;&#8221; padding_right=&#8221;&#8221;][fusion_builder_row][fusion_builder_column type=&#8221;1_1&#8243; layout=&#8221;1_1&#8243; background_position=&#8221;left top&#8221; background_color=&#8221;&#8221; border_size=&#8221;&#8221; border_color=&#8221;&#8221; border_style=&#8221;solid&#8221; border_position=&#8221;all&#8221; spacing=&#8221;yes&#8221; background_image=&#8221;&#8221; background_repeat=&#8221;no-repeat&#8221; padding_top=&#8221;&#8221; padding_right=&#8221;&#8221; padding_bottom=&#8221;&#8221; padding_left=&#8221;&#8221; margin_top=&#8221;0px&#8221; margin_bottom=&#8221;0px&#8221; class=&#8221;&#8221; id=&#8221;&#8221; animation_type=&#8221;&#8221; animation_speed=&#8221;0.3&#8243; animation_direction=&#8221;left&#8221; hide_on_mobile=&#8221;small-visibility,medium-visibility,large-visibility&#8221; center_content=&#8221;no&#8221; last=&#8221;no&#8221; min_height=&#8221;&#8221; hover_type=&#8221;none&#8221; link=&#8221;&#8221;][fusion_text]<\/p>\n<p>REDACCI\u00d3N<\/p>\n<p>\u2022 La promoci\u00f3n art\u00edstica y la diversificaci\u00f3n de la oferta teatral nacional son los objetivos primordiales por consolidar<br aria-hidden=\"true\" \/>\u2022 Se convoca a estudiantes con formaci\u00f3n teatral b\u00e1sica, artistas y p\u00fablico en general<\/p>\n<p>La Secretar\u00eda de Cultura federal, a trav\u00e9s del Centro Cultural Hel\u00e9nico, anuncia la apertura de las convocatorias para participar en los Premios Nacionales de Dramaturgia, la Programaci\u00f3n art\u00edstica de los festivales Kuit\u00f3lil y \u00a1Hecho en Quer\u00e9taro!, la Premiaci\u00f3n a Proyectos de Producci\u00f3n Esc\u00e9nica en Coahuila y Veracruz, as\u00ed como el programa de Formaci\u00f3n Continua en Artes Esc\u00e9nicas, Morelos 2022.<\/p>\n<p>Se trata de una serie de programas gestados en colaboraci\u00f3n con las autoridades culturales de Quer\u00e9taro, Jalisco, San Luis Potos\u00ed, Coahuila y Veracruz para apoyar a los nuevos talentos y a favor de la descentralizaci\u00f3n de la oferta art\u00edstica del pa\u00eds.<br aria-hidden=\"true\" \/><br aria-hidden=\"true\" \/>A continuaci\u00f3n, se desarrollan las tem\u00e1ticas principales de cada una de las convocatorias mencionadas:<br aria-hidden=\"true\" \/><br aria-hidden=\"true\" \/><strong>Premios Nacionales de Dramaturgia. <\/strong>Conformados por Premio Nacional de Dramaturgia escrita por Mujeres Incendia y el Premio Nacional de Dramaturgia Joven Gerardo Mancebo del Castillo Trejo \u2014creados en colaboraci\u00f3n con el Programa Cultural Tierra Adentro y la Secretar\u00eda de Cultura de Jalisco\u2014, son dos alternativas que impulsan el talento de las dramaturgas y los dramaturgos mexicanos o nacionalizados en el pa\u00eds. Las personas ganadoras ser\u00e1n acreedoras a la producci\u00f3n de su obra y a un premio econ\u00f3mico. Para participar de los concursos es necesario que todas las propuestas sean in\u00e9ditas.<br aria-hidden=\"true\" \/><br aria-hidden=\"true\" \/><strong>Programaci\u00f3n art\u00edstica de los festivales Festival Kuit\u00f3lil, 4.\u00aa emisi\u00f3n y \u00a1Hecho en Quer\u00e9taro!\u00a0 <\/strong>Estas convocatorias se dise\u00f1aron en conjunto con las Secretar\u00edas de Cultura de San Luis Potos\u00ed y de Quer\u00e9taro. Tienen por objetivos: premiar y promover la vinculaci\u00f3n, diversificaci\u00f3n y visibilidad de la oferta teatral para ni\u00f1as, ni\u00f1os y j\u00f3venes audiencias en San Luis Potos\u00ed, as\u00ed como generar una plataforma de encuentro y exhibici\u00f3n para las y los artistas esc\u00e9nicos profesionales del estado de Quer\u00e9taro, dedicados a la realizaci\u00f3n de puestas en escena aptas para toda la familia.<br aria-hidden=\"true\" \/><br aria-hidden=\"true\" \/><strong>Premiaci\u00f3n a Proyectos de Producci\u00f3n Esc\u00e9nica en Coahuila y Veracruz. <\/strong>Concebido para estimular la creaci\u00f3n esc\u00e9nica profesional entre la comunidad art\u00edstica, esta emisi\u00f3n es guiada con el apoyo de la Secretar\u00eda de Cultura de Coahuila y el Instituto Veracruzano de la Cultura. Las metas de este programa son: enriquecer, diversificar y visibilizar la oferta teatral de toda la Rep\u00fablica mexicana. Podr\u00e1n participar compa\u00f1\u00edas constituidas, grupos de trabajo o colectivos de artes esc\u00e9nicas con un ejercicio profesional comprobable de cinco a\u00f1os.<br aria-hidden=\"true\" \/><br aria-hidden=\"true\" \/><strong>Formaci\u00f3n Continua en Artes Esc\u00e9nicas, Morelos 2022. <\/strong>Dirigida principalmente a la comunidad morelense, se conforma por talleres dise\u00f1ados con el fin de profesionalizar a artistas, estudiantes y p\u00fablico en general interesado en las artes esc\u00e9nicas. Este despliegue de actividades acad\u00e9micas comenz\u00f3 el 15 de marzo del a\u00f1o en curso y culminar\u00e1 el 22 de septiembre. Adem\u00e1s, la oferta es gratuita con previo registro, a realizarse v\u00eda Zoom y presencialmente. Las sedes presenciales ser\u00e1n en el Museo Morelense de Arte Contempor\u00e1neo Juan Soriano y el Teatro Ocampo en Cuernavaca, Morelos.<br aria-hidden=\"true\" \/><br aria-hidden=\"true\" \/>Las bases completas, los requisitos, las fechas de inicio y los registros podr\u00e1n consultarse en las p\u00e1ginas <em>web<\/em>: contigoenladistancia.cultura.gob.mx, sc.jalisco.gob.mx, coahuilacultura.gob.mx, ivec.gob.mx, turismoycultura.morelos.gob.mx y helenico.gob.mx.<\/p>\n<p>[\/fusion_text][fusion_imageframe image_id=&#8221;43507|medium&#8221; max_width=&#8221;&#8221; style_type=&#8221;&#8221; blur=&#8221;&#8221; stylecolor=&#8221;&#8221; hover_type=&#8221;none&#8221; bordersize=&#8221;&#8221; bordercolor=&#8221;&#8221; borderradius=&#8221;&#8221; align=&#8221;none&#8221; lightbox=&#8221;no&#8221; gallery_id=&#8221;&#8221; lightbox_image=&#8221;&#8221; lightbox_image_id=&#8221;&#8221; alt=&#8221;&#8221; link=&#8221;&#8221; linktarget=&#8221;_self&#8221; hide_on_mobile=&#8221;small-visibility,medium-visibility,large-visibility&#8221; class=&#8221;&#8221; id=&#8221;&#8221; animation_type=&#8221;&#8221; animation_direction=&#8221;left&#8221; animation_speed=&#8221;0.3&#8243; animation_offset=&#8221;&#8221;]https:\/\/www.bitacoracdmx.com\/wp-content\/uploads\/2022\/03\/d52616da-a9c2-f71f-84d3-05c77302298a-300&#215;300.jpeg[\/fusion_imageframe][fusion_gallery layout=&#8221;&#8221; picture_size=&#8221;&#8221; columns=&#8221;&#8221; column_spacing=&#8221;10&#8243; gallery_masonry_grid_ratio=&#8221;&#8221; gallery_masonry_width_double=&#8221;&#8221; hover_type=&#8221;&#8221; lightbox=&#8221;yes&#8221; lightbox_content=&#8221;&#8221; bordersize=&#8221;&#8221; bordercolor=&#8221;&#8221; border_radius=&#8221;&#8221; hide_on_mobile=&#8221;small-visibility,medium-visibility,large-visibility&#8221; class=&#8221;&#8221; id=&#8221;&#8221;][fusion_gallery_image image=&#8221;https:\/\/www.bitacoracdmx.com\/wp-content\/uploads\/2022\/03\/d52616da-a9c2-f71f-84d3-05c77302298a-300&#215;300.jpeg&#8221; image_id=&#8221;43507|medium&#8221; link=&#8221;&#8221; linktarget=&#8221;_self&#8221; \/][fusion_gallery_image image=&#8221;https:\/\/www.bitacoracdmx.com\/wp-content\/uploads\/2022\/03\/f15e0d8d-6d6c-9275-f749-b1aa1c8ccf9b-300&#215;300.jpg&#8221; image_id=&#8221;43506|medium&#8221; link=&#8221;&#8221; linktarget=&#8221;_self&#8221; \/][fusion_gallery_image image=&#8221;https:\/\/www.bitacoracdmx.com\/wp-content\/uploads\/2022\/03\/e5416bc3-109e-9dfd-0447-84a1f9072ee2-300&#215;300.jpg&#8221; image_id=&#8221;43505|medium&#8221; link=&#8221;&#8221; linktarget=&#8221;_self&#8221; \/][fusion_gallery_image image=&#8221;https:\/\/www.bitacoracdmx.com\/wp-content\/uploads\/2022\/03\/91fd42c9-7c88-1922-4b96-4201daf46655-300&#215;300.jpg&#8221; image_id=&#8221;43504|medium&#8221; link=&#8221;&#8221; linktarget=&#8221;_self&#8221; \/][fusion_gallery_image image=&#8221;https:\/\/www.bitacoracdmx.com\/wp-content\/uploads\/2022\/03\/ad7db60a-eb90-982d-c026-511ff1d3ca24-300&#215;300.jpg&#8221; image_id=&#8221;43503|medium&#8221; link=&#8221;&#8221; linktarget=&#8221;_self&#8221; \/][\/fusion_gallery][\/fusion_builder_column][\/fusion_builder_row][\/fusion_builder_container]<\/p>\n","protected":false},"excerpt":{"rendered":"<p>[fusion_builder_container hundred_percent=&#8221;no&#8221; equal_height_columns=&#8221;no&#8221; menu_anchor=&#8221;&#8221; hide_on_mobile=&#8221;small-visibility,medium-visibility,large-visibility&#8221; class=&#8221;&#8221; id=&#8221;&#8221; background_color=&#8221;&#8221; background_image=&#8221;&#8221; background_position=&#8221;center center&#8221; background_repeat=&#8221;no-repeat&#8221; fade=&#8221;no&#8221; background_parallax=&#8221;none&#8221; parallax_speed=&#8221;0.3&#8243; video_mp4=&#8221;&#8221; video_webm=&#8221;&#8221; video_ogv=&#8221;&#8221; video_url=&#8221;&#8221; video_aspect_ratio=&#8221;16:9&#8243; video_loop=&#8221;yes&#8221; video_mute=&#8221;yes&#8221; overlay_color=&#8221;&#8221; video_preview_image=&#8221;&#8221; border_size=&#8221;&#8221; border_color=&#8221;&#8221; border_style=&#8221;solid&#8221; padding_top=&#8221;&#8221; padding_bottom=&#8221;&#8221; padding_left=&#8221;&#8221; padding_right=&#8221;&#8221;][fusion_builder_row][fusion_builder_column type=&#8221;1_1&#8243; layout=&#8221;1_1&#8243; background_position=&#8221;left top&#8221; background_color=&#8221;&#8221; border_size=&#8221;&#8221; border_color=&#8221;&#8221; border_style=&#8221;solid&#8221; border_position=&#8221;all&#8221; spacing=&#8221;yes&#8221; background_image=&#8221;&#8221; background_repeat=&#8221;no-repeat&#8221; padding_top=&#8221;&#8221; padding_right=&#8221;&#8221; padding_bottom=&#8221;&#8221; padding_left=&#8221;&#8221; margin_top=&#8221;0px&#8221; margin_bottom=&#8221;0px&#8221; class=&#8221;&#8221; id=&#8221;&#8221; animation_type=&#8221;&#8221; animation_speed=&#8221;0.3&#8243; animation_direction=&#8221;left&#8221; hide_on_mobile=&#8221;small-visibility,medium-visibility,large-visibility&#8221; center_content=&#8221;no&#8221; last=&#8221;no&#8221; min_height=&#8221;&#8221; hover_type=&#8221;none&#8221; link=&#8221;&#8221;][fusion_text] REDACCI\u00d3N \u2022 La promoci\u00f3n art\u00edstica y la diversificaci\u00f3n de la oferta teatral nacional son los objetivos primordiales por consolidar\u2022 Se convoca a estudiantes con formaci\u00f3n teatral b\u00e1sica, artistas y p\u00fablico en general La Secretar\u00eda de Cultura federal, a trav\u00e9s del [&hellip;]<\/p>\n","protected":false},"author":1,"featured_media":43507,"comment_status":"open","ping_status":"open","sticky":false,"template":"","format":"standard","meta":{"footnotes":""},"categories":[9,14],"tags":[],"_links":{"self":[{"href":"https:\/\/www.bitacoracdmx.com\/index.php?rest_route=\/wp\/v2\/posts\/43502"}],"collection":[{"href":"https:\/\/www.bitacoracdmx.com\/index.php?rest_route=\/wp\/v2\/posts"}],"about":[{"href":"https:\/\/www.bitacoracdmx.com\/index.php?rest_route=\/wp\/v2\/types\/post"}],"author":[{"embeddable":true,"href":"https:\/\/www.bitacoracdmx.com\/index.php?rest_route=\/wp\/v2\/users\/1"}],"replies":[{"embeddable":true,"href":"https:\/\/www.bitacoracdmx.com\/index.php?rest_route=%2Fwp%2Fv2%2Fcomments&post=43502"}],"version-history":[{"count":1,"href":"https:\/\/www.bitacoracdmx.com\/index.php?rest_route=\/wp\/v2\/posts\/43502\/revisions"}],"predecessor-version":[{"id":43508,"href":"https:\/\/www.bitacoracdmx.com\/index.php?rest_route=\/wp\/v2\/posts\/43502\/revisions\/43508"}],"wp:featuredmedia":[{"embeddable":true,"href":"https:\/\/www.bitacoracdmx.com\/index.php?rest_route=\/wp\/v2\/media\/43507"}],"wp:attachment":[{"href":"https:\/\/www.bitacoracdmx.com\/index.php?rest_route=%2Fwp%2Fv2%2Fmedia&parent=43502"}],"wp:term":[{"taxonomy":"category","embeddable":true,"href":"https:\/\/www.bitacoracdmx.com\/index.php?rest_route=%2Fwp%2Fv2%2Fcategories&post=43502"},{"taxonomy":"post_tag","embeddable":true,"href":"https:\/\/www.bitacoracdmx.com\/index.php?rest_route=%2Fwp%2Fv2%2Ftags&post=43502"}],"curies":[{"name":"wp","href":"https:\/\/api.w.org\/{rel}","templated":true}]}}