{"id":43512,"date":"2022-03-23T03:06:15","date_gmt":"2022-03-23T03:06:15","guid":{"rendered":"https:\/\/www.bitacoracdmx.com\/?p=43512"},"modified":"2022-03-23T03:06:15","modified_gmt":"2022-03-23T03:06:15","slug":"el-festival-caminante-llega-con-una-majestuosa-propuesta-inclusiva-en-acolman-estado-de-mexico","status":"publish","type":"post","link":"https:\/\/www.bitacoracdmx.com\/?p=43512","title":{"rendered":"El Festival CAMINANTE llega con una majestuosa propuesta inclusiva en Acolman, Estado de M\u00e9xico."},"content":{"rendered":"<p>[fusion_builder_container hundred_percent=&#8221;no&#8221; equal_height_columns=&#8221;no&#8221; menu_anchor=&#8221;&#8221; hide_on_mobile=&#8221;small-visibility,medium-visibility,large-visibility&#8221; class=&#8221;&#8221; id=&#8221;&#8221; background_color=&#8221;&#8221; background_image=&#8221;&#8221; background_position=&#8221;center center&#8221; background_repeat=&#8221;no-repeat&#8221; fade=&#8221;no&#8221; background_parallax=&#8221;none&#8221; parallax_speed=&#8221;0.3&#8243; video_mp4=&#8221;&#8221; video_webm=&#8221;&#8221; video_ogv=&#8221;&#8221; video_url=&#8221;&#8221; video_aspect_ratio=&#8221;16:9&#8243; video_loop=&#8221;yes&#8221; video_mute=&#8221;yes&#8221; overlay_color=&#8221;&#8221; video_preview_image=&#8221;&#8221; border_size=&#8221;&#8221; border_color=&#8221;&#8221; border_style=&#8221;solid&#8221; padding_top=&#8221;&#8221; padding_bottom=&#8221;&#8221; padding_left=&#8221;&#8221; padding_right=&#8221;&#8221;][fusion_builder_row][fusion_builder_column type=&#8221;1_1&#8243; layout=&#8221;1_1&#8243; background_position=&#8221;left top&#8221; background_color=&#8221;&#8221; border_size=&#8221;&#8221; border_color=&#8221;&#8221; border_style=&#8221;solid&#8221; border_position=&#8221;all&#8221; spacing=&#8221;yes&#8221; background_image=&#8221;&#8221; background_repeat=&#8221;no-repeat&#8221; padding_top=&#8221;&#8221; padding_right=&#8221;&#8221; padding_bottom=&#8221;&#8221; padding_left=&#8221;&#8221; margin_top=&#8221;0px&#8221; margin_bottom=&#8221;0px&#8221; class=&#8221;&#8221; id=&#8221;&#8221; animation_type=&#8221;&#8221; animation_speed=&#8221;0.3&#8243; animation_direction=&#8221;left&#8221; hide_on_mobile=&#8221;small-visibility,medium-visibility,large-visibility&#8221; center_content=&#8221;no&#8221; last=&#8221;no&#8221; min_height=&#8221;&#8221; hover_type=&#8221;none&#8221; link=&#8221;&#8221;][fusion_text]<\/p>\n<p>REDACCI\u00d3N<\/p>\n<p><b><i>* El Festival Caminante se presentar\u00e1 este S\u00e1bado 09 de Abril a partir de las once de la ma\u00f1ana en los terrenos de la ExHacienda San Pedro en Acolman, Estado de M\u00e9xico. Boletos disponibles en\u00a0<a href=\"http:\/\/boletia.com\/\" target=\"_blank\" rel=\"noopener noreferrer\" data-auth=\"NotApplicable\" data-linkindex=\"0\">boletia.com<\/a>\u00a0con una promoci\u00f3n del 2&#215;1 en boletos adquiridos antes del 31 de Marzo de 2022<\/i><\/b><\/p>\n<p><b>Despu\u00e9s de una larga ausencia debido a la pandemia, el Festival Caminante regresa en su tercera edici\u00f3n para presentar un cartel hist\u00f3rico mucho m\u00e1s fuerte y renovado; en esta ocasi\u00f3n teniendo como sede uno de los lugares m\u00e1s m\u00e1gicos como lo es la Ex Hacienda Acolman. De este modo Harag\u00e1n y Compa\u00f1\u00eda, Pato Machete, Los Askis, Mi Banda el Mexicano, Mar\u00eda Daniela y su Sonido Lasser, La Banda Bast\u00f3n, Daniel me estas matando, Out de Control Army, Nana Pancha, Tex Tex, Royal Club, Grupo Marrano, Costa Azul de Rigo Tovar, Sr Bikini, Yucat\u00e1n a Gog\u00f3, Tropirock, La Verbena Popular, The Big Browns, Gallo Rojo, Max Chinasky, Mexican Nutty Stompers, Trany, Vadrok, Zimbabwe, Flora Casanova, Golden Calavera y Tuchtlan Ska Jazz, que ser\u00e1n los encargados de llevar la m\u00fasica a otro nivel.<\/b><\/p>\n<p><a name=\"x_m_7714789523777595638_m_8825881159863804972__Hlk98851535\"><\/a><b>El Festival Caminante se presentar\u00e1 este S\u00e1bado 09 de Abril a partir de las once de la ma\u00f1ana en los terrenos de la ExHacienda San Pedro en Acolman, Estado de M\u00e9xico. Los boletos ya se encuentran disponibles en boletia.com as\u00ed como en distintos puntos de Ecatepec, Otumba, Cuautitl\u00e1n, Teotihuacan y CDMX con una promoci\u00f3n del 2&#215;1 en boletos adquiridos antes del 31 de Marzo de 2022<\/b><b>. El festival contar\u00e1 con todas las medidas de sanidad necesarias al ingreso del p\u00fablico, ya que para la productora Caminante es de suma importancia la salud de todos. El festival contar\u00e1 con tres escenarios, con m\u00e1s de doce horas de m\u00fasica en vivo en uno de los lugares m\u00e1s ic\u00f3nicos de Acolman son motivo suficiente para asistir, \u00a1no puedes perd\u00e9rtelo!<\/b><\/p>\n<p><b>Continuando con la celebraci\u00f3n de treinta y dos a\u00f1os de historia del incombustible Harag\u00e1n y Compa\u00f1\u00eda, y tras su \u00e9xito en el Auditorio Nacional, se ha dado a conocer el lanzamiento del nuevo sencillo titulado \u201cAburrida la vida\u201d cuya nueva versi\u00f3n cuenta con la colaboraci\u00f3n de Andrea Echeverri, voz de Aterciopelados, y al igual que sucedi\u00f3 con el sencillo \u201cMu\u00f1equita Sint\u00e9tica\u201d en donde Harag\u00e1n y Compa\u00f1\u00eda comparti\u00f3 cr\u00e9ditos con Rub\u00e9n Albarr\u00e1n de Caf\u00e9 Tacuba, o \u201cEl no lo mat\u00f3\u201d junto a Alex y Chela Lora del Tri, Harag\u00e1n se encuentra sorprendiendo al p\u00fablico como desde el primer d\u00eda con la excelente calidad de su blues rock, construyendo adem\u00e1s una comunidad sumamente entra\u00f1able que incluye m\u00fasicos, amigos, periodistas y sobre todo millones de fans a lo largo y ancho de Am\u00e9rica Latina y Estados Unidos bajo el auspicio de un nombre que se ha hecho fundamental en el rock mexicano.<\/b><\/p>\n<p><b>Patricio Chapa Elizalde, a.k.a. &#8220;Pato Machete&#8221; nace el 6 de octubre de 1975 en Monterrey, Nuevo Le\u00f3n. El talento musical se hace evidente de peque\u00f1o, con una inclinaci\u00f3n natural. En la f\u00e9rtil y desbocada escena musical Regiomontana de los 90\u2019s, Junto con Ferm\u00edn IV y Toy Selectah lanzan el grupo de HipHop que marc\u00f3 la pauta y dio sonido a un movimiento que lleg\u00f3 a trascender la ciudad, para ser tocado en barrios alrededor de Latinoam\u00e9rica, y luego el mundo: Con Control Machete grab\u00f3 3 \u00e1lbumes: Mucho Barato (1997), Artiller\u00eda Pesada Presenta (1999) y Uno, Dos: Bandera (2003). Un sonido agresivo, org\u00e1nico, con letras relevantes y directas acompa\u00f1aban una embestida s\u00f3nica que r\u00e1pidamente se ciment\u00f3 como referente a la cultura urbana hispana.<\/b><\/p>\n<p><b>Con 22 a\u00f1os de trayectoria, Los Askis se posicionan como el grupo de cumbia andina m\u00e1s importante de Latinoam\u00e9rica. Originarios de la Ciudad de M\u00e9xico, Los Askis, que significa amigo en Otom\u00ed, mezclan m\u00fasica colombiana con los ritmos de nuestro pa\u00eds, lo que los hace ser \u00fanicos, dentro de la escena musical. Adem\u00e1s, se consideran promotores de la cultura mexicana con su colorida y original indumentaria, con la que hacen gala en cada lugar que se presentan. Out of Control Army por su parte se ha beneficiado de la globalizaci\u00f3n como tal vez ninguna otra banda mexicana lo haya hecho nunca. Su m\u00fasica y su apuesta por el ska ha sido tan grande en todo el orbe a tal punto que, hoy por hoy, nadie puede objetarles sus m\u00e9ritos, sus logros y todo lo que en apenas unos cuantos a\u00f1os han aportado y logrado en aras de una internacionalizaci\u00f3n que al fin los ha alcanzado.<\/b><\/p>\n<p><b>Harag\u00e1n y Compa\u00f1\u00eda, Pato Machete, Los Askis, Mi Banda el Mexicano, Mar\u00eda Daniela y su Sonido Lasser, La Banda Bast\u00f3n, Daniel me estas matando, Out de Control Army, Nana Pancha, Tex Tex, Royal Club, Grupo Marrano, Costa Azul de Rigo Tovar, Sr Bikini, Yucat\u00e1n a Gog\u00f3, Tropirock, La Verbena Popular, The Big Browns, Gallo Rojo, Max Chinasky, Mexican Nutty Stompers, Trany, Vadrok, Zimbabwe, Flora Casanova, Golden Calavera y Tuchtlan Ska Jazz, ser\u00e1n los encargados de llevar la m\u00fasica a otro nivel con el Festival Caminante, que se presentar\u00e1 este S\u00e1bado 09 de Abril a partir de las once de la ma\u00f1ana en los terrenos de la ExHacienda San Pedro en Acolman, Estado de M\u00e9xico. Los boletos ya se encuentran disponibles en\u00a0<a href=\"http:\/\/boletia.com\/\" target=\"_blank\" rel=\"noopener noreferrer\" data-auth=\"NotApplicable\" data-linkindex=\"1\">boletia.com<\/a>\u00a0as\u00ed como en distintos puntos de Ecatepec, Otumba, Cuautitl\u00e1n, Teotihuacan y CDMX con una promoci\u00f3n del 2&#215;1 en boletos adquiridos antes del 31 de Marzo de 2022.\u00a0<\/b><\/p>\n<p>[\/fusion_text][fusion_imageframe image_id=&#8221;43513|medium&#8221; max_width=&#8221;&#8221; style_type=&#8221;&#8221; blur=&#8221;&#8221; stylecolor=&#8221;&#8221; hover_type=&#8221;none&#8221; bordersize=&#8221;&#8221; bordercolor=&#8221;&#8221; borderradius=&#8221;&#8221; align=&#8221;none&#8221; lightbox=&#8221;no&#8221; gallery_id=&#8221;&#8221; lightbox_image=&#8221;&#8221; lightbox_image_id=&#8221;&#8221; alt=&#8221;&#8221; link=&#8221;&#8221; linktarget=&#8221;_self&#8221; hide_on_mobile=&#8221;small-visibility,medium-visibility,large-visibility&#8221; class=&#8221;&#8221; id=&#8221;&#8221; animation_type=&#8221;&#8221; animation_direction=&#8221;left&#8221; animation_speed=&#8221;0.3&#8243; animation_offset=&#8221;&#8221;]https:\/\/www.bitacoracdmx.com\/wp-content\/uploads\/2022\/03\/CAMINANTE-FESTIVAL-MARZO-2022-232&#215;300.jpg[\/fusion_imageframe][\/fusion_builder_column][\/fusion_builder_row][\/fusion_builder_container]<\/p>\n","protected":false},"excerpt":{"rendered":"<p>[fusion_builder_container hundred_percent=&#8221;no&#8221; equal_height_columns=&#8221;no&#8221; menu_anchor=&#8221;&#8221; hide_on_mobile=&#8221;small-visibility,medium-visibility,large-visibility&#8221; class=&#8221;&#8221; id=&#8221;&#8221; background_color=&#8221;&#8221; background_image=&#8221;&#8221; background_position=&#8221;center center&#8221; background_repeat=&#8221;no-repeat&#8221; fade=&#8221;no&#8221; background_parallax=&#8221;none&#8221; parallax_speed=&#8221;0.3&#8243; video_mp4=&#8221;&#8221; video_webm=&#8221;&#8221; video_ogv=&#8221;&#8221; video_url=&#8221;&#8221; video_aspect_ratio=&#8221;16:9&#8243; video_loop=&#8221;yes&#8221; video_mute=&#8221;yes&#8221; overlay_color=&#8221;&#8221; video_preview_image=&#8221;&#8221; border_size=&#8221;&#8221; border_color=&#8221;&#8221; border_style=&#8221;solid&#8221; padding_top=&#8221;&#8221; padding_bottom=&#8221;&#8221; padding_left=&#8221;&#8221; padding_right=&#8221;&#8221;][fusion_builder_row][fusion_builder_column type=&#8221;1_1&#8243; layout=&#8221;1_1&#8243; background_position=&#8221;left top&#8221; background_color=&#8221;&#8221; border_size=&#8221;&#8221; border_color=&#8221;&#8221; border_style=&#8221;solid&#8221; border_position=&#8221;all&#8221; spacing=&#8221;yes&#8221; background_image=&#8221;&#8221; background_repeat=&#8221;no-repeat&#8221; padding_top=&#8221;&#8221; padding_right=&#8221;&#8221; padding_bottom=&#8221;&#8221; padding_left=&#8221;&#8221; margin_top=&#8221;0px&#8221; margin_bottom=&#8221;0px&#8221; class=&#8221;&#8221; id=&#8221;&#8221; animation_type=&#8221;&#8221; animation_speed=&#8221;0.3&#8243; animation_direction=&#8221;left&#8221; hide_on_mobile=&#8221;small-visibility,medium-visibility,large-visibility&#8221; center_content=&#8221;no&#8221; last=&#8221;no&#8221; min_height=&#8221;&#8221; hover_type=&#8221;none&#8221; link=&#8221;&#8221;][fusion_text] REDACCI\u00d3N * El Festival Caminante se presentar\u00e1 este S\u00e1bado 09 de Abril a partir de las once de la ma\u00f1ana en los terrenos de la ExHacienda San Pedro en Acolman, Estado de M\u00e9xico. Boletos disponibles en\u00a0boletia.com\u00a0con una promoci\u00f3n del 2&#215;1 [&hellip;]<\/p>\n","protected":false},"author":1,"featured_media":43513,"comment_status":"open","ping_status":"open","sticky":false,"template":"","format":"standard","meta":{"footnotes":""},"categories":[9,11],"tags":[],"_links":{"self":[{"href":"https:\/\/www.bitacoracdmx.com\/index.php?rest_route=\/wp\/v2\/posts\/43512"}],"collection":[{"href":"https:\/\/www.bitacoracdmx.com\/index.php?rest_route=\/wp\/v2\/posts"}],"about":[{"href":"https:\/\/www.bitacoracdmx.com\/index.php?rest_route=\/wp\/v2\/types\/post"}],"author":[{"embeddable":true,"href":"https:\/\/www.bitacoracdmx.com\/index.php?rest_route=\/wp\/v2\/users\/1"}],"replies":[{"embeddable":true,"href":"https:\/\/www.bitacoracdmx.com\/index.php?rest_route=%2Fwp%2Fv2%2Fcomments&post=43512"}],"version-history":[{"count":2,"href":"https:\/\/www.bitacoracdmx.com\/index.php?rest_route=\/wp\/v2\/posts\/43512\/revisions"}],"predecessor-version":[{"id":43515,"href":"https:\/\/www.bitacoracdmx.com\/index.php?rest_route=\/wp\/v2\/posts\/43512\/revisions\/43515"}],"wp:featuredmedia":[{"embeddable":true,"href":"https:\/\/www.bitacoracdmx.com\/index.php?rest_route=\/wp\/v2\/media\/43513"}],"wp:attachment":[{"href":"https:\/\/www.bitacoracdmx.com\/index.php?rest_route=%2Fwp%2Fv2%2Fmedia&parent=43512"}],"wp:term":[{"taxonomy":"category","embeddable":true,"href":"https:\/\/www.bitacoracdmx.com\/index.php?rest_route=%2Fwp%2Fv2%2Fcategories&post=43512"},{"taxonomy":"post_tag","embeddable":true,"href":"https:\/\/www.bitacoracdmx.com\/index.php?rest_route=%2Fwp%2Fv2%2Ftags&post=43512"}],"curies":[{"name":"wp","href":"https:\/\/api.w.org\/{rel}","templated":true}]}}