{"id":43522,"date":"2022-03-23T03:34:19","date_gmt":"2022-03-23T03:34:19","guid":{"rendered":"https:\/\/www.bitacoracdmx.com\/?p=43522"},"modified":"2022-03-23T03:34:19","modified_gmt":"2022-03-23T03:34:19","slug":"algarete-y-rabanes-lanzan-sencillo-conjunto-titulado-medico-brujo-remix","status":"publish","type":"post","link":"https:\/\/www.bitacoracdmx.com\/?p=43522","title":{"rendered":"ALGARETE y RABANES lanzan sencillo conjunto titulado \u201cM\u00c9DICO BRUJO REMIX\u201d."},"content":{"rendered":"<p>[fusion_builder_container hundred_percent=&#8221;no&#8221; equal_height_columns=&#8221;no&#8221; menu_anchor=&#8221;&#8221; hide_on_mobile=&#8221;small-visibility,medium-visibility,large-visibility&#8221; class=&#8221;&#8221; id=&#8221;&#8221; background_color=&#8221;&#8221; background_image=&#8221;&#8221; background_position=&#8221;center center&#8221; background_repeat=&#8221;no-repeat&#8221; fade=&#8221;no&#8221; background_parallax=&#8221;none&#8221; parallax_speed=&#8221;0.3&#8243; video_mp4=&#8221;&#8221; video_webm=&#8221;&#8221; video_ogv=&#8221;&#8221; video_url=&#8221;&#8221; video_aspect_ratio=&#8221;16:9&#8243; video_loop=&#8221;yes&#8221; video_mute=&#8221;yes&#8221; overlay_color=&#8221;&#8221; video_preview_image=&#8221;&#8221; border_size=&#8221;&#8221; border_color=&#8221;&#8221; border_style=&#8221;solid&#8221; padding_top=&#8221;&#8221; padding_bottom=&#8221;&#8221; padding_left=&#8221;&#8221; padding_right=&#8221;&#8221;][fusion_builder_row][fusion_builder_column type=&#8221;1_1&#8243; layout=&#8221;1_1&#8243; background_position=&#8221;left top&#8221; background_color=&#8221;&#8221; border_size=&#8221;&#8221; border_color=&#8221;&#8221; border_style=&#8221;solid&#8221; border_position=&#8221;all&#8221; spacing=&#8221;yes&#8221; background_image=&#8221;&#8221; background_repeat=&#8221;no-repeat&#8221; padding_top=&#8221;&#8221; padding_right=&#8221;&#8221; padding_bottom=&#8221;&#8221; padding_left=&#8221;&#8221; margin_top=&#8221;0px&#8221; margin_bottom=&#8221;0px&#8221; class=&#8221;&#8221; id=&#8221;&#8221; animation_type=&#8221;&#8221; animation_speed=&#8221;0.3&#8243; animation_direction=&#8221;left&#8221; hide_on_mobile=&#8221;small-visibility,medium-visibility,large-visibility&#8221; center_content=&#8221;no&#8221; last=&#8221;no&#8221; min_height=&#8221;&#8221; hover_type=&#8221;none&#8221; link=&#8221;&#8221;][fusion_text]<\/p>\n<p>REDACCI\u00d3N<\/p>\n<p><b>La banda puertorrique\u00f1a Algarete formada en 1993 decidi\u00f3 regrabar su primer \u00e1lbum con diversas colaboraciones que han hecho que en su conjunto, dicho trabajo sea uno de los mejores y m\u00e1s ambiciosos de toda su carrera. Tras haber pasado m\u00e1s de 20 a\u00f1os desde que su primer \u00e1lbum \u201cAlgaretime\u201d saliera a la luz, los numerosos fans con los que cuenta siguen disfrutando de esta obra y es por ello que decidieron que ten\u00edan que trabajar en una nueva versi\u00f3n pero esta vez con diversas colaboraciones que han enriquecido el producto final de su \u201cAlgarete Remix\u201d.<\/b><\/p>\n<p><b>Es as\u00ed que para esta nueva versi\u00f3n de \u00e9se \u00e1lbum cuenten con 8 colaboraciones entre las que destaca su m\u00e1s reciente sencillo \u201cM\u00e9dico Brujo\u201d que est\u00e1n presentando en todo el continente con los paname\u00f1os Los Rabanes, en un tema muy divertido en el que destaca sin duda la qu\u00edmica que exist\u00eda en el set al grabar este tema, que termin\u00f3 siendo todo un \u00e9xito que marcar\u00eda su carrera. Adem\u00e1s, Algarete ya tiene un nuevo \u00e1lbum que est\u00e1 listo para ver la luz luego de la salida de \u201cAlgarete Remix\u201d.<\/b><\/p>\n<p><b>La Banda Algarete fue fundada en 1993 por su actual cantante Ismael Flores en Ponce, Puerto Rico, donde las primeras presentaciones se llevaron a cabo por todas las discotecas del \u00e1rea sur oeste de la isla donde ten\u00edan fieles fan\u00e1ticos que los segu\u00edan a todos lados. Sin embargo, no fue hasta el a\u00f1o 2000 que logran grabar su primera producci\u00f3n discogr\u00e1fica titulada \u201cAlgaretime\u201d, con el cual lograron sobrepasar las 200,000 copias vendidas. Esta producci\u00f3n obtuvo una acogida sorprendente en las emisoras de su pa\u00eds y logr\u00f3 ocupar con cuatro temas las primeras posiciones a nivel internacional, coloc\u00e1ndolos como la banda n\u00famero uno y m\u00e1s popular en Puerto Rico \u00e9se mismo a\u00f1o.<\/b><\/p>\n<p><b>En el 2002, sale su segunda producci\u00f3n titulada \u201cPor Fin\u201d, esta vez con la banda Algarete apoyada con la multinacional EMI LATIN, quienes se interesaron en la proyecci\u00f3n internacional del grupo. En el 2003 graban un tema en el disco de reggaet\u00f3n \u201cLos Anormales\u201d, producido por H\u00e9ctor \u201cEl Father\u201d titulado \u201cMalvada\u201d, con una fusi\u00f3n entre rock y reggaet\u00f3n. No es sino hasta el 2007, luego de cuatro a\u00f1os sin lanzar un material in\u00e9dito que sale su tercera producci\u00f3n \u201cP\u00e9gate Aqu\u00ed Y Chupa Un Rato\u201d, el cual cont\u00f3 con la colaboraci\u00f3n de diferentes productores tales como Tony Rijos (director musical de Ricardo Arjona), F\u00e9lix M\u00e1rquez , Emilio Estefan y H\u00e9ctor \u201cEl Father\u201d.<\/b><\/p>\n<p><b>En el 2008 deciden reunir los primeros integrantes del grupo para as\u00ed formar el proyecto ALGARETE \u201cTHE ORIGINAL\u201d: CINCO que saldria en junio de 2009. Dicho proyecto estuvo compuesto por Ismael \u201cIsmael Algarete\u201d, F\u00e9lix \u201cFelo\u201d Laboy y V\u00edctor \u201cEl Cuervo\u201d N\u00fa\u00f1ez. Con esto se estableci\u00f3 una f\u00f3rmula que logr\u00f3 romper sus propios est\u00e1ndares para esta producci\u00f3n discogr\u00e1fica alcanzando el mercado latinoamericano.<\/b><\/p>\n<p><b>El primer corte promocional \u201cLento\u201d de esta \u00faltima producci\u00f3n logr\u00f3 las primeras posiciones en las radio emisoras del pa\u00eds. Con este \u00faltimo hit musical Algarete se suma un nuevo precedente en su carrera art\u00edstica que ha tra\u00eddo la innovaci\u00f3n musical al g\u00e9nero y quienes se han encargado de poner el nombre de Puerto Rico en alto. Debido al \u00e9xito obtenido con \u201cLento\u201d, la agrupaci\u00f3n lanz\u00f3 su segundo corte promocional titulado \u201cDe la A a la Z\u201d, teniendo una fusi\u00f3n de rock, merengue t\u00edpico y reguet\u00f3n que los caracteriz\u00f3 en esta producci\u00f3n.<\/b><\/p>\n<p><b>En su trayectoria han podido conquistar el mercado de Venezuela, Colombia y Estados Unidos, pa\u00edses que ya han visitado. Actualmente se encuentran trabajando en su sexta producci\u00f3n titulada \u201cAlgarete Remix\u201d, relanzando todos los temas de \u201cAlgaretime\u201d junto a grandes artistas invitados, entre los que se encuentran J-King &amp; M\u00e1ximan, Los Rabanes, Gomba Ghabari, Auudi, Gustavo Laureano de la Secta All Star, Wiso G, Charlee Way entre otros artistas, a los que se han sumado grandes compositores y productores musicales tales como Orlando Briin, Gabriel Cruz \u201cWise\u201d, Dynell the Diamond Inc &amp; Ledif Franceschini.<\/b><\/p>\n<p>[\/fusion_text][fusion_imageframe image_id=&#8221;43523|medium&#8221; max_width=&#8221;&#8221; style_type=&#8221;&#8221; blur=&#8221;&#8221; stylecolor=&#8221;&#8221; hover_type=&#8221;none&#8221; bordersize=&#8221;&#8221; bordercolor=&#8221;&#8221; borderradius=&#8221;&#8221; align=&#8221;none&#8221; lightbox=&#8221;no&#8221; gallery_id=&#8221;&#8221; lightbox_image=&#8221;&#8221; lightbox_image_id=&#8221;&#8221; alt=&#8221;&#8221; link=&#8221;&#8221; linktarget=&#8221;_self&#8221; hide_on_mobile=&#8221;small-visibility,medium-visibility,large-visibility&#8221; class=&#8221;&#8221; id=&#8221;&#8221; animation_type=&#8221;&#8221; animation_direction=&#8221;left&#8221; animation_speed=&#8221;0.3&#8243; animation_offset=&#8221;&#8221;]https:\/\/www.bitacoracdmx.com\/wp-content\/uploads\/2022\/03\/ALGARETE-ABRIL-2022-FOTO4-240&#215;300.jpeg[\/fusion_imageframe][\/fusion_builder_column][\/fusion_builder_row][\/fusion_builder_container]<\/p>\n","protected":false},"excerpt":{"rendered":"<p>[fusion_builder_container hundred_percent=&#8221;no&#8221; equal_height_columns=&#8221;no&#8221; menu_anchor=&#8221;&#8221; hide_on_mobile=&#8221;small-visibility,medium-visibility,large-visibility&#8221; class=&#8221;&#8221; id=&#8221;&#8221; background_color=&#8221;&#8221; background_image=&#8221;&#8221; background_position=&#8221;center center&#8221; background_repeat=&#8221;no-repeat&#8221; fade=&#8221;no&#8221; background_parallax=&#8221;none&#8221; parallax_speed=&#8221;0.3&#8243; video_mp4=&#8221;&#8221; video_webm=&#8221;&#8221; video_ogv=&#8221;&#8221; video_url=&#8221;&#8221; video_aspect_ratio=&#8221;16:9&#8243; video_loop=&#8221;yes&#8221; video_mute=&#8221;yes&#8221; overlay_color=&#8221;&#8221; video_preview_image=&#8221;&#8221; border_size=&#8221;&#8221; border_color=&#8221;&#8221; border_style=&#8221;solid&#8221; padding_top=&#8221;&#8221; padding_bottom=&#8221;&#8221; padding_left=&#8221;&#8221; padding_right=&#8221;&#8221;][fusion_builder_row][fusion_builder_column type=&#8221;1_1&#8243; layout=&#8221;1_1&#8243; background_position=&#8221;left top&#8221; background_color=&#8221;&#8221; border_size=&#8221;&#8221; border_color=&#8221;&#8221; border_style=&#8221;solid&#8221; border_position=&#8221;all&#8221; spacing=&#8221;yes&#8221; background_image=&#8221;&#8221; background_repeat=&#8221;no-repeat&#8221; padding_top=&#8221;&#8221; padding_right=&#8221;&#8221; padding_bottom=&#8221;&#8221; padding_left=&#8221;&#8221; margin_top=&#8221;0px&#8221; margin_bottom=&#8221;0px&#8221; class=&#8221;&#8221; id=&#8221;&#8221; animation_type=&#8221;&#8221; animation_speed=&#8221;0.3&#8243; animation_direction=&#8221;left&#8221; hide_on_mobile=&#8221;small-visibility,medium-visibility,large-visibility&#8221; center_content=&#8221;no&#8221; last=&#8221;no&#8221; min_height=&#8221;&#8221; hover_type=&#8221;none&#8221; link=&#8221;&#8221;][fusion_text] REDACCI\u00d3N La banda puertorrique\u00f1a Algarete formada en 1993 decidi\u00f3 regrabar su primer \u00e1lbum con diversas colaboraciones que han hecho que en su conjunto, dicho trabajo sea uno de los mejores y m\u00e1s ambiciosos de toda su carrera. Tras haber pasado [&hellip;]<\/p>\n","protected":false},"author":1,"featured_media":43523,"comment_status":"open","ping_status":"open","sticky":false,"template":"","format":"standard","meta":{"footnotes":""},"categories":[9,11],"tags":[],"_links":{"self":[{"href":"https:\/\/www.bitacoracdmx.com\/index.php?rest_route=\/wp\/v2\/posts\/43522"}],"collection":[{"href":"https:\/\/www.bitacoracdmx.com\/index.php?rest_route=\/wp\/v2\/posts"}],"about":[{"href":"https:\/\/www.bitacoracdmx.com\/index.php?rest_route=\/wp\/v2\/types\/post"}],"author":[{"embeddable":true,"href":"https:\/\/www.bitacoracdmx.com\/index.php?rest_route=\/wp\/v2\/users\/1"}],"replies":[{"embeddable":true,"href":"https:\/\/www.bitacoracdmx.com\/index.php?rest_route=%2Fwp%2Fv2%2Fcomments&post=43522"}],"version-history":[{"count":1,"href":"https:\/\/www.bitacoracdmx.com\/index.php?rest_route=\/wp\/v2\/posts\/43522\/revisions"}],"predecessor-version":[{"id":43524,"href":"https:\/\/www.bitacoracdmx.com\/index.php?rest_route=\/wp\/v2\/posts\/43522\/revisions\/43524"}],"wp:featuredmedia":[{"embeddable":true,"href":"https:\/\/www.bitacoracdmx.com\/index.php?rest_route=\/wp\/v2\/media\/43523"}],"wp:attachment":[{"href":"https:\/\/www.bitacoracdmx.com\/index.php?rest_route=%2Fwp%2Fv2%2Fmedia&parent=43522"}],"wp:term":[{"taxonomy":"category","embeddable":true,"href":"https:\/\/www.bitacoracdmx.com\/index.php?rest_route=%2Fwp%2Fv2%2Fcategories&post=43522"},{"taxonomy":"post_tag","embeddable":true,"href":"https:\/\/www.bitacoracdmx.com\/index.php?rest_route=%2Fwp%2Fv2%2Ftags&post=43522"}],"curies":[{"name":"wp","href":"https:\/\/api.w.org\/{rel}","templated":true}]}}