{"id":43532,"date":"2022-03-23T04:00:12","date_gmt":"2022-03-23T04:00:12","guid":{"rendered":"https:\/\/www.bitacoracdmx.com\/?p=43532"},"modified":"2022-03-23T04:00:12","modified_gmt":"2022-03-23T04:00:12","slug":"el-concierto-homenaje-piazzolla-electronico-por-nico-sorin-se-presentara-en-el-teatro-de-la-ciudad-esperanza-iris","status":"publish","type":"post","link":"https:\/\/www.bitacoracdmx.com\/?p=43532","title":{"rendered":"El concierto-homenaje PIAZZOLLA ELECTR\u00d3NICO por NICO SOR\u00cdN  se presentar\u00e1 en el Teatro de la Ciudad ESPERANZA IRIS."},"content":{"rendered":"<p>[fusion_builder_container hundred_percent=&#8221;no&#8221; equal_height_columns=&#8221;no&#8221; menu_anchor=&#8221;&#8221; hide_on_mobile=&#8221;small-visibility,medium-visibility,large-visibility&#8221; class=&#8221;&#8221; id=&#8221;&#8221; background_color=&#8221;&#8221; background_image=&#8221;&#8221; background_position=&#8221;center center&#8221; background_repeat=&#8221;no-repeat&#8221; fade=&#8221;no&#8221; background_parallax=&#8221;none&#8221; parallax_speed=&#8221;0.3&#8243; video_mp4=&#8221;&#8221; video_webm=&#8221;&#8221; video_ogv=&#8221;&#8221; video_url=&#8221;&#8221; video_aspect_ratio=&#8221;16:9&#8243; video_loop=&#8221;yes&#8221; video_mute=&#8221;yes&#8221; overlay_color=&#8221;&#8221; video_preview_image=&#8221;&#8221; border_size=&#8221;&#8221; border_color=&#8221;&#8221; border_style=&#8221;solid&#8221; padding_top=&#8221;&#8221; padding_bottom=&#8221;&#8221; padding_left=&#8221;&#8221; padding_right=&#8221;&#8221;][fusion_builder_row][fusion_builder_column type=&#8221;1_1&#8243; layout=&#8221;1_1&#8243; background_position=&#8221;left top&#8221; background_color=&#8221;&#8221; border_size=&#8221;&#8221; border_color=&#8221;&#8221; border_style=&#8221;solid&#8221; border_position=&#8221;all&#8221; spacing=&#8221;yes&#8221; background_image=&#8221;&#8221; background_repeat=&#8221;no-repeat&#8221; padding_top=&#8221;&#8221; padding_right=&#8221;&#8221; padding_bottom=&#8221;&#8221; padding_left=&#8221;&#8221; margin_top=&#8221;0px&#8221; margin_bottom=&#8221;0px&#8221; class=&#8221;&#8221; id=&#8221;&#8221; animation_type=&#8221;&#8221; animation_speed=&#8221;0.3&#8243; animation_direction=&#8221;left&#8221; hide_on_mobile=&#8221;small-visibility,medium-visibility,large-visibility&#8221; center_content=&#8221;no&#8221; last=&#8221;no&#8221; min_height=&#8221;&#8221; hover_type=&#8221;none&#8221; link=&#8221;&#8221;][fusion_text]<\/p>\n<p>REDACCI\u00d3N<\/p>\n<p>\u00b7 <b>Acompa\u00f1ado por m\u00fasicos argentinos y mexicanos, el creador sudamericano recrear\u00e1 aqu\u00ed el Octeto Electr\u00f3nico, concierto que Piazzolla dio en el Olympia de Par\u00eds en 1977<\/b><\/p>\n<p>\u00b7 <b>\u00danica prsentaci\u00f3n: el s\u00e1bado 2 de abril a las 19:00 horas en el recinto de Donceles<\/b><\/p>\n<p class=\"x_MsoNormal\"><b>Nico Sor\u00edn<\/b>, el multifac\u00e9tico contante, compositor, director y productor musical argentino estar\u00e1 en M\u00e9xico para presentar su espect\u00e1culo\u00a0<b><i>Piazzolla electr\u00f3nico por Nico Sor\u00edn<\/i><\/b>, el pr\u00f3ximo\u00a0<b>s\u00e1bado 2 de abril<\/b>\u00a0a las\u00a0<b>19:00 horas<\/b>\u00a0en el\u00a0<b>Teatro<\/b><b>\u00a0de la Ciudad E<\/b><b>speranza Iris<\/b>\u00a0 de la\u00a0<b>Direcci\u00f3n del Sistema de Teatros de la Secretar\u00eda de Cultura de la Ciudad de M\u00e9xico.<\/b><\/p>\n<p class=\"x_MsoNormal\">El concierto-homenaje al compositor argentino traer\u00e1 a la memoria del p\u00fablico el revolucionario concierto que Piazzola dio en 1977\u00a0en el\u00a0teatro\u00a0Olympia\u00a0de Par\u00eds, en el que configur\u00f3\u00a0la segunda encarnaci\u00f3n de su c\u00e9lebre Conjunto Electr\u00f3nico con m\u00fasicos de extracci\u00f3n rockera y jazz\u00edstica.<\/p>\n<p class=\"x_MsoNormal\">El universo de Nico Sor\u00edn viaja fluidamente desde la m\u00fasica para las grandes bandas y las bandas sonoras para el cine,\u00a0con\u00a0los llamados\u00a0<i>halls\u00a0<\/i>sinf\u00f3nicos hasta los conciertos de rock alternativo, el jazz y el rock experimental a base de sintetizadores.\u00a0Nacido en la ciudad de Buenos Aires en 1979 \u2013hijo del renombrado cineasta Carlos Sor\u00edn\u2013, el\u00a0artista\u00a0sudamericano\u00a0estudi\u00f3 en el Berklee College of Music de Estados Unidos, donde se form\u00f3 con maestros como Bob Brookmeyer, Mar\u00eda Schneider y Vuk Kulenovic.<\/p>\n<p>Posteriormente, tuvo la oportunidad de dirigir a agrupaciones como la London Session Orchestra, la Orquesta Sinf\u00f3nica de M\u00e9xico y la Henry Mancini Orchestra. Apasionado del s\u00e9ptimo arte, ha compuesto bandas sonoras para numerosos films argentinos \u2013algunos de ellos dirigidos por su propio padre\u2013, con los cuales ha obtenido premios como el\u00a0C\u00f3ndor y\u00a0el Clar\u00edn, y\u00a0nominado en cuatro oportunidades como productor para los Latin\u00a0Grammy en 2007, 2010 y 2013.<\/p>\n<p>Ha grabado discos como solista, as\u00ed como con sus agrupaciones Octafonic, Sor\u00edn Octeto y Elbou; adem\u00e1s, ha participado como compositor cantante y ejecutante en muy diversas producciones. Destaca en especial su labor como productor y arreglista para artistas como Miguel Bos\u00e9, V\u00edctor Manuel,\u00a0Mariana Bianchini\u00a0y el\u00a0Ensamble Real Book.<\/p>\n<p>En su faceta de compositor, arreglista y director, Nico Sor\u00edn llega por\u00a0primera vez\u00a0a la Ciudad de M\u00e9xico\u00a0con su homenaje a\u00a0Astor Piazzolla, un gran espect\u00e1culo musical que se estren\u00f3 en el enorme y multifac\u00e9tico\u00a0Auditorio Nacional del Centro\u00a0Cultural\u00a0Kirchner\u00a0(convertido hoy en uno\u00a0de los centros culturales m\u00e1s importantes del mundo);\u00a0asimismo, ha contado con presentaciones en\u00a0diferentes salas de la ciudad porte\u00f1a.<\/p>\n<p>En esta oportunidad,\u00a0Nico Sor\u00edn\u00a0reinterpreta parte de la obra del compositor argentino Astor Piazzolla, acompa\u00f1ado de un\u00a0selecto grupo de\u00a0m\u00fasicos mexicanos y argentinos.\u00a0El espect\u00e1culo est\u00e1\u00a0basado en el octeto\u00a0electr\u00f3nico que Piazzolla\u00a0realiz\u00f3 en el\u00a0teatro\u00a0Olympia\u00a0de Par\u00eds en 1977, con temas como\u00a0<i>Libertango, Meditango, Zita, Adi\u00f3s Nonino y Violentango<\/i>, entre otras.<\/p>\n<p>A partir de desgrabaciones realizadas por Sor\u00edn, los arreglos de los\u00a0temas y la elecci\u00f3n de los m\u00fasicos que pertenecen a diferentes g\u00e9neros y\u00a0estilos, el\u00a0proyecto aborda el esp\u00edritu del\u00a0Astor\u00a0Piazzolla\u00a0de aquella\u00a0\u00e9poca para subrayar\u00a0la\u00a0energ\u00eda de su m\u00fasica con aires de rock.<\/p>\n<p>Dice el propio\u00a0Sor\u00edn:\u00a0\u201cLa primera vez que escuch\u00e9 el octeto electr\u00f3nico de Astor me record\u00f3 al\u00a0esp\u00edritu rockero de bandas como Deep Purple, Emerson Lake and Palmer\u00a0o Pink Floyd. A la hora de\u00a0reversionar al gran maestro, la palabra que me ven\u00eda a la mente era\u00a0&#8216;irreverencia&#8217;.<\/p>\n<p>&#8220;De alguna manera, me descoloc\u00f3. Luego fui entendiendo que,\u00a0como todo gran compositor, los g\u00e9neros son una suerte de excusa para poder hacer m\u00fasica personal, y\u00a0en el caso de \u00c1stor, universal.\u00a0Creo que no hubo artista m\u00e1s irreverente que\u00a0\u00e9l\u00a0y, con\u00a0esa premisa y el respeto que su m\u00fasica merece, me arm\u00e9 de un grupo\u00a0de m\u00fasicos tambi\u00e9n irreverentes\u00a0para homenajearlo\u201d.<\/p>\n<p>El concierto\u00a0<b><i>Piazzolla electr\u00f3nico por Nico Sor\u00edn<\/i><\/b>, se llevar\u00e1 a cabo el\u00a0<b>s\u00e1bado 2 de abril<\/b>\u00a0a las\u00a0<b>19:00 horas<\/b>\u00a0en el\u00a0<b>Teatro de la Ciudad e<\/b><b>speranza Iris<\/b>\u00a0(Donceles 36, Centro Hist\u00f3rico, Metro Allende), con las disposiciones del sem\u00e1foro epidemiol\u00f3gico vigente:\u00a0cupo limitado al 85 por ciento\u00a0de la capacidad del recinto y uso permanente de cubre-bocas, gel anti-bacterial y registro de c\u00f3digo QR por parte tanto del personal del teatro como de los espectadores.<\/p>\n<p><b>Admisi\u00f3n:<\/b>\u00a0Luneta,\u00a0$500;\u00a0Primer Piso Plus, $450;\u00a0Primer Piso, $400;\u00a0Anfiteatro,\u00a0$350, y\u00a0Galer\u00eda,\u00a0$250.\u00a0Los boletos se pueden adquirir en la taquilla del teatro y en las plataformas digitales de\u00a0<b>Ticketmaster<\/b>.<\/p>\n<p>Para conocer la programaci\u00f3n de la\u00a0<b>Direcci\u00f3n del Sistema de Teatros de la Ciudad de M\u00e9xico<\/b>\u00a0visite las redes sociales:\u00a0<b>Facebook<\/b>\u00a0@TeatrosCdMexico,\u00a0<b>Twitter<\/b>\u00a0@TeatrosCdMexico e\u00a0<b>Instagram<\/b>\u00a0@teatroscdmexico.<\/p>\n<p>Siga a la\u00a0<b>Secretar\u00eda de Cultura de la Ciudad de M\u00e9xico<\/b>\u00a0a trav\u00e9s de su p\u00e1gina oficial\u00a0(<span lang=\"ES-TRAD\"><a href=\"https:\/\/cultura.cdmx.gob.mx\/\" target=\"_blank\" rel=\"noreferrer noopener\" data-auth=\"NotApplicable\" data-linkindex=\"2\"><span lang=\"ES-MX\">https:\/\/cultura.cdmx.gob.mx\/<\/span><\/a><\/span>),\u00a0sus\u00a0<b>redes sociales<\/b>\u00a0(Facebook, Twitter, Instagram y YouTube) y en la plataforma digital\u00a0<b>Capital Cultural en Nuestra Casa<\/b>.<\/p>\n<p>[\/fusion_text][fusion_imageframe image_id=&#8221;43410|medium&#8221; max_width=&#8221;&#8221; style_type=&#8221;&#8221; blur=&#8221;&#8221; stylecolor=&#8221;&#8221; hover_type=&#8221;none&#8221; bordersize=&#8221;&#8221; bordercolor=&#8221;&#8221; borderradius=&#8221;&#8221; align=&#8221;none&#8221; lightbox=&#8221;no&#8221; gallery_id=&#8221;&#8221; lightbox_image=&#8221;&#8221; lightbox_image_id=&#8221;&#8221; alt=&#8221;&#8221; link=&#8221;&#8221; linktarget=&#8221;_self&#8221; hide_on_mobile=&#8221;small-visibility,medium-visibility,large-visibility&#8221; class=&#8221;&#8221; id=&#8221;&#8221; animation_type=&#8221;&#8221; animation_direction=&#8221;left&#8221; animation_speed=&#8221;0.3&#8243; animation_offset=&#8221;&#8221;]https:\/\/www.bitacoracdmx.com\/wp-content\/uploads\/2022\/03\/PIAZZOLA-NICO-SORIN-ECARD-01-216&#215;300.jpg[\/fusion_imageframe][\/fusion_builder_column][\/fusion_builder_row][\/fusion_builder_container]<\/p>\n","protected":false},"excerpt":{"rendered":"<p>[fusion_builder_container hundred_percent=&#8221;no&#8221; equal_height_columns=&#8221;no&#8221; menu_anchor=&#8221;&#8221; hide_on_mobile=&#8221;small-visibility,medium-visibility,large-visibility&#8221; class=&#8221;&#8221; id=&#8221;&#8221; background_color=&#8221;&#8221; background_image=&#8221;&#8221; background_position=&#8221;center center&#8221; background_repeat=&#8221;no-repeat&#8221; fade=&#8221;no&#8221; background_parallax=&#8221;none&#8221; parallax_speed=&#8221;0.3&#8243; video_mp4=&#8221;&#8221; video_webm=&#8221;&#8221; video_ogv=&#8221;&#8221; video_url=&#8221;&#8221; video_aspect_ratio=&#8221;16:9&#8243; video_loop=&#8221;yes&#8221; video_mute=&#8221;yes&#8221; overlay_color=&#8221;&#8221; video_preview_image=&#8221;&#8221; border_size=&#8221;&#8221; border_color=&#8221;&#8221; border_style=&#8221;solid&#8221; padding_top=&#8221;&#8221; padding_bottom=&#8221;&#8221; padding_left=&#8221;&#8221; padding_right=&#8221;&#8221;][fusion_builder_row][fusion_builder_column type=&#8221;1_1&#8243; layout=&#8221;1_1&#8243; background_position=&#8221;left top&#8221; background_color=&#8221;&#8221; border_size=&#8221;&#8221; border_color=&#8221;&#8221; border_style=&#8221;solid&#8221; border_position=&#8221;all&#8221; spacing=&#8221;yes&#8221; background_image=&#8221;&#8221; background_repeat=&#8221;no-repeat&#8221; padding_top=&#8221;&#8221; padding_right=&#8221;&#8221; padding_bottom=&#8221;&#8221; padding_left=&#8221;&#8221; margin_top=&#8221;0px&#8221; margin_bottom=&#8221;0px&#8221; class=&#8221;&#8221; id=&#8221;&#8221; animation_type=&#8221;&#8221; animation_speed=&#8221;0.3&#8243; animation_direction=&#8221;left&#8221; hide_on_mobile=&#8221;small-visibility,medium-visibility,large-visibility&#8221; center_content=&#8221;no&#8221; last=&#8221;no&#8221; min_height=&#8221;&#8221; hover_type=&#8221;none&#8221; link=&#8221;&#8221;][fusion_text] REDACCI\u00d3N \u00b7 Acompa\u00f1ado por m\u00fasicos argentinos y mexicanos, el creador sudamericano recrear\u00e1 aqu\u00ed el Octeto Electr\u00f3nico, concierto que Piazzolla dio en el Olympia de Par\u00eds en 1977 \u00b7 \u00danica prsentaci\u00f3n: el s\u00e1bado 2 de abril a las 19:00 horas en [&hellip;]<\/p>\n","protected":false},"author":1,"featured_media":43410,"comment_status":"open","ping_status":"open","sticky":false,"template":"","format":"standard","meta":{"footnotes":""},"categories":[9,11],"tags":[],"_links":{"self":[{"href":"https:\/\/www.bitacoracdmx.com\/index.php?rest_route=\/wp\/v2\/posts\/43532"}],"collection":[{"href":"https:\/\/www.bitacoracdmx.com\/index.php?rest_route=\/wp\/v2\/posts"}],"about":[{"href":"https:\/\/www.bitacoracdmx.com\/index.php?rest_route=\/wp\/v2\/types\/post"}],"author":[{"embeddable":true,"href":"https:\/\/www.bitacoracdmx.com\/index.php?rest_route=\/wp\/v2\/users\/1"}],"replies":[{"embeddable":true,"href":"https:\/\/www.bitacoracdmx.com\/index.php?rest_route=%2Fwp%2Fv2%2Fcomments&post=43532"}],"version-history":[{"count":1,"href":"https:\/\/www.bitacoracdmx.com\/index.php?rest_route=\/wp\/v2\/posts\/43532\/revisions"}],"predecessor-version":[{"id":43533,"href":"https:\/\/www.bitacoracdmx.com\/index.php?rest_route=\/wp\/v2\/posts\/43532\/revisions\/43533"}],"wp:featuredmedia":[{"embeddable":true,"href":"https:\/\/www.bitacoracdmx.com\/index.php?rest_route=\/wp\/v2\/media\/43410"}],"wp:attachment":[{"href":"https:\/\/www.bitacoracdmx.com\/index.php?rest_route=%2Fwp%2Fv2%2Fmedia&parent=43532"}],"wp:term":[{"taxonomy":"category","embeddable":true,"href":"https:\/\/www.bitacoracdmx.com\/index.php?rest_route=%2Fwp%2Fv2%2Fcategories&post=43532"},{"taxonomy":"post_tag","embeddable":true,"href":"https:\/\/www.bitacoracdmx.com\/index.php?rest_route=%2Fwp%2Fv2%2Ftags&post=43532"}],"curies":[{"name":"wp","href":"https:\/\/api.w.org\/{rel}","templated":true}]}}