{"id":43544,"date":"2022-03-24T01:55:26","date_gmt":"2022-03-24T01:55:26","guid":{"rendered":"https:\/\/www.bitacoracdmx.com\/?p=43544"},"modified":"2022-03-24T01:55:26","modified_gmt":"2022-03-24T01:55:26","slug":"preparan-concierto-no-te-calles-vota-para-promover-la-participacion-de-la-sociedad-en-la-consulta-del-10-de-abril","status":"publish","type":"post","link":"https:\/\/www.bitacoracdmx.com\/?p=43544","title":{"rendered":"Preparan concierto &#8220;No te Calles, Vota&#8221; para promover la participaci\u00f3n de la sociedad en la consulta del 10 de abril"},"content":{"rendered":"<p>[fusion_builder_container hundred_percent=&#8221;no&#8221; equal_height_columns=&#8221;no&#8221; menu_anchor=&#8221;&#8221; hide_on_mobile=&#8221;small-visibility,medium-visibility,large-visibility&#8221; class=&#8221;&#8221; id=&#8221;&#8221; background_color=&#8221;&#8221; background_image=&#8221;&#8221; background_position=&#8221;center center&#8221; background_repeat=&#8221;no-repeat&#8221; fade=&#8221;no&#8221; background_parallax=&#8221;none&#8221; parallax_speed=&#8221;0.3&#8243; video_mp4=&#8221;&#8221; video_webm=&#8221;&#8221; video_ogv=&#8221;&#8221; video_url=&#8221;&#8221; video_aspect_ratio=&#8221;16:9&#8243; video_loop=&#8221;yes&#8221; video_mute=&#8221;yes&#8221; overlay_color=&#8221;&#8221; video_preview_image=&#8221;&#8221; border_size=&#8221;&#8221; border_color=&#8221;&#8221; border_style=&#8221;solid&#8221; padding_top=&#8221;&#8221; padding_bottom=&#8221;&#8221; padding_left=&#8221;&#8221; padding_right=&#8221;&#8221;][fusion_builder_row][fusion_builder_column type=&#8221;1_1&#8243; layout=&#8221;1_1&#8243; background_position=&#8221;left top&#8221; background_color=&#8221;&#8221; border_size=&#8221;&#8221; border_color=&#8221;&#8221; border_style=&#8221;solid&#8221; border_position=&#8221;all&#8221; spacing=&#8221;yes&#8221; background_image=&#8221;&#8221; background_repeat=&#8221;no-repeat&#8221; padding_top=&#8221;&#8221; padding_right=&#8221;&#8221; padding_bottom=&#8221;&#8221; padding_left=&#8221;&#8221; margin_top=&#8221;0px&#8221; margin_bottom=&#8221;0px&#8221; class=&#8221;&#8221; id=&#8221;&#8221; animation_type=&#8221;&#8221; animation_speed=&#8221;0.3&#8243; animation_direction=&#8221;left&#8221; hide_on_mobile=&#8221;small-visibility,medium-visibility,large-visibility&#8221; center_content=&#8221;no&#8221; last=&#8221;no&#8221; min_height=&#8221;&#8221; hover_type=&#8221;none&#8221; link=&#8221;&#8221;][fusion_text]<\/p>\n<p>REDACCI\u00d3N<\/p>\n<p>Fotos Juan Manuel \u00c1vila<\/p>\n<p>Como parte de la conciencia social que muchos grupos de rock de la escena independiente fomenta desde su creaci\u00f3n, se re\u00fanen hoy para llevar a cabo un concierto en pro del voto y la participaci\u00f3n ciudadana el pr\u00f3ximo 10 de abril. De esta manera se anunci\u00f3 para el s\u00e1bado 26 de marzo una tocada en la explanada del Monumento a la Revoluci\u00f3n denominada &#8220;No te Calles, Vota&#8221; que busca invitar a todas las personas mayores de edad a salir el domingo 10 de abril a ejercer su derecho a participar en la consulta que se realizar\u00e1 ese d\u00eda.<\/p>\n<p>En conferencia de prensa, diversos integrantes de los colectivos musicales que se dar\u00e1n cita esa fecha, coincidieron en se\u00f1alar que es de suma importancia que la gente participe despu\u00e9s de a\u00f1os de lucha para que se lleven a cabo estos ejercicios y se tome en cuenta la voz del pueblo en los problemas del pa\u00eds.<\/p>\n<p>18 bandas de diversas tendencias colaborar\u00e1n en este masivo entre las que se encuentran La Maskatesta, Los de Abajo, Los Korucos, Tex Tex,\u00a0 Pino Estramb\u00f3tico entre algunos m\u00e1s que se preparan para cantar al unisono: &#8220;No te Calles, Vota&#8221;. La invitaci\u00f3n al evento musical tendr\u00e1 lugar en la explanada del Monumento a la Revoluci\u00f3n a partir de las 11:30 am, Entrada Libre.<\/p>\n<p>[\/fusion_text][fusion_gallery layout=&#8221;&#8221; picture_size=&#8221;&#8221; columns=&#8221;&#8221; column_spacing=&#8221;10&#8243; gallery_masonry_grid_ratio=&#8221;&#8221; gallery_masonry_width_double=&#8221;&#8221; hover_type=&#8221;&#8221; lightbox=&#8221;yes&#8221; lightbox_content=&#8221;&#8221; bordersize=&#8221;&#8221; bordercolor=&#8221;&#8221; border_radius=&#8221;&#8221; hide_on_mobile=&#8221;small-visibility,medium-visibility,large-visibility&#8221; class=&#8221;&#8221; id=&#8221;&#8221;][fusion_gallery_image image=&#8221;https:\/\/www.bitacoracdmx.com\/wp-content\/uploads\/2022\/03\/276210120_3170978833183567_6195992671164828624_n-244&#215;300.jpg&#8221; image_id=&#8221;43545|medium&#8221; link=&#8221;&#8221; linktarget=&#8221;_self&#8221; \/][fusion_gallery_image image=&#8221;https:\/\/www.bitacoracdmx.com\/wp-content\/uploads\/2022\/03\/WhatsApp-Image-2022-03-23-at-4.36.43-PM-4-300&#215;200.jpeg&#8221; image_id=&#8221;43546|medium&#8221; link=&#8221;&#8221; linktarget=&#8221;_self&#8221; \/][fusion_gallery_image image=&#8221;https:\/\/www.bitacoracdmx.com\/wp-content\/uploads\/2022\/03\/WhatsApp-Image-2022-03-23-at-4.36.43-PM-2-300&#215;200.jpeg&#8221; image_id=&#8221;43547|medium&#8221; link=&#8221;&#8221; linktarget=&#8221;_self&#8221; \/][fusion_gallery_image image=&#8221;https:\/\/www.bitacoracdmx.com\/wp-content\/uploads\/2022\/03\/WhatsApp-Image-2022-03-23-at-4.36.43-PM-1-300&#215;200.jpeg&#8221; image_id=&#8221;43548|medium&#8221; link=&#8221;&#8221; linktarget=&#8221;_self&#8221; \/][fusion_gallery_image image=&#8221;https:\/\/www.bitacoracdmx.com\/wp-content\/uploads\/2022\/03\/WhatsApp-Image-2022-03-23-at-4.36.43-PM-300&#215;200.jpeg&#8221; image_id=&#8221;43549|medium&#8221; link=&#8221;&#8221; linktarget=&#8221;_self&#8221; \/][\/fusion_gallery][\/fusion_builder_column][\/fusion_builder_row][\/fusion_builder_container]<\/p>\n","protected":false},"excerpt":{"rendered":"<p>[fusion_builder_container hundred_percent=&#8221;no&#8221; equal_height_columns=&#8221;no&#8221; menu_anchor=&#8221;&#8221; hide_on_mobile=&#8221;small-visibility,medium-visibility,large-visibility&#8221; class=&#8221;&#8221; id=&#8221;&#8221; background_color=&#8221;&#8221; background_image=&#8221;&#8221; background_position=&#8221;center center&#8221; background_repeat=&#8221;no-repeat&#8221; fade=&#8221;no&#8221; background_parallax=&#8221;none&#8221; parallax_speed=&#8221;0.3&#8243; video_mp4=&#8221;&#8221; video_webm=&#8221;&#8221; video_ogv=&#8221;&#8221; video_url=&#8221;&#8221; video_aspect_ratio=&#8221;16:9&#8243; video_loop=&#8221;yes&#8221; video_mute=&#8221;yes&#8221; overlay_color=&#8221;&#8221; video_preview_image=&#8221;&#8221; border_size=&#8221;&#8221; border_color=&#8221;&#8221; border_style=&#8221;solid&#8221; padding_top=&#8221;&#8221; padding_bottom=&#8221;&#8221; padding_left=&#8221;&#8221; padding_right=&#8221;&#8221;][fusion_builder_row][fusion_builder_column type=&#8221;1_1&#8243; layout=&#8221;1_1&#8243; background_position=&#8221;left top&#8221; background_color=&#8221;&#8221; border_size=&#8221;&#8221; border_color=&#8221;&#8221; border_style=&#8221;solid&#8221; border_position=&#8221;all&#8221; spacing=&#8221;yes&#8221; background_image=&#8221;&#8221; background_repeat=&#8221;no-repeat&#8221; padding_top=&#8221;&#8221; padding_right=&#8221;&#8221; padding_bottom=&#8221;&#8221; padding_left=&#8221;&#8221; margin_top=&#8221;0px&#8221; margin_bottom=&#8221;0px&#8221; class=&#8221;&#8221; id=&#8221;&#8221; animation_type=&#8221;&#8221; animation_speed=&#8221;0.3&#8243; animation_direction=&#8221;left&#8221; hide_on_mobile=&#8221;small-visibility,medium-visibility,large-visibility&#8221; center_content=&#8221;no&#8221; last=&#8221;no&#8221; min_height=&#8221;&#8221; hover_type=&#8221;none&#8221; link=&#8221;&#8221;][fusion_text] REDACCI\u00d3N Fotos Juan Manuel \u00c1vila Como parte de la conciencia social que muchos grupos de rock de la escena independiente fomenta desde su creaci\u00f3n, se re\u00fanen hoy para llevar a cabo un concierto en pro del voto y la participaci\u00f3n [&hellip;]<\/p>\n","protected":false},"author":1,"featured_media":43546,"comment_status":"open","ping_status":"open","sticky":false,"template":"","format":"standard","meta":{"footnotes":""},"categories":[9,11],"tags":[],"_links":{"self":[{"href":"https:\/\/www.bitacoracdmx.com\/index.php?rest_route=\/wp\/v2\/posts\/43544"}],"collection":[{"href":"https:\/\/www.bitacoracdmx.com\/index.php?rest_route=\/wp\/v2\/posts"}],"about":[{"href":"https:\/\/www.bitacoracdmx.com\/index.php?rest_route=\/wp\/v2\/types\/post"}],"author":[{"embeddable":true,"href":"https:\/\/www.bitacoracdmx.com\/index.php?rest_route=\/wp\/v2\/users\/1"}],"replies":[{"embeddable":true,"href":"https:\/\/www.bitacoracdmx.com\/index.php?rest_route=%2Fwp%2Fv2%2Fcomments&post=43544"}],"version-history":[{"count":1,"href":"https:\/\/www.bitacoracdmx.com\/index.php?rest_route=\/wp\/v2\/posts\/43544\/revisions"}],"predecessor-version":[{"id":43550,"href":"https:\/\/www.bitacoracdmx.com\/index.php?rest_route=\/wp\/v2\/posts\/43544\/revisions\/43550"}],"wp:featuredmedia":[{"embeddable":true,"href":"https:\/\/www.bitacoracdmx.com\/index.php?rest_route=\/wp\/v2\/media\/43546"}],"wp:attachment":[{"href":"https:\/\/www.bitacoracdmx.com\/index.php?rest_route=%2Fwp%2Fv2%2Fmedia&parent=43544"}],"wp:term":[{"taxonomy":"category","embeddable":true,"href":"https:\/\/www.bitacoracdmx.com\/index.php?rest_route=%2Fwp%2Fv2%2Fcategories&post=43544"},{"taxonomy":"post_tag","embeddable":true,"href":"https:\/\/www.bitacoracdmx.com\/index.php?rest_route=%2Fwp%2Fv2%2Ftags&post=43544"}],"curies":[{"name":"wp","href":"https:\/\/api.w.org\/{rel}","templated":true}]}}