{"id":43554,"date":"2022-03-24T04:06:15","date_gmt":"2022-03-24T04:06:15","guid":{"rendered":"https:\/\/www.bitacoracdmx.com\/?p=43554"},"modified":"2022-03-24T04:06:15","modified_gmt":"2022-03-24T04:06:15","slug":"grupo-firme-listo-para-hacer-historia-en-el-foro-sol","status":"publish","type":"post","link":"https:\/\/www.bitacoracdmx.com\/?p=43554","title":{"rendered":"Grupo FIRME listo para hacer historia en el Foro Sol"},"content":{"rendered":"<p>[fusion_builder_container hundred_percent=&#8221;no&#8221; equal_height_columns=&#8221;no&#8221; menu_anchor=&#8221;&#8221; hide_on_mobile=&#8221;small-visibility,medium-visibility,large-visibility&#8221; class=&#8221;&#8221; id=&#8221;&#8221; background_color=&#8221;&#8221; background_image=&#8221;&#8221; background_position=&#8221;center center&#8221; background_repeat=&#8221;no-repeat&#8221; fade=&#8221;no&#8221; background_parallax=&#8221;none&#8221; parallax_speed=&#8221;0.3&#8243; video_mp4=&#8221;&#8221; video_webm=&#8221;&#8221; video_ogv=&#8221;&#8221; video_url=&#8221;&#8221; video_aspect_ratio=&#8221;16:9&#8243; video_loop=&#8221;yes&#8221; video_mute=&#8221;yes&#8221; overlay_color=&#8221;&#8221; video_preview_image=&#8221;&#8221; border_size=&#8221;&#8221; border_color=&#8221;&#8221; border_style=&#8221;solid&#8221; padding_top=&#8221;&#8221; padding_bottom=&#8221;&#8221; padding_left=&#8221;&#8221; padding_right=&#8221;&#8221;][fusion_builder_row][fusion_builder_column type=&#8221;1_1&#8243; layout=&#8221;1_1&#8243; background_position=&#8221;left top&#8221; background_color=&#8221;&#8221; border_size=&#8221;&#8221; border_color=&#8221;&#8221; border_style=&#8221;solid&#8221; border_position=&#8221;all&#8221; spacing=&#8221;yes&#8221; background_image=&#8221;&#8221; background_repeat=&#8221;no-repeat&#8221; padding_top=&#8221;&#8221; padding_right=&#8221;&#8221; padding_bottom=&#8221;&#8221; padding_left=&#8221;&#8221; margin_top=&#8221;0px&#8221; margin_bottom=&#8221;0px&#8221; class=&#8221;&#8221; id=&#8221;&#8221; animation_type=&#8221;&#8221; animation_speed=&#8221;0.3&#8243; animation_direction=&#8221;left&#8221; hide_on_mobile=&#8221;small-visibility,medium-visibility,large-visibility&#8221; center_content=&#8221;no&#8221; last=&#8221;no&#8221; min_height=&#8221;&#8221; hover_type=&#8221;none&#8221; link=&#8221;&#8221;][fusion_text]<\/p>\n<p>Por: Luis Alberto Gasca<\/p>\n<p>Fotos: Christopher Blanco y Cesar Ambriz<\/p>\n<p>Una de las agrupaciones de m\u00fasica regional mexicana con m\u00e1s arrastre en la actualidad es sin duda alguna la conformada por \u00a0<strong>Edwin Cazares, l\u00edder de la banda y vocalista; Joaqu\u00edn Ruiz, bajo sexto; Jhonny Caz, vocalista; Abraham Hern\u00e1ndez<\/strong>, segunda voz; Christian T\u00e9llez, bajo; Dylan Camacho, acorde\u00f3n; y Fito Rubio, bater\u00eda. y conocidos como Grupo FIRME.<\/p>\n<p>La mete\u00f3rica popularidad que han alcanzado hoy los lleva al Foro Sol, uno de los escenarios m\u00e1s importantes del pa\u00eds los alojar\u00e1 durante cuatro fechas, estando las tres primeras totalmente agotadas (24, 25 y 26 de marzo) por lo que tuvieron que abrir una fecha m\u00e1s para el\u00a0 7 de mayo.<\/p>\n<p>En la antesala de sus primeras presentaciones, Grupo FIRME se mostr\u00f3 sorprendido por la respuesta del p\u00fablico, pues nunca imaginaron agotar el boletaje de su primera fecha en tan s\u00f3lo unos minutos lo que los tiene muy contentos y con deseos de hacer mejores cosas para este a\u00f1o con colaboraciones musicales pues tienen bien claro que para lograr el \u00e9xito se trata de compartir y no de competir.<\/p>\n<p>Los oriundos de Tijuana, Baja California adelantaron que sus presentaciones en la Ciudad de M\u00e9xico incluir\u00e1n algunas sorpresas para sus fieles seguidores, con gran sencillez y sin ocultar su alegr\u00eda Edwin Caz confeso que \u00e9l no pens\u00f3 que fueran a llenar un s\u00f3lo d\u00eda por lo que se deseo era que se presentaran en un recinto m\u00e1s peque\u00f1o.<\/p>\n<p>De esta manera, en conferencia de prensa FIRME impone un r\u00e9cord en M\u00e9xico al ser la primera agrupaci\u00f3n de m\u00fasica regional mexicana en presentarse durante cuatro recitales en el Foro Sol marcas solamente igualadas por artistas de la talla de Madonna, U2, Shakira, Metallica, Justin Bieber y Pante\u00f3n Rococ\u00f3.<\/p>\n<p>Su energ\u00eda, talento, carisma y estilo se han ganado el coraz\u00f3n de sus miles de seguidores, que sin importar su edad son fieles a su m\u00fasica. Su conexi\u00f3n inigualable con el p\u00fablico los ha llevado a ser ganadores del LAT\u00cdN GRAMMY como &#8220;Mejor \u00c1lbum de M\u00fasica Banda&#8221;, y en el 2021 repitieron la haza\u00f1a con su \u00e1lbum Nos Divertimos Logrando lo Imposible.<\/p>\n<p>Ese mismo a\u00f1o tambi\u00e9n arrasaron con otras premiaciones: en Los Premios Lo Nuestro como &#8220;Grupo o D\u00fao del A\u00f1o&#8221;, &#8220;\u00c1lbum del A\u00f1o&#8221;, &#8220;Canci\u00f3n del A\u00f1o&#8221; y &#8220;Colaboraci\u00f3n del A\u00f1o&#8221;. En los Premios Juventud fueron reconocidos con &#8220;El \u00c1lbum del A\u00f1o Regional Mexicano&#8221; por Nos Divertimos Logrando lo Imposible y &#8220;Mejor fusi\u00f3n Regional Mexicana&#8221; por el tema &#8220;El Cambio&#8221; con Mariachi.<\/p>\n<p>Su tema &#8220;El G\u00fcero&#8221; fue reconocida como &#8220;La Mejor Colaboraci\u00f3n Regional Mexicana&#8221; junto a Marca MP como el &#8220;D\u00fao o Grupo favorito del A\u00f1o&#8221;. En Los Billboards Latin Music Awards recibieron el premio &#8220;Canci\u00f3n Mexicana del A\u00f1o&#8221; por la canci\u00f3n &#8220;Yo ya no Vuelvo Contigo&#8221;.<\/p>\n<p>Han superado las cifras r\u00e9cord en las importantes listas de reproducci\u00f3n y las Tendencias en YouTube por temas como &#8220;Ya Sup\u00e9rame&#8221;, &#8220;Yo Ya no Vuelvo Contigo&#8221;, &#8220;En tu Perra Vida&#8221;. En YouTube, GRUPO FIRME supera los 5.47 millones de subscriptores mientras que en Spotify son m\u00e1s de 12 millones de oyentes mensuales.<\/p>\n<p>Recientemente fueron publicados en la lista de Pollstar&#8217;s LIVE 75 de los artistas que m\u00e1s ganan por gira, dieron a conocer que GRUPO FIRME es la agrupaci\u00f3n m\u00e1s taquillera en TODO EL MUNDO gracias al gran esfuerzo y talento de la agrupaci\u00f3n y el acertado manejo y apoyo de su disquera MUSIC VIP.<\/p>\n<p>Por lo que Eduin Caz (voz), Abraham Luna (segunda voz), Joaqu\u00edn Ruiz (bajo sexto), Jhonny Caz (tercera voz) Christian T\u00e9llez (bajo el\u00e9ctrico), Fito Rubio (bater\u00eda) y Dylan Camacho (acorde\u00f3n) preparan una gran noche para todos sus seguidores de la cual prometen un espect\u00e1cu inigualable.<\/p>\n<p>La banda liderada por Eduin Caz, menciono estar preparada para conciertos imperdibles los d\u00edas 24, 25, 26 de marzo y ahora el 7 de mayo, donde habr\u00e1 muchas sorpresas para celebrar como solo Grupo Firme lo sabe hacer: \u00a1EN GRANDE!<\/p>\n<p>Re\u00fane a tu team para armar la fiesta, en esta \u00fanica oportunidad de asistir a una de las m\u00e1s asombrosas noches para la m\u00fasica regional mexicana. La venta de localidades est\u00e1 disponible en las taquillas del inmueble y a trav\u00e9s de la red Ticketmaster. \u00a1No te lo puedes perder!<\/p>\n<p>FB, IG Y TWITTER: GrupoFirme<\/p>\n<p>[\/fusion_text][fusion_gallery layout=&#8221;&#8221; picture_size=&#8221;&#8221; columns=&#8221;&#8221; column_spacing=&#8221;10&#8243; gallery_masonry_grid_ratio=&#8221;&#8221; gallery_masonry_width_double=&#8221;&#8221; hover_type=&#8221;&#8221; lightbox=&#8221;yes&#8221; lightbox_content=&#8221;&#8221; bordersize=&#8221;&#8221; bordercolor=&#8221;&#8221; border_radius=&#8221;&#8221; hide_on_mobile=&#8221;small-visibility,medium-visibility,large-visibility&#8221; class=&#8221;&#8221; id=&#8221;&#8221;][fusion_gallery_image image=&#8221;https:\/\/www.bitacoracdmx.com\/wp-content\/uploads\/2022\/03\/WhatsApp-Image-2022-03-23-at-8.28.47-PM-300&#215;150.jpeg&#8221; image_id=&#8221;43555|medium&#8221; link=&#8221;&#8221; linktarget=&#8221;_self&#8221; \/][fusion_gallery_image image=&#8221;https:\/\/www.bitacoracdmx.com\/wp-content\/uploads\/2022\/03\/WhatsApp-Image-2022-03-23-at-8.25.30-PM-300&#215;200.jpeg&#8221; image_id=&#8221;43556|medium&#8221; link=&#8221;&#8221; linktarget=&#8221;_self&#8221; \/][fusion_gallery_image image=&#8221;https:\/\/www.bitacoracdmx.com\/wp-content\/uploads\/2022\/03\/WhatsApp-Image-2022-03-23-at-8.23.47-PM-300&#215;169.jpeg&#8221; image_id=&#8221;43557|medium&#8221; link=&#8221;&#8221; linktarget=&#8221;_self&#8221; \/][\/fusion_gallery][\/fusion_builder_column][\/fusion_builder_row][\/fusion_builder_container]<\/p>\n","protected":false},"excerpt":{"rendered":"<p>[fusion_builder_container hundred_percent=&#8221;no&#8221; equal_height_columns=&#8221;no&#8221; menu_anchor=&#8221;&#8221; hide_on_mobile=&#8221;small-visibility,medium-visibility,large-visibility&#8221; class=&#8221;&#8221; id=&#8221;&#8221; background_color=&#8221;&#8221; background_image=&#8221;&#8221; background_position=&#8221;center center&#8221; background_repeat=&#8221;no-repeat&#8221; fade=&#8221;no&#8221; background_parallax=&#8221;none&#8221; parallax_speed=&#8221;0.3&#8243; video_mp4=&#8221;&#8221; video_webm=&#8221;&#8221; video_ogv=&#8221;&#8221; video_url=&#8221;&#8221; video_aspect_ratio=&#8221;16:9&#8243; video_loop=&#8221;yes&#8221; video_mute=&#8221;yes&#8221; overlay_color=&#8221;&#8221; video_preview_image=&#8221;&#8221; border_size=&#8221;&#8221; border_color=&#8221;&#8221; border_style=&#8221;solid&#8221; padding_top=&#8221;&#8221; padding_bottom=&#8221;&#8221; padding_left=&#8221;&#8221; padding_right=&#8221;&#8221;][fusion_builder_row][fusion_builder_column type=&#8221;1_1&#8243; layout=&#8221;1_1&#8243; background_position=&#8221;left top&#8221; background_color=&#8221;&#8221; border_size=&#8221;&#8221; border_color=&#8221;&#8221; border_style=&#8221;solid&#8221; border_position=&#8221;all&#8221; spacing=&#8221;yes&#8221; background_image=&#8221;&#8221; background_repeat=&#8221;no-repeat&#8221; padding_top=&#8221;&#8221; padding_right=&#8221;&#8221; padding_bottom=&#8221;&#8221; padding_left=&#8221;&#8221; margin_top=&#8221;0px&#8221; margin_bottom=&#8221;0px&#8221; class=&#8221;&#8221; id=&#8221;&#8221; animation_type=&#8221;&#8221; animation_speed=&#8221;0.3&#8243; animation_direction=&#8221;left&#8221; hide_on_mobile=&#8221;small-visibility,medium-visibility,large-visibility&#8221; center_content=&#8221;no&#8221; last=&#8221;no&#8221; min_height=&#8221;&#8221; hover_type=&#8221;none&#8221; link=&#8221;&#8221;][fusion_text] Por: Luis Alberto Gasca Fotos: Christopher Blanco y Cesar Ambriz Una de las agrupaciones de m\u00fasica regional mexicana con m\u00e1s arrastre en la actualidad es sin duda alguna la conformada por \u00a0Edwin Cazares, l\u00edder de la banda y vocalista; Joaqu\u00edn [&hellip;]<\/p>\n","protected":false},"author":1,"featured_media":43556,"comment_status":"open","ping_status":"open","sticky":false,"template":"","format":"standard","meta":{"footnotes":""},"categories":[9,11],"tags":[],"_links":{"self":[{"href":"https:\/\/www.bitacoracdmx.com\/index.php?rest_route=\/wp\/v2\/posts\/43554"}],"collection":[{"href":"https:\/\/www.bitacoracdmx.com\/index.php?rest_route=\/wp\/v2\/posts"}],"about":[{"href":"https:\/\/www.bitacoracdmx.com\/index.php?rest_route=\/wp\/v2\/types\/post"}],"author":[{"embeddable":true,"href":"https:\/\/www.bitacoracdmx.com\/index.php?rest_route=\/wp\/v2\/users\/1"}],"replies":[{"embeddable":true,"href":"https:\/\/www.bitacoracdmx.com\/index.php?rest_route=%2Fwp%2Fv2%2Fcomments&post=43554"}],"version-history":[{"count":1,"href":"https:\/\/www.bitacoracdmx.com\/index.php?rest_route=\/wp\/v2\/posts\/43554\/revisions"}],"predecessor-version":[{"id":43558,"href":"https:\/\/www.bitacoracdmx.com\/index.php?rest_route=\/wp\/v2\/posts\/43554\/revisions\/43558"}],"wp:featuredmedia":[{"embeddable":true,"href":"https:\/\/www.bitacoracdmx.com\/index.php?rest_route=\/wp\/v2\/media\/43556"}],"wp:attachment":[{"href":"https:\/\/www.bitacoracdmx.com\/index.php?rest_route=%2Fwp%2Fv2%2Fmedia&parent=43554"}],"wp:term":[{"taxonomy":"category","embeddable":true,"href":"https:\/\/www.bitacoracdmx.com\/index.php?rest_route=%2Fwp%2Fv2%2Fcategories&post=43554"},{"taxonomy":"post_tag","embeddable":true,"href":"https:\/\/www.bitacoracdmx.com\/index.php?rest_route=%2Fwp%2Fv2%2Ftags&post=43554"}],"curies":[{"name":"wp","href":"https:\/\/api.w.org\/{rel}","templated":true}]}}