{"id":43560,"date":"2022-03-25T02:58:33","date_gmt":"2022-03-25T02:58:33","guid":{"rendered":"https:\/\/www.bitacoracdmx.com\/?p=43560"},"modified":"2022-03-25T02:58:33","modified_gmt":"2022-03-25T02:58:33","slug":"dorian-y-ana-mena-tripulan-vuelo-accidentado-en-nuevo-video-no-dejes-que-pase-el-tiempo","status":"publish","type":"post","link":"https:\/\/www.bitacoracdmx.com\/?p=43560","title":{"rendered":"DORIAN y ANA MENA  tripulan vuelo accidentado en  nuevo video &#8220;No dejes que pase el tiempo&#8221;"},"content":{"rendered":"<p>[fusion_builder_container hundred_percent=&#8221;no&#8221; equal_height_columns=&#8221;no&#8221; menu_anchor=&#8221;&#8221; hide_on_mobile=&#8221;small-visibility,medium-visibility,large-visibility&#8221; class=&#8221;&#8221; id=&#8221;&#8221; background_color=&#8221;&#8221; background_image=&#8221;&#8221; background_position=&#8221;center center&#8221; background_repeat=&#8221;no-repeat&#8221; fade=&#8221;no&#8221; background_parallax=&#8221;none&#8221; parallax_speed=&#8221;0.3&#8243; video_mp4=&#8221;&#8221; video_webm=&#8221;&#8221; video_ogv=&#8221;&#8221; video_url=&#8221;&#8221; video_aspect_ratio=&#8221;16:9&#8243; video_loop=&#8221;yes&#8221; video_mute=&#8221;yes&#8221; overlay_color=&#8221;&#8221; video_preview_image=&#8221;&#8221; border_size=&#8221;&#8221; border_color=&#8221;&#8221; border_style=&#8221;solid&#8221; padding_top=&#8221;&#8221; padding_bottom=&#8221;&#8221; padding_left=&#8221;&#8221; padding_right=&#8221;&#8221;][fusion_builder_row][fusion_builder_column type=&#8221;1_1&#8243; layout=&#8221;1_1&#8243; background_position=&#8221;left top&#8221; background_color=&#8221;&#8221; border_size=&#8221;&#8221; border_color=&#8221;&#8221; border_style=&#8221;solid&#8221; border_position=&#8221;all&#8221; spacing=&#8221;yes&#8221; background_image=&#8221;&#8221; background_repeat=&#8221;no-repeat&#8221; padding_top=&#8221;&#8221; padding_right=&#8221;&#8221; padding_bottom=&#8221;&#8221; padding_left=&#8221;&#8221; margin_top=&#8221;0px&#8221; margin_bottom=&#8221;0px&#8221; class=&#8221;&#8221; id=&#8221;&#8221; animation_type=&#8221;&#8221; animation_speed=&#8221;0.3&#8243; animation_direction=&#8221;left&#8221; hide_on_mobile=&#8221;small-visibility,medium-visibility,large-visibility&#8221; center_content=&#8221;no&#8221; last=&#8221;no&#8221; min_height=&#8221;&#8221; hover_type=&#8221;none&#8221; link=&#8221;&#8221;][fusion_text]<\/p>\n<p>REDACCI\u00d3N<\/p>\n<p>Cuenta atr\u00e1s para uno de los discos m\u00e1s esperados del a\u00f1o:\u00a0<strong>&#8220;RITUAL&#8221;\u00a0<\/strong>de\u00a0<strong>DORIAN\u00a0<\/strong>se publicar\u00e1 el\u00a0<strong>pr\u00f3ximo viernes 22 de abril,<\/strong>\u00a0pero antes, la banda barcelonesa llega con m\u00e1s munici\u00f3n en forma de m\u00fasica y v\u00eddeo.<br aria-hidden=\"true\" \/><br aria-hidden=\"true\" \/>Se trata de\u00a0<strong>&#8220;No dejes que pase el tiempo&#8221;,<\/strong>\u00a0tema<strong>\u00a0<\/strong>de Dorian cantado junto a Ana Mena \u2013una de las voces m\u00e1s destacadas del nuevo pop espa\u00f1ol e italiano\u2013 y cargado de contenido existencial, que\u00a0empieza mostr\u00e1ndose como una balada electr\u00f3nica que poco a poco va creciendo hasta llevarnos a la pista de baile, y convertirse en un\u00a0poderoso hit emocional.\u00a0<br aria-hidden=\"true\" \/><br aria-hidden=\"true\" \/>Esta canci\u00f3n, se acompa\u00f1a \u00a0por un espectacular v\u00eddeo dirigido por Willy Rodr\u00edguez (reconocido por sus trabajos con Nicky Jam, Alejandro Sanz, Nach o Kase .O), en el que Dorian y Amena tripulan un accidentado vuelo con pasajeros; mientras que la letra de\u00a0la canci\u00f3n\u00a0se inspira en la filosof\u00eda del romano S\u00e9neca, que nos dice\u00a0 que \u00a0la vida no es corta, sino lo suficientemente larga si la sabes aprovechar al m\u00e1ximo. El tema se enfoca en una relaci\u00f3n de pareja que est\u00e1 aprendiendo a comunicarse, a amarse y a convivir en paz, para recuperar el precioso tiempo perdido que nunca debieron desperdiciar.<br aria-hidden=\"true\" \/><br aria-hidden=\"true\" \/>Sin duda,\u00a0una de las colaboraciones m\u00e1s excitantes del a\u00f1o: la prestigiosa banda barcelonesa unida a una de las voces m\u00e1s poderosas del nuevo pop espa\u00f1ol.<br aria-hidden=\"true\" \/><br aria-hidden=\"true\" \/>En los pr\u00f3ximos meses DORIAN presentar\u00e1n &#8220;RITUAL&#8221; por diversos pa\u00edses de Am\u00e9rica Latina y por Espa\u00f1a.\u00a0<br aria-hidden=\"true\" \/><br aria-hidden=\"true\" \/>En M\u00e9xico, \u00a0Dorian\u00a0realizar\u00e1 una escala en la Ciudad de M\u00e9xico para ofrecer un show \u00edntimo \u00a0en el Foro IndieRocks!, este 31 de marzo; despu\u00e9s aterrizar\u00e1\u00a0en el Festival Pal\u2019Norte, el\u00a0s\u00e1bado 2 de abril, que se lleva a cabo en\u00a0Parque Fundidora de Monterrey, y posteriormente har\u00e1 una presentaci\u00f3n en el festival Xinant\u00e9catl, en Ocoyoacac,Edo. M\u00e9xico, el domingo 3 de abril.<\/p>\n<p><span style=\"color: #696969;\"><strong>Pr\u00f3ximas presentaciones:\u00a0<\/strong><\/span><\/p>\n<p>Jueves 31 Marzo &#8211;\u00a0<strong>CDMX<\/strong>\u00a0&#8211; Foro Indie rocks!<br aria-hidden=\"true\" \/>S\u00e1bado 2 Abril:\u00a0<strong>\u00a0Monterrey\u00a0<\/strong>\u00a0\u2013 Festival Pa&#8217;l Norte &#8211;\u00a0<a href=\"https:\/\/intromusica.us5.list-manage.com\/track\/click?u=6f90f18bc232969a6139996d0&amp;id=022094983c&amp;e=b7a565778b\" target=\"_blank\" rel=\"noopener noreferrer\" data-auth=\"NotApplicable\" data-linkindex=\"5\">\u00a0\u00a1entradas aqu\u00ed!<\/a><br aria-hidden=\"true\" \/>Domingo 3 Abril:\u00a0<strong>\u00a0Toluca\u00a0<\/strong>\u00a0&#8211; Festival Xinant\u00e9catl &#8211;\u00a0<a href=\"https:\/\/intromusica.us5.list-manage.com\/track\/click?u=6f90f18bc232969a6139996d0&amp;id=318c110168&amp;e=b7a565778b\" target=\"_blank\" rel=\"noopener noreferrer\" data-auth=\"NotApplicable\" data-linkindex=\"6\">\u00a0\u00a1entradas aqu\u00ed!<\/a><br aria-hidden=\"true\" \/><br aria-hidden=\"true\" \/><strong>Mayo:<\/strong><br aria-hidden=\"true\" \/><br aria-hidden=\"true\" \/>Viernes 13:\u00a0<strong>Buenos Aires<\/strong>\u00a0\u2013 Niceto Club\u00a0&#8211;\u00a0<a href=\"https:\/\/intromusica.us5.list-manage.com\/track\/click?u=6f90f18bc232969a6139996d0&amp;id=07f91f9d20&amp;e=b7a565778b\" target=\"_blank\" rel=\"noopener noreferrer\" data-auth=\"NotApplicable\" data-linkindex=\"7\">\u00a1entradas aqu\u00ed!<\/a><br aria-hidden=\"true\" \/>S\u00e1bado 14:\u00a0<strong>Santiago de Chile\u00a0<\/strong>\u2013 Metr\u00f3nomo<span style=\"font-family: Helvetica;\">\u00a0<\/span>&#8211;<span style=\"font-family: Helvetica;\">\u00a0<\/span><a href=\"https:\/\/intromusica.us5.list-manage.com\/track\/click?u=6f90f18bc232969a6139996d0&amp;id=0e357a189d&amp;e=b7a565778b\" target=\"_blank\" rel=\"noopener noreferrer\" data-auth=\"NotApplicable\" data-linkindex=\"8\">\u00a1entradas aqu\u00ed!<\/a><br aria-hidden=\"true\" \/>Jueves 19:\u00a0<strong>Lima<\/strong>\u00a0\u2013 CCB Barranco<span style=\"font-family: Helvetica;\">\u00a0<\/span>&#8211;<span style=\"font-family: Helvetica;\">\u00a0<\/span><a href=\"https:\/\/intromusica.us5.list-manage.com\/track\/click?u=6f90f18bc232969a6139996d0&amp;id=b9735478b6&amp;e=b7a565778b\" target=\"_blank\" rel=\"noopener noreferrer\" data-auth=\"NotApplicable\" data-linkindex=\"9\">\u00a1entradas aqu\u00ed!<\/a><br aria-hidden=\"true\" \/>S\u00e1bado 22:\u00a0<strong>San Jos\u00e9\u00a0<\/strong>de\u00a0<strong>Costa Rica<\/strong><br aria-hidden=\"true\" \/>Jueves 26:\u00a0<strong>Bogot\u00e1\u00a0<\/strong>\u2013 Boogaloop<span style=\"font-family: Helvetica;\">\u00a0<\/span>&#8211;<span style=\"font-family: Helvetica;\">\u00a0<\/span><a href=\"https:\/\/intromusica.us5.list-manage.com\/track\/click?u=6f90f18bc232969a6139996d0&amp;id=a2b8e012f6&amp;e=b7a565778b\" target=\"_blank\" rel=\"noopener noreferrer\" data-auth=\"NotApplicable\" data-linkindex=\"10\">\u00a1entradas aqu\u00ed!<\/a><br aria-hidden=\"true\" \/>S\u00e1bado 28:\u00a0<strong>Alicante\u00a0<\/strong>\u2013 Spring Fest<span style=\"font-family: Helvetica;\">\u00a0<\/span>&#8211;<span style=\"font-family: Helvetica;\">\u00a0<\/span><a href=\"https:\/\/intromusica.us5.list-manage.com\/track\/click?u=6f90f18bc232969a6139996d0&amp;id=93bc1fe964&amp;e=b7a565778b\" target=\"_blank\" rel=\"noopener noreferrer\" data-auth=\"NotApplicable\" data-linkindex=\"11\">\u00a1entradas aqu\u00ed!<\/a><br aria-hidden=\"true\" \/><br aria-hidden=\"true\" \/><strong>Junio:<\/strong><br aria-hidden=\"true\" \/>S\u00e1bado 4:<strong>\u00a0Valencia &#8211;\u00a0<\/strong>Festival de les Arts &#8211;\u00a0<a href=\"https:\/\/intromusica.us5.list-manage.com\/track\/click?u=6f90f18bc232969a6139996d0&amp;id=cd9d7f0050&amp;e=b7a565778b\" target=\"_blank\" rel=\"noopener noreferrer\" data-auth=\"NotApplicable\" data-linkindex=\"12\">\u00a1entradas aqu\u00ed!<\/a><br aria-hidden=\"true\" \/><br aria-hidden=\"true\" \/><strong>Julio:<\/strong><br aria-hidden=\"true\" \/><br aria-hidden=\"true\" \/>Viernes 8:<strong>\u00a0Bilbao<\/strong>\u00a0\u2013 Festival BBK<span style=\"font-family: Helvetica;\">\u00a0<\/span>&#8211;\u00a0<a href=\"https:\/\/intromusica.us5.list-manage.com\/track\/click?u=6f90f18bc232969a6139996d0&amp;id=cc54e912b0&amp;e=b7a565778b\" target=\"_blank\" rel=\"noopener noreferrer\" data-auth=\"NotApplicable\" data-linkindex=\"13\">\u00a1entradas aqu\u00ed!<\/a><br aria-hidden=\"true\" \/>S\u00e1bado 16:\u00a0<strong>Benic\u00e0ssim<\/strong>\u00a0\u2013 FIB<span style=\"font-family: Helvetica;\">\u00a0<\/span>&#8211;<span style=\"font-family: Helvetica;\">\u00a0<\/span><a href=\"https:\/\/intromusica.us5.list-manage.com\/track\/click?u=6f90f18bc232969a6139996d0&amp;id=e7feb4fe91&amp;e=b7a565778b\" target=\"_blank\" rel=\"noopener noreferrer\" data-auth=\"NotApplicable\" data-linkindex=\"14\">\u00a1entradas aqu\u00ed!<\/a><br aria-hidden=\"true\" \/><br aria-hidden=\"true\" \/><strong>Agosto:<\/strong><br aria-hidden=\"true\" \/><br aria-hidden=\"true\" \/>S\u00e1bado 13:\u00a0<strong>Aranda de Duero<\/strong>\u00a0\u2013 Sonorama<span style=\"font-family: Helvetica;\">\u00a0<\/span>&#8211;<span style=\"font-family: Helvetica;\">\u00a0<\/span><a href=\"https:\/\/intromusica.us5.list-manage.com\/track\/click?u=6f90f18bc232969a6139996d0&amp;id=8986d134c5&amp;e=b7a565778b\" target=\"_blank\" rel=\"noopener noreferrer\" data-auth=\"NotApplicable\" data-linkindex=\"15\">\u00a1entradas aqu\u00ed!<\/a><br aria-hidden=\"true\" \/>S\u00e1bado 27:\u00a0<strong>Alcal\u00e1 de Henares<\/strong>\u00a0\u2013 Festival Gigante<span style=\"font-family: Helvetica;\">\u00a0<\/span>&#8211;<span style=\"font-family: Helvetica;\">\u00a0<\/span><a href=\"https:\/\/intromusica.us5.list-manage.com\/track\/click?u=6f90f18bc232969a6139996d0&amp;id=bfac90459a&amp;e=b7a565778b\" target=\"_blank\" rel=\"noopener noreferrer\" data-auth=\"NotApplicable\" data-linkindex=\"16\">\u00a1entradas aqu\u00ed!<\/a><br aria-hidden=\"true\" \/><br aria-hidden=\"true\" \/><strong>Septiembre:<\/strong><br aria-hidden=\"true\" \/><br aria-hidden=\"true\" \/>S\u00e1bado 24:<strong>\u00a0Zaragoza\u00a0<\/strong>&#8211; FIZ &#8211;<span style=\"font-family: Helvetica;\">\u00a0<\/span><a href=\"https:\/\/intromusica.us5.list-manage.com\/track\/click?u=6f90f18bc232969a6139996d0&amp;id=726114fc63&amp;e=b7a565778b\" target=\"_blank\" rel=\"noopener noreferrer\" data-auth=\"NotApplicable\" data-linkindex=\"17\">\u00a1entradas aqu\u00ed!<\/a><br aria-hidden=\"true\" \/><br aria-hidden=\"true\" \/><strong>Noviembre:<\/strong><br aria-hidden=\"true\" \/><br aria-hidden=\"true\" \/>Viernes 25:\u00a0<strong>Madrid\u00a0<\/strong>\u2013 Wizink Center\u00a0&#8211;<span style=\"font-family: Helvetica;\">\u00a0<\/span><a href=\"https:\/\/intromusica.us5.list-manage.com\/track\/click?u=6f90f18bc232969a6139996d0&amp;id=8055db70e6&amp;e=b7a565778b\" target=\"_blank\" rel=\"noopener noreferrer\" data-auth=\"NotApplicable\" data-linkindex=\"18\">\u00a1entradas aqu\u00ed!<\/a><br aria-hidden=\"true\" \/>S\u00e1bado 26:\u00a0<strong>Barcelona\u00a0<\/strong>\u2013 Sant Jordi Club\u00a0&#8211;<span style=\"font-family: Helvetica;\">\u00a0<\/span><a href=\"https:\/\/intromusica.us5.list-manage.com\/track\/click?u=6f90f18bc232969a6139996d0&amp;id=bdb8d88fc4&amp;e=b7a565778b\" target=\"_blank\" rel=\"noopener noreferrer\" data-auth=\"NotApplicable\" data-linkindex=\"19\">\u00a1entradas aqu\u00ed!<\/a><\/p>\n<p>[\/fusion_text][fusion_imageframe image_id=&#8221;43561|medium&#8221; max_width=&#8221;&#8221; style_type=&#8221;&#8221; blur=&#8221;&#8221; stylecolor=&#8221;&#8221; hover_type=&#8221;none&#8221; bordersize=&#8221;&#8221; bordercolor=&#8221;&#8221; borderradius=&#8221;&#8221; align=&#8221;none&#8221; lightbox=&#8221;no&#8221; gallery_id=&#8221;&#8221; lightbox_image=&#8221;&#8221; lightbox_image_id=&#8221;&#8221; alt=&#8221;&#8221; link=&#8221;&#8221; linktarget=&#8221;_self&#8221; hide_on_mobile=&#8221;small-visibility,medium-visibility,large-visibility&#8221; class=&#8221;&#8221; id=&#8221;&#8221; animation_type=&#8221;&#8221; animation_direction=&#8221;left&#8221; animation_speed=&#8221;0.3&#8243; animation_offset=&#8221;&#8221;]https:\/\/www.bitacoracdmx.com\/wp-content\/uploads\/2022\/03\/b9904fb6-69ae-1048-95db-648ac798975d-300&#215;200.jpeg[\/fusion_imageframe][\/fusion_builder_column][\/fusion_builder_row][\/fusion_builder_container]<\/p>\n","protected":false},"excerpt":{"rendered":"<p>[fusion_builder_container hundred_percent=&#8221;no&#8221; equal_height_columns=&#8221;no&#8221; menu_anchor=&#8221;&#8221; hide_on_mobile=&#8221;small-visibility,medium-visibility,large-visibility&#8221; class=&#8221;&#8221; id=&#8221;&#8221; background_color=&#8221;&#8221; background_image=&#8221;&#8221; background_position=&#8221;center center&#8221; background_repeat=&#8221;no-repeat&#8221; fade=&#8221;no&#8221; background_parallax=&#8221;none&#8221; parallax_speed=&#8221;0.3&#8243; video_mp4=&#8221;&#8221; video_webm=&#8221;&#8221; video_ogv=&#8221;&#8221; video_url=&#8221;&#8221; video_aspect_ratio=&#8221;16:9&#8243; video_loop=&#8221;yes&#8221; video_mute=&#8221;yes&#8221; overlay_color=&#8221;&#8221; video_preview_image=&#8221;&#8221; border_size=&#8221;&#8221; border_color=&#8221;&#8221; border_style=&#8221;solid&#8221; padding_top=&#8221;&#8221; padding_bottom=&#8221;&#8221; padding_left=&#8221;&#8221; padding_right=&#8221;&#8221;][fusion_builder_row][fusion_builder_column type=&#8221;1_1&#8243; layout=&#8221;1_1&#8243; background_position=&#8221;left top&#8221; background_color=&#8221;&#8221; border_size=&#8221;&#8221; border_color=&#8221;&#8221; border_style=&#8221;solid&#8221; border_position=&#8221;all&#8221; spacing=&#8221;yes&#8221; background_image=&#8221;&#8221; background_repeat=&#8221;no-repeat&#8221; padding_top=&#8221;&#8221; padding_right=&#8221;&#8221; padding_bottom=&#8221;&#8221; padding_left=&#8221;&#8221; margin_top=&#8221;0px&#8221; margin_bottom=&#8221;0px&#8221; class=&#8221;&#8221; id=&#8221;&#8221; animation_type=&#8221;&#8221; animation_speed=&#8221;0.3&#8243; animation_direction=&#8221;left&#8221; hide_on_mobile=&#8221;small-visibility,medium-visibility,large-visibility&#8221; center_content=&#8221;no&#8221; last=&#8221;no&#8221; min_height=&#8221;&#8221; hover_type=&#8221;none&#8221; link=&#8221;&#8221;][fusion_text] REDACCI\u00d3N Cuenta atr\u00e1s para uno de los discos m\u00e1s esperados del a\u00f1o:\u00a0&#8220;RITUAL&#8221;\u00a0de\u00a0DORIAN\u00a0se publicar\u00e1 el\u00a0pr\u00f3ximo viernes 22 de abril,\u00a0pero antes, la banda barcelonesa llega con m\u00e1s munici\u00f3n en forma de m\u00fasica y v\u00eddeo.Se trata de\u00a0&#8220;No dejes que pase el tiempo&#8221;,\u00a0tema\u00a0de Dorian [&hellip;]<\/p>\n","protected":false},"author":1,"featured_media":43561,"comment_status":"open","ping_status":"open","sticky":false,"template":"","format":"standard","meta":{"footnotes":""},"categories":[9,11],"tags":[],"_links":{"self":[{"href":"https:\/\/www.bitacoracdmx.com\/index.php?rest_route=\/wp\/v2\/posts\/43560"}],"collection":[{"href":"https:\/\/www.bitacoracdmx.com\/index.php?rest_route=\/wp\/v2\/posts"}],"about":[{"href":"https:\/\/www.bitacoracdmx.com\/index.php?rest_route=\/wp\/v2\/types\/post"}],"author":[{"embeddable":true,"href":"https:\/\/www.bitacoracdmx.com\/index.php?rest_route=\/wp\/v2\/users\/1"}],"replies":[{"embeddable":true,"href":"https:\/\/www.bitacoracdmx.com\/index.php?rest_route=%2Fwp%2Fv2%2Fcomments&post=43560"}],"version-history":[{"count":1,"href":"https:\/\/www.bitacoracdmx.com\/index.php?rest_route=\/wp\/v2\/posts\/43560\/revisions"}],"predecessor-version":[{"id":43562,"href":"https:\/\/www.bitacoracdmx.com\/index.php?rest_route=\/wp\/v2\/posts\/43560\/revisions\/43562"}],"wp:featuredmedia":[{"embeddable":true,"href":"https:\/\/www.bitacoracdmx.com\/index.php?rest_route=\/wp\/v2\/media\/43561"}],"wp:attachment":[{"href":"https:\/\/www.bitacoracdmx.com\/index.php?rest_route=%2Fwp%2Fv2%2Fmedia&parent=43560"}],"wp:term":[{"taxonomy":"category","embeddable":true,"href":"https:\/\/www.bitacoracdmx.com\/index.php?rest_route=%2Fwp%2Fv2%2Fcategories&post=43560"},{"taxonomy":"post_tag","embeddable":true,"href":"https:\/\/www.bitacoracdmx.com\/index.php?rest_route=%2Fwp%2Fv2%2Ftags&post=43560"}],"curies":[{"name":"wp","href":"https:\/\/api.w.org\/{rel}","templated":true}]}}