{"id":43565,"date":"2022-03-25T03:45:31","date_gmt":"2022-03-25T03:45:31","guid":{"rendered":"https:\/\/www.bitacoracdmx.com\/?p=43565"},"modified":"2022-03-25T03:45:31","modified_gmt":"2022-03-25T03:45:31","slug":"seleccionan-a-mexico-como-anfitrion-del-primer-festival-de-la-uefa-champions-league-fuera-de-la-ciudad-sede","status":"publish","type":"post","link":"https:\/\/www.bitacoracdmx.com\/?p=43565","title":{"rendered":"Seleccionan a M\u00e9xico como anfitri\u00f3n del PRIMER FESTIVAL DE LA UEFA CHAMPIONS LEAGUE fuera de la ciudad sede"},"content":{"rendered":"<p>[fusion_builder_container hundred_percent=&#8221;no&#8221; equal_height_columns=&#8221;no&#8221; menu_anchor=&#8221;&#8221; hide_on_mobile=&#8221;small-visibility,medium-visibility,large-visibility&#8221; class=&#8221;&#8221; id=&#8221;&#8221; background_color=&#8221;&#8221; background_image=&#8221;&#8221; background_position=&#8221;center center&#8221; background_repeat=&#8221;no-repeat&#8221; fade=&#8221;no&#8221; background_parallax=&#8221;none&#8221; parallax_speed=&#8221;0.3&#8243; video_mp4=&#8221;&#8221; video_webm=&#8221;&#8221; video_ogv=&#8221;&#8221; video_url=&#8221;&#8221; video_aspect_ratio=&#8221;16:9&#8243; video_loop=&#8221;yes&#8221; video_mute=&#8221;yes&#8221; overlay_color=&#8221;&#8221; video_preview_image=&#8221;&#8221; border_size=&#8221;&#8221; border_color=&#8221;&#8221; border_style=&#8221;solid&#8221; padding_top=&#8221;&#8221; padding_bottom=&#8221;&#8221; padding_left=&#8221;&#8221; padding_right=&#8221;&#8221;][fusion_builder_row][fusion_builder_column type=&#8221;1_1&#8243; layout=&#8221;1_1&#8243; background_position=&#8221;left top&#8221; background_color=&#8221;&#8221; border_size=&#8221;&#8221; border_color=&#8221;&#8221; border_style=&#8221;solid&#8221; border_position=&#8221;all&#8221; spacing=&#8221;yes&#8221; background_image=&#8221;&#8221; background_repeat=&#8221;no-repeat&#8221; padding_top=&#8221;&#8221; padding_right=&#8221;&#8221; padding_bottom=&#8221;&#8221; padding_left=&#8221;&#8221; margin_top=&#8221;0px&#8221; margin_bottom=&#8221;0px&#8221; class=&#8221;&#8221; id=&#8221;&#8221; animation_type=&#8221;&#8221; animation_speed=&#8221;0.3&#8243; animation_direction=&#8221;left&#8221; hide_on_mobile=&#8221;small-visibility,medium-visibility,large-visibility&#8221; center_content=&#8221;no&#8221; last=&#8221;no&#8221; min_height=&#8221;&#8221; hover_type=&#8221;none&#8221; link=&#8221;&#8221;][fusion_text]<\/p>\n<p>REDACCI\u00d3N<\/p>\n<p><b><i>*La final de la Champions League a llevarse a cabo el 28 de mayo de 2022, en Paris, Francia, se transmitir\u00e1 en vivo en una pantalla gigante de 200 metros cuadrados en el reci\u00e9n renovado Estadio Ol\u00edmpico de la Ciudad de Quer\u00e9taro<\/i><\/b><\/p>\n<p><b>Santiago de Quer\u00e9taro, a 15 de marzo 2022.- Por primera vez en la historia, se llevar\u00e1 a cabo un Festival de la UEFA Champions League fuera de la ciudad sede y M\u00e9xico ser\u00e1 el pa\u00eds anfitri\u00f3n.<\/b><\/p>\n<p><b>La final de la Champions League a llevarse a cabo el 28 de mayo de 2022, en Paris, Francia, se transmitir\u00e1 en vivo en una pantalla gigante de 200 metros cuadrados en el reci\u00e9n renovado Estadio Ol\u00edmpico de la Ciudad de Quer\u00e9taro, como el evento principal del Primer Festival de la Champions League de la UEFA a realizarse, fuera de la ciudad sede.<\/b><\/p>\n<p><b>\u201cPara nosotros es un orgullo poder traer a nuestro pa\u00eds, un evento de esta magnitud y agradecemos a Quer\u00e9taro que nos abra las puertas de su reci\u00e9n renovado Estadio Ol\u00edmpico para ser la sede de este gran Champions League Fan Festival\u201d, coment\u00f3 Mauricio Torres, CEO &amp; Partner del Fan Festival Champions League de la UEFA.<\/b><\/p>\n<p><b>\u201cQuer\u00e9taro es uno de los estados del pa\u00eds con mayor reconocimiento internacional, es una ventana al mundo y por ello nos da un gusto enorme que se haya elegido a Quer\u00e9taro para albergar este festival y para ofrecer a sus visitantes, no solo un gran evento deportivo y de entretenimiento, sino una oportunidad para conocer uno de los destinos tur\u00edsticos con mayor riqueza cultural, reconocido por la UNESCO\u201d, coment\u00f3 Mauricio Kuri, Gobernador Constitucional del Estado de Quer\u00e9taro.<\/b><\/p>\n<p><b>Seg\u00fan anunciaron los organizadores, el Champions League Fan Festival M\u00e9xico a llevarse a cabo el 28 de mayo de 2022, contar\u00e1 con la presencia especial de \u00edconos del futbol como Roberto Carlos y Fernando Hierro, exjugadores del Real Madrid entre otras figuras que m\u00e1s adelante confirmar\u00e1n.<\/b><\/p>\n<p><b>Adem\u00e1s de la transmisi\u00f3n de la final de la Champions League, el Festival contar\u00e1 con m\u00e1s de 20 actividades relacionadas al futbol, tienda oficial de la Champions, \u00e1rea de comida, DJ\u2019s, celebraci\u00f3n 4D y show.<\/b><\/p>\n<p><b>La final de la Champions League es el evento deportivo anual con mayor cantidad de espectadores en el mundo y M\u00e9xico es un pa\u00eds con una gran afici\u00f3n, por lo que se espera una asistencia de m\u00e1s de 5 mil personas. El recinto contar\u00e1 con un \u00e1rea VIP con capacidad para 500 personas. Los boletos generales tendr\u00e1n un costo de 500 pesos y los VIP 3,500 pesos y podr\u00e1n ser adquiridos a partir del 15 de marzo en la plataforma\u00a0<a href=\"http:\/\/onetik.mx\/\" target=\"_blank\" rel=\"noopener noreferrer\" data-auth=\"NotApplicable\" data-linkindex=\"3\">ONETIK.MX<\/a>\u00a0o directamente en taquilla el d\u00eda del evento.<\/b><\/p>\n<p>[\/fusion_text][fusion_imageframe image_id=&#8221;43566|medium&#8221; max_width=&#8221;&#8221; style_type=&#8221;&#8221; blur=&#8221;&#8221; stylecolor=&#8221;&#8221; hover_type=&#8221;none&#8221; bordersize=&#8221;&#8221; bordercolor=&#8221;&#8221; borderradius=&#8221;&#8221; align=&#8221;none&#8221; lightbox=&#8221;no&#8221; gallery_id=&#8221;&#8221; lightbox_image=&#8221;&#8221; lightbox_image_id=&#8221;&#8221; alt=&#8221;&#8221; link=&#8221;&#8221; linktarget=&#8221;_self&#8221; hide_on_mobile=&#8221;small-visibility,medium-visibility,large-visibility&#8221; class=&#8221;&#8221; id=&#8221;&#8221; animation_type=&#8221;&#8221; animation_direction=&#8221;left&#8221; animation_speed=&#8221;0.3&#8243; animation_offset=&#8221;&#8221;]https:\/\/www.bitacoracdmx.com\/wp-content\/uploads\/2022\/03\/CHAMPIONS-SHOW&#8211;168&#215;300.jpeg[\/fusion_imageframe][\/fusion_builder_column][\/fusion_builder_row][\/fusion_builder_container]<\/p>\n","protected":false},"excerpt":{"rendered":"<p>[fusion_builder_container hundred_percent=&#8221;no&#8221; equal_height_columns=&#8221;no&#8221; menu_anchor=&#8221;&#8221; hide_on_mobile=&#8221;small-visibility,medium-visibility,large-visibility&#8221; class=&#8221;&#8221; id=&#8221;&#8221; background_color=&#8221;&#8221; background_image=&#8221;&#8221; background_position=&#8221;center center&#8221; background_repeat=&#8221;no-repeat&#8221; fade=&#8221;no&#8221; background_parallax=&#8221;none&#8221; parallax_speed=&#8221;0.3&#8243; video_mp4=&#8221;&#8221; video_webm=&#8221;&#8221; video_ogv=&#8221;&#8221; video_url=&#8221;&#8221; video_aspect_ratio=&#8221;16:9&#8243; video_loop=&#8221;yes&#8221; video_mute=&#8221;yes&#8221; overlay_color=&#8221;&#8221; video_preview_image=&#8221;&#8221; border_size=&#8221;&#8221; border_color=&#8221;&#8221; border_style=&#8221;solid&#8221; padding_top=&#8221;&#8221; padding_bottom=&#8221;&#8221; padding_left=&#8221;&#8221; padding_right=&#8221;&#8221;][fusion_builder_row][fusion_builder_column type=&#8221;1_1&#8243; layout=&#8221;1_1&#8243; background_position=&#8221;left top&#8221; background_color=&#8221;&#8221; border_size=&#8221;&#8221; border_color=&#8221;&#8221; border_style=&#8221;solid&#8221; border_position=&#8221;all&#8221; spacing=&#8221;yes&#8221; background_image=&#8221;&#8221; background_repeat=&#8221;no-repeat&#8221; padding_top=&#8221;&#8221; padding_right=&#8221;&#8221; padding_bottom=&#8221;&#8221; padding_left=&#8221;&#8221; margin_top=&#8221;0px&#8221; margin_bottom=&#8221;0px&#8221; class=&#8221;&#8221; id=&#8221;&#8221; animation_type=&#8221;&#8221; animation_speed=&#8221;0.3&#8243; animation_direction=&#8221;left&#8221; hide_on_mobile=&#8221;small-visibility,medium-visibility,large-visibility&#8221; center_content=&#8221;no&#8221; last=&#8221;no&#8221; min_height=&#8221;&#8221; hover_type=&#8221;none&#8221; link=&#8221;&#8221;][fusion_text] REDACCI\u00d3N *La final de la Champions League a llevarse a cabo el 28 de mayo de 2022, en Paris, Francia, se transmitir\u00e1 en vivo en una pantalla gigante de 200 metros cuadrados en el reci\u00e9n renovado Estadio Ol\u00edmpico de la [&hellip;]<\/p>\n","protected":false},"author":1,"featured_media":43566,"comment_status":"open","ping_status":"open","sticky":false,"template":"","format":"standard","meta":{"footnotes":""},"categories":[9],"tags":[],"_links":{"self":[{"href":"https:\/\/www.bitacoracdmx.com\/index.php?rest_route=\/wp\/v2\/posts\/43565"}],"collection":[{"href":"https:\/\/www.bitacoracdmx.com\/index.php?rest_route=\/wp\/v2\/posts"}],"about":[{"href":"https:\/\/www.bitacoracdmx.com\/index.php?rest_route=\/wp\/v2\/types\/post"}],"author":[{"embeddable":true,"href":"https:\/\/www.bitacoracdmx.com\/index.php?rest_route=\/wp\/v2\/users\/1"}],"replies":[{"embeddable":true,"href":"https:\/\/www.bitacoracdmx.com\/index.php?rest_route=%2Fwp%2Fv2%2Fcomments&post=43565"}],"version-history":[{"count":1,"href":"https:\/\/www.bitacoracdmx.com\/index.php?rest_route=\/wp\/v2\/posts\/43565\/revisions"}],"predecessor-version":[{"id":43567,"href":"https:\/\/www.bitacoracdmx.com\/index.php?rest_route=\/wp\/v2\/posts\/43565\/revisions\/43567"}],"wp:featuredmedia":[{"embeddable":true,"href":"https:\/\/www.bitacoracdmx.com\/index.php?rest_route=\/wp\/v2\/media\/43566"}],"wp:attachment":[{"href":"https:\/\/www.bitacoracdmx.com\/index.php?rest_route=%2Fwp%2Fv2%2Fmedia&parent=43565"}],"wp:term":[{"taxonomy":"category","embeddable":true,"href":"https:\/\/www.bitacoracdmx.com\/index.php?rest_route=%2Fwp%2Fv2%2Fcategories&post=43565"},{"taxonomy":"post_tag","embeddable":true,"href":"https:\/\/www.bitacoracdmx.com\/index.php?rest_route=%2Fwp%2Fv2%2Ftags&post=43565"}],"curies":[{"name":"wp","href":"https:\/\/api.w.org\/{rel}","templated":true}]}}